{"id":8790,"date":"2020-01-03T10:04:27","date_gmt":"2020-01-03T10:04:27","guid":{"rendered":"https:\/\/www.practicbcn.com\/el-31-de-gener-tindra-lloc-el-segon-exercici-dauxiliar-darxius-biblioteques-i-museus-nacional\/"},"modified":"2022-12-02T10:32:12","modified_gmt":"2022-12-02T10:32:12","slug":"segon-examen-auxiliar-museus","status":"publish","type":"post","link":"https:\/\/www.practicbcn.com\/ca\/segon-examen-auxiliar-museus\/","title":{"rendered":"El 31 de gener tindr\u00e0 lloc el segon exercici d&#8217;Auxiliar d&#8217;Arxius, Biblioteques i Museus Nacional"},"content":{"rendered":"<p>[et_pb_section fb_built=&#8221;1&#8243; _builder_version=&#8221;4.16&#8243; global_colors_info=&#8221;{}&#8221;][et_pb_row _builder_version=&#8221;4.16&#8243; global_colors_info=&#8221;{}&#8221;][et_pb_column type=&#8221;4_4&#8243; _builder_version=&#8221;4.16&#8243; global_colors_info=&#8221;{}&#8221;][et_pb_text _builder_version=&#8221;4.16&#8243; global_colors_info=&#8221;{}&#8221;]<\/p>\n<p class=\"p1\" style=\"text-align: justify;\"><span class=\"s1\" style=\"font-size: 12pt;\">Ja s&#8217;han publicat les relacions d&#8217;aprovats del primer exercici per a Auxiliars d&#8217;Arxius, Biblioteques i Museus de l&#8217;Estat. I amb elles, tots els detalls del <strong>segon examen auxiliar museus <\/strong>arxius i biblioteques. Continua llegint per a con\u00e8ixer tots els detalls del proc\u00e9s de selecci\u00f3 per a proveir 66 places de lliure acc\u00e9s, <a href=\"https:\/\/www.practicbcn.com\/ca\/convocatoria-arxius-biblioteques-i-museus\/\" target=\"_blank\" rel=\"noopener noreferrer\">convocades<\/a> el passat 29 de maig de 2019.<\/span><\/p>\n<p>&nbsp;<\/p>\n<p style=\"text-align: justify;\">[bctt tweet=&#8221;El Ministeri de Cultura publica les relacions d&#8217;aprovats del primer examen d&#8217;auxiliar d&#8217;arxius, biblioteques i museus, i anuncia la segona data d&#8217;examen. &#8221; username=&#8221;practicbcn&#8221;]<\/p>\n<p>&nbsp;<\/p>\n<h3 class=\"p1\" style=\"text-align: justify;\"><span class=\"s1\">Resultats del primer exercici<\/span><\/h3>\n<p>&nbsp;<\/p>\n<p class=\"p1\" style=\"text-align: justify;\"><span class=\"s1\" style=\"font-size: 12pt;\">Per a comprovar la nota obtinguda en el primer exercici que consistia en un test de coneixements de la mat\u00e8ria, heu de revisar la p\u00e0gina web oficial de l&#8217;organisme convocant. \u00c9s a dir, el Ministeri de Cultura i Esport. En ell, haureu d&#8217;entrar en la secci\u00f3 a la qual us heu presentat, i consultar les relacions d&#8217;aprovats, juntament amb la nota resultant.<\/span><\/p>\n<p>&nbsp;<\/p>\n<h2 class=\"p1\" style=\"text-align: justify;\"><span class=\"s1\">Segon examen auxiliar museus arxius i biblioteques<\/span><\/h2>\n<p>&nbsp;<\/p>\n<p class=\"p1\" style=\"text-align: justify;\"><span class=\"s1\" style=\"font-size: 12pt;\"><img loading=\"lazy\" decoding=\"async\" class=\"wp-image-8773  alignright\" src=\"https:\/\/www.practicbcn.com\/wp-content\/uploads\/2020\/01\/segon-examen-auxiliar-museus-300x192.png\" alt=\"segon examen auxiliar museus\" width=\"363\" height=\"232\" \/>Com us d\u00e8iem, en aquest mateix <a href=\"http:\/\/www.culturaydeporte.gob.es\/dam\/jcr:98d5311c-cbfd-4cac-854e-1f829f93bb16\/resolucion-aprobados-ejercicio1.pdf\" target=\"_blank\" rel=\"noopener noreferrer\">comunicat<\/a>, s&#8217;han indicat tamb\u00e9 tots els detalls del segon examen auxiliar museus arxius i biblioteques de la segona fase d&#8217;oposici\u00f3. \u00c9s a dir, la data, l&#8217;hora i el lloc en qu\u00e8 es realitzar\u00e0 l&#8217;exercici.<\/span><\/p>\n<p style=\"text-align: justify;\"><span style=\"font-size: 12pt;\">Aquest es produir\u00e0 el 31 de gener de 2020 en les diferents seus d&#8217;examen:<\/span><\/p>\n<ul style=\"text-align: justify;\">\n<li class=\"p1\" style=\"text-align: justify;\"><span class=\"s1\" style=\"font-size: 12pt;\">A l&#8217;auditori del Ministeri de Cultura (carrer Sant Marcos, 40), per a la secci\u00f3 Arxius i la secci\u00f3 <a href=\"https:\/\/www.practicbcn.com\/ca\/oposicions-auxiliar-biblioteques-museus\/\" target=\"_blank\" rel=\"noopener noreferrer\">Museus<\/a>. <\/span><\/li>\n<li class=\"p1\" style=\"text-align: justify;\"><span class=\"s1\" style=\"font-size: 12pt;\">A la pla\u00e7a del Rei, 1 (5a planta), per a la secci\u00f3 Biblioteques.<br \/><\/span><\/li>\n<\/ul>\n<p>&nbsp;<\/p>\n<p style=\"text-align: justify;\"><span class=\"s1\" style=\"font-size: 12pt;\">Aix\u00ed mateix, els candidats haureu de presentar-vos al lloc anunciat a les 17.30 hores amb un bol\u00edgraf blau o negre i DNI o document d&#8217;identitat v\u00e0lid.<\/span><\/p>\n<p style=\"text-align: justify;\"><span style=\"font-size: 12pt;\">D&#8217;altra banda, el segon examen auxiliar museus arxius i biblioteques es correspon amb la part pr\u00e0ctica. En concret, els aspirants a una de les 66 places haureu de superar, en una hora i mitja, un conjunt de tres casos pr\u00e0ctics, sobre el contingut del programa. Amb aix\u00f2, el Tribunal qualificador del proc\u00e9s selectiu podr\u00e0 valorar les capacitats i habilitats dels candidats per a l&#8217;acompliment de les funcions dels llocs convocats.<\/span><\/p>\n<p>&nbsp;<\/p>\n<h2 class=\"p1\" style=\"text-align: justify;\"><span class=\"s1\">M\u00e9s oportunitats en 2020<\/span><\/h2>\n<p>&nbsp;<\/p>\n<p style=\"text-align: justify;\">[bctt tweet=&#8221;Aquestes s\u00f3n les places pendents de convocar pel Ministeri de Cultura. Comen\u00e7a a preparar-te i aconsegueix una pla\u00e7a aquest 2020. &#8221; username=&#8221;practicbcn&#8221;]<\/p>\n<p>&nbsp;<\/p>\n<p class=\"p1\" style=\"text-align: justify;\"><span class=\"s1\" style=\"font-size: 12pt;\">Les 66 places que estan actualment en proc\u00e9s pertanyen a l&#8217;oferta d&#8217;ocupaci\u00f3 p\u00fablica de 2017. Pel que encara tens m\u00e9s oportunitats quan es convoquin les places ofertes en 2018 i 2019. Concretament:<\/span><\/p>\n<ul style=\"text-align: justify;\">\n<li><span style=\"font-size: 12pt; text-align: justify;\">73 places ofertes en l&#8217;OPO 2018.<\/span><\/li>\n<li><span style=\"font-size: 12pt;\">50 places ofertes en l&#8217;OPO 2019.<\/span><\/li>\n<\/ul>\n<p>&nbsp;<\/p>\n<p style=\"text-align: justify;\"><span style=\"font-size: 12pt;\">\u00c9s a dir, si vols\u00a0opositar\u00a0en pr\u00f2ximes convocat\u00f2ries per a ingressar en el Ministeri de Cultura com a auxiliar d&#8217;Arxius, <a href=\"https:\/\/www.practicbcn.com\/ca\/auxiliar-arxius-biblioteques-museus\/\" target=\"_blank\" rel=\"noopener noreferrer\">Biblioteques<\/a> o Museus, aquest 2020 \u00e9s el moment idoni per a comen\u00e7ar a preparar-te. A Practic Bcn disposem de tot el necessari per aconseguir-ho. Emplena el seg\u00fcent formulari i t&#8217;informarem de tot sense comprom\u00eds.<\/span><\/p>\n<p>[\/et_pb_text][\/et_pb_column][\/et_pb_row][\/et_pb_section][et_pb_section fb_built=&#8221;1&#8243; _builder_version=&#8221;4.16&#8243; _module_preset=&#8221;default&#8221; background_color=&#8221;#009aa5&#8243; min_height=&#8221;254.9px&#8221; custom_margin=&#8221;||||false|false&#8221; custom_padding=&#8221;0px||0px||true|false&#8221; top_divider_height_tablet=&#8221;&#8221; top_divider_height_phone=&#8221;&#8221; top_divider_height_last_edited=&#8221;on|phone&#8221; global_colors_info=&#8221;{}&#8221; global_module=&#8221;21501&#8243; locked=&#8221;off&#8221;][et_pb_row column_structure=&#8221;1_3,1_3,1_3&#8243; use_custom_gutter=&#8221;on&#8221; gutter_width=&#8221;1&#8243; make_equal=&#8221;on&#8221; _builder_version=&#8221;4.16&#8243; _module_preset=&#8221;default&#8221; width=&#8221;100%&#8221; max_width=&#8221;2560px&#8221; min_height=&#8221;257.9px&#8221; custom_margin=&#8221;||||false|false&#8221; custom_padding=&#8221;0px||0px||false|false&#8221; global_colors_info=&#8221;{}&#8221; theme_builder_area=&#8221;post_content&#8221;][et_pb_column type=&#8221;1_3&#8243; _builder_version=&#8221;4.16&#8243; _module_preset=&#8221;default&#8221; global_colors_info=&#8221;{}&#8221; theme_builder_area=&#8221;post_content&#8221;][et_pb_image src=&#8221;https:\/\/www.practicbcn.com\/wp-content\/uploads\/2021\/08\/circulo-06_2-06.png&#8221; alt=&#8221;practic-barcelona-oposiciones&#8221; title_text=&#8221;practic-barcelona-oposiciones&#8221; src_tablet=&#8221;https:\/\/www.practicbcn.com\/wp-content\/uploads\/2021\/09\/practic-barcelona-oposiciones.png&#8221; src_phone=&#8221;https:\/\/www.practicbcn.com\/wp-content\/uploads\/2021\/09\/practic-barcelona-oposiciones.png&#8221; src_last_edited=&#8221;on|tablet&#8221; _builder_version=&#8221;4.16&#8243; _module_preset=&#8221;default&#8221; custom_margin=&#8221;||||false|false&#8221; custom_margin_tablet=&#8221;||0px||false|false&#8221; custom_margin_phone=&#8221;||0px||false|false&#8221; custom_margin_last_edited=&#8221;on|tablet&#8221; global_colors_info=&#8221;{}&#8221; theme_builder_area=&#8221;post_content&#8221;][\/et_pb_image][\/et_pb_column][et_pb_column type=&#8221;1_3&#8243; _builder_version=&#8221;4.16&#8243; _module_preset=&#8221;default&#8221; global_colors_info=&#8221;{}&#8221; theme_builder_area=&#8221;post_content&#8221;][et_pb_text _builder_version=&#8221;4.19.1&#8243; _module_preset=&#8221;default&#8221; header_font=&#8221;Montserrat||||||||&#8221; header_2_font=&#8221;Montserrat|900|||||||&#8221; header_2_text_align=&#8221;center&#8221; header_2_text_color=&#8221;#FFFFFF&#8221; header_2_font_size=&#8221;50px&#8221; header_2_line_height=&#8221;1.2em&#8221; custom_margin=&#8221;105px|-63px|105px|-134px|true|false&#8221; custom_margin_tablet=&#8221;0px||0px||true|false&#8221; custom_margin_phone=&#8221;0px||0px||true|false&#8221; custom_margin_last_edited=&#8221;on|tablet&#8221; custom_padding=&#8221;|0px||||&#8221; header_2_font_size_tablet=&#8221;45px&#8221; header_2_font_size_phone=&#8221;40px&#8221; header_2_font_size_last_edited=&#8221;on|tablet&#8221; global_colors_info=&#8221;{}&#8221; theme_builder_area=&#8221;post_content&#8221;]<\/p>\n<h2 style=\"text-align: center;\">Consigue tu pla\u00e7a amb Practic<\/h2>\n<p>[\/et_pb_text][\/et_pb_column][et_pb_column type=&#8221;1_3&#8243; _builder_version=&#8221;4.16&#8243; _module_preset=&#8221;default&#8221; global_colors_info=&#8221;{}&#8221; theme_builder_area=&#8221;post_content&#8221;][et_pb_image src=&#8221;https:\/\/www.practicbcn.com\/wp-content\/uploads\/2021\/08\/LINEAS_2-07.png&#8221; alt=&#8221;Solicita informaci\u00f3n Practic Barcelona&#8221; title_text=&#8221;Solicita informaci\u00f3n Practic Barcelona&#8221; _builder_version=&#8221;4.16&#8243; _module_preset=&#8221;default&#8221; custom_margin=&#8221;37px||||false|false&#8221; custom_margin_tablet=&#8221;-50px||||false|false&#8221; custom_margin_phone=&#8221;-45px||||false|false&#8221; custom_margin_last_edited=&#8221;on|tablet&#8221; global_colors_info=&#8221;{}&#8221; theme_builder_area=&#8221;post_content&#8221;][\/et_pb_image][\/et_pb_column][\/et_pb_row][\/et_pb_section][et_pb_section fb_built=&#8221;1&#8243; admin_label=&#8221;Formulario&#8221; _builder_version=&#8221;4.16&#8243; _module_preset=&#8221;default&#8221; min_height=&#8221;335.1px&#8221; custom_padding=&#8221;0px||0px||true|false&#8221; global_colors_info=&#8221;{}&#8221; global_module=&#8221;21499&#8243; locked=&#8221;off&#8221;][et_pb_row custom_padding_last_edited=&#8221;on|phone&#8221; _builder_version=&#8221;4.16&#8243; _module_preset=&#8221;default&#8221; width_tablet=&#8221;90%&#8221; width_phone=&#8221;90%&#8221; width_last_edited=&#8221;on|phone&#8221; custom_padding_tablet=&#8221;&#8221; custom_padding_phone=&#8221;0px||0px||true|false&#8221; global_colors_info=&#8221;{}&#8221; theme_builder_area=&#8221;post_content&#8221;][et_pb_column type=&#8221;4_4&#8243; _builder_version=&#8221;4.16&#8243; _module_preset=&#8221;default&#8221; global_colors_info=&#8221;{}&#8221; theme_builder_area=&#8221;post_content&#8221;][et_pb_text _builder_version=&#8221;4.16&#8243; _module_preset=&#8221;default&#8221; text_font=&#8221;Montserrat|900|||||||&#8221; text_text_color=&#8221;#009aa5&#8243; text_font_size=&#8221;48px&#8221; text_line_height=&#8221;1.2em&#8221; header_2_font=&#8221;Montserrat|900|||||||&#8221; header_2_text_color=&#8221;#009aa5&#8243; header_2_font_size=&#8221;46px&#8221; text_orientation=&#8221;center&#8221; text_font_size_tablet=&#8221;&#8221; text_font_size_phone=&#8221;23px&#8221; text_font_size_last_edited=&#8221;on|phone&#8221; global_colors_info=&#8221;{}&#8221; theme_builder_area=&#8221;post_content&#8221;]<\/p>\n<p>Sol\u00b7licita informaci\u00f3 gratu\u00efta i sense comprom\u00eds<\/p>\n<p>[\/et_pb_text][\/et_pb_column][\/et_pb_row][et_pb_row _builder_version=&#8221;4.16&#8243; _module_preset=&#8221;default&#8221; width_tablet=&#8221;&#8221; width_phone=&#8221;100%&#8221; width_last_edited=&#8221;on|phone&#8221; border_color_all=&#8221;#000000&#8243; global_colors_info=&#8221;{}&#8221; theme_builder_area=&#8221;post_content&#8221;][et_pb_column type=&#8221;4_4&#8243; _builder_version=&#8221;4.16&#8243; _module_preset=&#8221;default&#8221; global_colors_info=&#8221;{}&#8221; theme_builder_area=&#8221;post_content&#8221;][et_pb_code _builder_version=&#8221;4.16&#8243; _module_preset=&#8221;default&#8221; text_orientation=&#8221;center&#8221; global_colors_info=&#8221;{}&#8221; theme_builder_area=&#8221;post_content&#8221;]<iframe loading=\"lazy\" src=\"https:\/\/www.practicbcn.com\/formulario2\/form2_cat.php\" width=\"400\" height=\"650\" frameborder=\"0\" scrolling=\"no\"><\/iframe>[\/et_pb_code][et_pb_toggle title=&#8221;RGPD Llei de Protecci\u00f3 de Dades&#8221; open_toggle_text_color=&#8221;#000000&#8243; open_toggle_background_color=&#8221;#ffffff&#8221; closed_toggle_text_color=&#8221;#000000&#8243; closed_toggle_background_color=&#8221;#ffffff&#8221; icon_color=&#8221;#5499A3&#8243; open_icon_color=&#8221;#5499A3&#8243; disabled_on=&#8221;off|off|off&#8221; _builder_version=&#8221;4.16&#8243; title_text_color=&#8221;#000000&#8243; body_text_color=&#8221;#000000&#8243; custom_margin_tablet=&#8221;&#8221; custom_margin_phone=&#8221;|20px||20px|false|true&#8221; custom_margin_last_edited=&#8221;on|phone&#8221; custom_padding_tablet=&#8221;&#8221; custom_padding_phone=&#8221;||||false|false&#8221; custom_padding_last_edited=&#8221;on|phone&#8221; z_index_tablet=&#8221;500&#8243; title_text_shadow_horizontal_length_tablet=&#8221;0px&#8221; title_text_shadow_vertical_length_tablet=&#8221;0px&#8221; title_text_shadow_blur_strength_tablet=&#8221;1px&#8221; closed_title_text_shadow_horizontal_length_tablet=&#8221;0px&#8221; closed_title_text_shadow_vertical_length_tablet=&#8221;0px&#8221; closed_title_text_shadow_blur_strength_tablet=&#8221;1px&#8221; body_text_shadow_horizontal_length_tablet=&#8221;0px&#8221; body_text_shadow_vertical_length_tablet=&#8221;0px&#8221; body_text_shadow_blur_strength_tablet=&#8221;1px&#8221; body_link_text_shadow_horizontal_length_tablet=&#8221;0px&#8221; body_link_text_shadow_vertical_length_tablet=&#8221;0px&#8221; body_link_text_shadow_blur_strength_tablet=&#8221;1px&#8221; body_ul_text_shadow_horizontal_length_tablet=&#8221;0px&#8221; body_ul_text_shadow_vertical_length_tablet=&#8221;0px&#8221; body_ul_text_shadow_blur_strength_tablet=&#8221;1px&#8221; body_ol_text_shadow_horizontal_length_tablet=&#8221;0px&#8221; body_ol_text_shadow_vertical_length_tablet=&#8221;0px&#8221; body_ol_text_shadow_blur_strength_tablet=&#8221;1px&#8221; body_quote_text_shadow_horizontal_length_tablet=&#8221;0px&#8221; body_quote_text_shadow_vertical_length_tablet=&#8221;0px&#8221; body_quote_text_shadow_blur_strength_tablet=&#8221;1px&#8221; border_color_all=&#8221;#000000&#8243; box_shadow_horizontal_tablet=&#8221;0px&#8221; box_shadow_vertical_tablet=&#8221;0px&#8221; box_shadow_blur_tablet=&#8221;40px&#8221; box_shadow_spread_tablet=&#8221;0px&#8221; text_shadow_horizontal_length_tablet=&#8221;0px&#8221; text_shadow_vertical_length_tablet=&#8221;0px&#8221; text_shadow_blur_strength_tablet=&#8221;1px&#8221; global_colors_info=&#8221;{}&#8221; theme_builder_area=&#8221;post_content&#8221;]<\/p>\n<p>COMPLIMENT LLEI DE PROTECCI\u00d3 DE DADES 2018 RPGD<br \/>Responsable: CENTRE FORMATIU PRACTIC UNIC BCN 774 , S.L.U CIF: B87963914<br \/>Finalitat: Proporcionar informaci\u00f3 sobre els nostres serveis.<br \/>Legitimaci\u00f3: Consentiment de l&#8217;interessat.<br \/>Destinataris: No se cediran dades a tercers, excepte obligaci\u00f3 legal.<br \/>Drets: Accedir, rectificar, suprimir les dades i altres drets, com s&#8217;explica en la informaci\u00f3 addicional.<br \/>Informaci\u00f3 addicional: <a href=\"https:\/\/www.practicbcn.com\/aviso-legal-rgpd\/\">Pol\u00edtica de privacitat i RGPD<\/a>.<\/p>\n<p>[\/et_pb_toggle][\/et_pb_column][\/et_pb_row][\/et_pb_section]<\/p>\n","protected":false},"excerpt":{"rendered":"<p>Si est\u00e0s opositant per aconseguir una de les 66 places com a Auxiliar d&#8217;arxius, biblioteques i museus, ja pots comprovar les llistes d&#8217;aprovats i la data en la qual tindr\u00e0 lloc el segon exercici de la fase d&#8217;oposici\u00f3. Entra en el nostre blog per a con\u00e8ixer tots els detalls de l&#8217;examen.<\/p>\n","protected":false},"author":3,"featured_media":8773,"comment_status":"closed","ping_status":"closed","sticky":false,"template":"","format":"standard","meta":{"_et_pb_use_builder":"on","_et_pb_old_content":"","_et_gb_content_width":"","footnotes":""},"categories":[221],"tags":[],"class_list":["post-8790","post","type-post","status-publish","format-standard","has-post-thumbnail","hentry","category-noticies"],"yoast_head":"<!-- This site is optimized with the Yoast SEO Premium plugin v22.8 (Yoast SEO v27.2) - https:\/\/yoast.com\/product\/yoast-seo-premium-wordpress\/ -->\n<title>segon examen auxiliar museus \u226b Consulta les relacions d&#039;aprovats<\/title>\n<meta name=\"description\" content=\"segon examen auxiliar museus ? El segon exercici per a obtenir una de les 66 places d&#039;auxiliar d&#039;arxius, biblioteques i museus ja t\u00e9 data.\" \/>\n<meta name=\"robots\" content=\"index, follow, max-snippet:-1, max-image-preview:large, max-video-preview:-1\" \/>\n<link rel=\"canonical\" href=\"https:\/\/www.practicbcn.com\/ca\/segon-examen-auxiliar-museus\/\" \/>\n<meta property=\"og:locale\" content=\"ca_ES\" \/>\n<meta property=\"og:type\" content=\"article\" \/>\n<meta property=\"og:title\" content=\"El 31 de gener tindr\u00e0 lloc el segon exercici d&#039;Auxiliar d&#039;Arxius, Biblioteques i Museus Nacional\" \/>\n<meta property=\"og:description\" content=\"segon examen auxiliar museus ? El segon exercici per a obtenir una de les 66 places d&#039;auxiliar d&#039;arxius, biblioteques i museus ja t\u00e9 data.\" \/>\n<meta property=\"og:url\" content=\"https:\/\/www.practicbcn.com\/ca\/segon-examen-auxiliar-museus\/\" \/>\n<meta property=\"og:site_name\" content=\"academia oposiciones Barcelona\" \/>\n<meta property=\"article:published_time\" content=\"2020-01-03T10:04:27+00:00\" \/>\n<meta property=\"article:modified_time\" content=\"2022-12-02T10:32:12+00:00\" \/>\n<meta property=\"og:image\" content=\"https:\/\/www.practicbcn.com\/wp-content\/uploads\/2020\/01\/segon-examen-auxiliar-museus.png\" \/>\n\t<meta property=\"og:image:width\" content=\"500\" \/>\n\t<meta property=\"og:image:height\" content=\"320\" \/>\n\t<meta property=\"og:image:type\" content=\"image\/png\" \/>\n<meta name=\"author\" content=\"cantu\" \/>\n<meta name=\"twitter:card\" content=\"summary_large_image\" \/>\n<meta name=\"twitter:label1\" content=\"Escrit per\" \/>\n\t<meta name=\"twitter:data1\" content=\"cantu\" \/>\n\t<meta name=\"twitter:label2\" content=\"Temps estimat de lectura\" \/>\n\t<meta name=\"twitter:data2\" content=\"8 minuts\" \/>\n<script type=\"application\/ld+json\" class=\"yoast-schema-graph\">{\"@context\":\"https:\/\/schema.org\",\"@graph\":[{\"@type\":\"Article\",\"@id\":\"https:\/\/www.practicbcn.com\/ca\/segon-examen-auxiliar-museus\/#article\",\"isPartOf\":{\"@id\":\"https:\/\/www.practicbcn.com\/ca\/segon-examen-auxiliar-museus\/\"},\"author\":{\"name\":\"cantu\",\"@id\":\"https:\/\/www.practicbcn.com\/ca\/#\/schema\/person\/b1bf6fae906bb2caf24a3ed0699b35a1\"},\"headline\":\"El 31 de gener tindr\u00e0 lloc el segon exercici d&#8217;Auxiliar d&#8217;Arxius, Biblioteques i Museus Nacional\",\"datePublished\":\"2020-01-03T10:04:27+00:00\",\"dateModified\":\"2022-12-02T10:32:12+00:00\",\"mainEntityOfPage\":{\"@id\":\"https:\/\/www.practicbcn.com\/ca\/segon-examen-auxiliar-museus\/\"},\"wordCount\":1544,\"publisher\":{\"@id\":\"https:\/\/www.practicbcn.com\/ca\/#organization\"},\"image\":{\"@id\":\"https:\/\/www.practicbcn.com\/ca\/segon-examen-auxiliar-museus\/#primaryimage\"},\"thumbnailUrl\":\"https:\/\/www.practicbcn.com\/wp-content\/uploads\/2020\/01\/segon-examen-auxiliar-museus.png\",\"articleSection\":[\"noticies\"],\"inLanguage\":\"ca\"},{\"@type\":\"WebPage\",\"@id\":\"https:\/\/www.practicbcn.com\/ca\/segon-examen-auxiliar-museus\/\",\"url\":\"https:\/\/www.practicbcn.com\/ca\/segon-examen-auxiliar-museus\/\",\"name\":\"segon examen auxiliar museus \u226b Consulta les relacions d'aprovats\",\"isPartOf\":{\"@id\":\"https:\/\/www.practicbcn.com\/ca\/#website\"},\"primaryImageOfPage\":{\"@id\":\"https:\/\/www.practicbcn.com\/ca\/segon-examen-auxiliar-museus\/#primaryimage\"},\"image\":{\"@id\":\"https:\/\/www.practicbcn.com\/ca\/segon-examen-auxiliar-museus\/#primaryimage\"},\"thumbnailUrl\":\"https:\/\/www.practicbcn.com\/wp-content\/uploads\/2020\/01\/segon-examen-auxiliar-museus.png\",\"datePublished\":\"2020-01-03T10:04:27+00:00\",\"dateModified\":\"2022-12-02T10:32:12+00:00\",\"description\":\"segon examen auxiliar museus ? El segon exercici per a obtenir una de les 66 places d'auxiliar d'arxius, biblioteques i museus ja t\u00e9 data.\",\"breadcrumb\":{\"@id\":\"https:\/\/www.practicbcn.com\/ca\/segon-examen-auxiliar-museus\/#breadcrumb\"},\"inLanguage\":\"ca\",\"potentialAction\":[{\"@type\":\"ReadAction\",\"target\":[\"https:\/\/www.practicbcn.com\/ca\/segon-examen-auxiliar-museus\/\"]}]},{\"@type\":\"ImageObject\",\"inLanguage\":\"ca\",\"@id\":\"https:\/\/www.practicbcn.com\/ca\/segon-examen-auxiliar-museus\/#primaryimage\",\"url\":\"https:\/\/www.practicbcn.com\/wp-content\/uploads\/2020\/01\/segon-examen-auxiliar-museus.png\",\"contentUrl\":\"https:\/\/www.practicbcn.com\/wp-content\/uploads\/2020\/01\/segon-examen-auxiliar-museus.png\",\"width\":500,\"height\":320,\"caption\":\"segon examen auxiliar museus\"},{\"@type\":\"BreadcrumbList\",\"@id\":\"https:\/\/www.practicbcn.com\/ca\/segon-examen-auxiliar-museus\/#breadcrumb\",\"itemListElement\":[{\"@type\":\"ListItem\",\"position\":1,\"name\":\"Portada\",\"item\":\"https:\/\/www.practicbcn.com\/ca\/\"},{\"@type\":\"ListItem\",\"position\":2,\"name\":\"El 31 de gener tindr\u00e0 lloc el segon exercici d&#8217;Auxiliar d&#8217;Arxius, Biblioteques i Museus Nacional\"}]},{\"@type\":\"WebSite\",\"@id\":\"https:\/\/www.practicbcn.com\/ca\/#website\",\"url\":\"https:\/\/www.practicbcn.com\/ca\/\",\"name\":\"academia oposiciones Barcelona\",\"description\":\"academia oposiciones Barcelona PracticBCN Preparaci\u00f3n de opositores\",\"publisher\":{\"@id\":\"https:\/\/www.practicbcn.com\/ca\/#organization\"},\"potentialAction\":[{\"@type\":\"SearchAction\",\"target\":{\"@type\":\"EntryPoint\",\"urlTemplate\":\"https:\/\/www.practicbcn.com\/ca\/?s={search_term_string}\"},\"query-input\":{\"@type\":\"PropertyValueSpecification\",\"valueRequired\":true,\"valueName\":\"search_term_string\"}}],\"inLanguage\":\"ca\"},{\"@type\":\"Organization\",\"@id\":\"https:\/\/www.practicbcn.com\/ca\/#organization\",\"name\":\"Practic BCN\",\"url\":\"https:\/\/www.practicbcn.com\/ca\/\",\"logo\":{\"@type\":\"ImageObject\",\"inLanguage\":\"ca\",\"@id\":\"https:\/\/www.practicbcn.com\/ca\/#\/schema\/logo\/image\/\",\"url\":\"https:\/\/www.practicbcn.com\/wp-content\/uploads\/2018\/01\/LOGO-PRACTIC.jpg\",\"contentUrl\":\"https:\/\/www.practicbcn.com\/wp-content\/uploads\/2018\/01\/LOGO-PRACTIC.jpg\",\"width\":679,\"height\":676,\"caption\":\"Practic BCN\"},\"image\":{\"@id\":\"https:\/\/www.practicbcn.com\/ca\/#\/schema\/logo\/image\/\"}},{\"@type\":\"Person\",\"@id\":\"https:\/\/www.practicbcn.com\/ca\/#\/schema\/person\/b1bf6fae906bb2caf24a3ed0699b35a1\",\"name\":\"cantu\",\"image\":{\"@type\":\"ImageObject\",\"inLanguage\":\"ca\",\"@id\":\"https:\/\/secure.gravatar.com\/avatar\/9bf69246e68f8fa9721cc29ec236bd9daee6f76dfca26b3ddd7625676a5c2f9c?s=96&d=mm&r=g\",\"url\":\"https:\/\/secure.gravatar.com\/avatar\/9bf69246e68f8fa9721cc29ec236bd9daee6f76dfca26b3ddd7625676a5c2f9c?s=96&d=mm&r=g\",\"contentUrl\":\"https:\/\/secure.gravatar.com\/avatar\/9bf69246e68f8fa9721cc29ec236bd9daee6f76dfca26b3ddd7625676a5c2f9c?s=96&d=mm&r=g\",\"caption\":\"cantu\"}}]}<\/script>\n<!-- \/ Yoast SEO Premium plugin. -->","yoast_head_json":{"title":"segon examen auxiliar museus \u226b Consulta les relacions d'aprovats","description":"segon examen auxiliar museus ? El segon exercici per a obtenir una de les 66 places d'auxiliar d'arxius, biblioteques i museus ja t\u00e9 data.","robots":{"index":"index","follow":"follow","max-snippet":"max-snippet:-1","max-image-preview":"max-image-preview:large","max-video-preview":"max-video-preview:-1"},"canonical":"https:\/\/www.practicbcn.com\/ca\/segon-examen-auxiliar-museus\/","og_locale":"ca_ES","og_type":"article","og_title":"El 31 de gener tindr\u00e0 lloc el segon exercici d'Auxiliar d'Arxius, Biblioteques i Museus Nacional","og_description":"segon examen auxiliar museus ? El segon exercici per a obtenir una de les 66 places d'auxiliar d'arxius, biblioteques i museus ja t\u00e9 data.","og_url":"https:\/\/www.practicbcn.com\/ca\/segon-examen-auxiliar-museus\/","og_site_name":"academia oposiciones Barcelona","article_published_time":"2020-01-03T10:04:27+00:00","article_modified_time":"2022-12-02T10:32:12+00:00","og_image":[{"width":500,"height":320,"url":"https:\/\/www.practicbcn.com\/wp-content\/uploads\/2020\/01\/segon-examen-auxiliar-museus.png","type":"image\/png"}],"author":"cantu","twitter_card":"summary_large_image","twitter_misc":{"Escrit per":"cantu","Temps estimat de lectura":"8 minuts"},"schema":{"@context":"https:\/\/schema.org","@graph":[{"@type":"Article","@id":"https:\/\/www.practicbcn.com\/ca\/segon-examen-auxiliar-museus\/#article","isPartOf":{"@id":"https:\/\/www.practicbcn.com\/ca\/segon-examen-auxiliar-museus\/"},"author":{"name":"cantu","@id":"https:\/\/www.practicbcn.com\/ca\/#\/schema\/person\/b1bf6fae906bb2caf24a3ed0699b35a1"},"headline":"El 31 de gener tindr\u00e0 lloc el segon exercici d&#8217;Auxiliar d&#8217;Arxius, Biblioteques i Museus Nacional","datePublished":"2020-01-03T10:04:27+00:00","dateModified":"2022-12-02T10:32:12+00:00","mainEntityOfPage":{"@id":"https:\/\/www.practicbcn.com\/ca\/segon-examen-auxiliar-museus\/"},"wordCount":1544,"publisher":{"@id":"https:\/\/www.practicbcn.com\/ca\/#organization"},"image":{"@id":"https:\/\/www.practicbcn.com\/ca\/segon-examen-auxiliar-museus\/#primaryimage"},"thumbnailUrl":"https:\/\/www.practicbcn.com\/wp-content\/uploads\/2020\/01\/segon-examen-auxiliar-museus.png","articleSection":["noticies"],"inLanguage":"ca"},{"@type":"WebPage","@id":"https:\/\/www.practicbcn.com\/ca\/segon-examen-auxiliar-museus\/","url":"https:\/\/www.practicbcn.com\/ca\/segon-examen-auxiliar-museus\/","name":"segon examen auxiliar museus \u226b Consulta les relacions d'aprovats","isPartOf":{"@id":"https:\/\/www.practicbcn.com\/ca\/#website"},"primaryImageOfPage":{"@id":"https:\/\/www.practicbcn.com\/ca\/segon-examen-auxiliar-museus\/#primaryimage"},"image":{"@id":"https:\/\/www.practicbcn.com\/ca\/segon-examen-auxiliar-museus\/#primaryimage"},"thumbnailUrl":"https:\/\/www.practicbcn.com\/wp-content\/uploads\/2020\/01\/segon-examen-auxiliar-museus.png","datePublished":"2020-01-03T10:04:27+00:00","dateModified":"2022-12-02T10:32:12+00:00","description":"segon examen auxiliar museus ? El segon exercici per a obtenir una de les 66 places d'auxiliar d'arxius, biblioteques i museus ja t\u00e9 data.","breadcrumb":{"@id":"https:\/\/www.practicbcn.com\/ca\/segon-examen-auxiliar-museus\/#breadcrumb"},"inLanguage":"ca","potentialAction":[{"@type":"ReadAction","target":["https:\/\/www.practicbcn.com\/ca\/segon-examen-auxiliar-museus\/"]}]},{"@type":"ImageObject","inLanguage":"ca","@id":"https:\/\/www.practicbcn.com\/ca\/segon-examen-auxiliar-museus\/#primaryimage","url":"https:\/\/www.practicbcn.com\/wp-content\/uploads\/2020\/01\/segon-examen-auxiliar-museus.png","contentUrl":"https:\/\/www.practicbcn.com\/wp-content\/uploads\/2020\/01\/segon-examen-auxiliar-museus.png","width":500,"height":320,"caption":"segon examen auxiliar museus"},{"@type":"BreadcrumbList","@id":"https:\/\/www.practicbcn.com\/ca\/segon-examen-auxiliar-museus\/#breadcrumb","itemListElement":[{"@type":"ListItem","position":1,"name":"Portada","item":"https:\/\/www.practicbcn.com\/ca\/"},{"@type":"ListItem","position":2,"name":"El 31 de gener tindr\u00e0 lloc el segon exercici d&#8217;Auxiliar d&#8217;Arxius, Biblioteques i Museus Nacional"}]},{"@type":"WebSite","@id":"https:\/\/www.practicbcn.com\/ca\/#website","url":"https:\/\/www.practicbcn.com\/ca\/","name":"academia oposiciones Barcelona","description":"academia oposiciones Barcelona PracticBCN Preparaci\u00f3n de opositores","publisher":{"@id":"https:\/\/www.practicbcn.com\/ca\/#organization"},"potentialAction":[{"@type":"SearchAction","target":{"@type":"EntryPoint","urlTemplate":"https:\/\/www.practicbcn.com\/ca\/?s={search_term_string}"},"query-input":{"@type":"PropertyValueSpecification","valueRequired":true,"valueName":"search_term_string"}}],"inLanguage":"ca"},{"@type":"Organization","@id":"https:\/\/www.practicbcn.com\/ca\/#organization","name":"Practic BCN","url":"https:\/\/www.practicbcn.com\/ca\/","logo":{"@type":"ImageObject","inLanguage":"ca","@id":"https:\/\/www.practicbcn.com\/ca\/#\/schema\/logo\/image\/","url":"https:\/\/www.practicbcn.com\/wp-content\/uploads\/2018\/01\/LOGO-PRACTIC.jpg","contentUrl":"https:\/\/www.practicbcn.com\/wp-content\/uploads\/2018\/01\/LOGO-PRACTIC.jpg","width":679,"height":676,"caption":"Practic BCN"},"image":{"@id":"https:\/\/www.practicbcn.com\/ca\/#\/schema\/logo\/image\/"}},{"@type":"Person","@id":"https:\/\/www.practicbcn.com\/ca\/#\/schema\/person\/b1bf6fae906bb2caf24a3ed0699b35a1","name":"cantu","image":{"@type":"ImageObject","inLanguage":"ca","@id":"https:\/\/secure.gravatar.com\/avatar\/9bf69246e68f8fa9721cc29ec236bd9daee6f76dfca26b3ddd7625676a5c2f9c?s=96&d=mm&r=g","url":"https:\/\/secure.gravatar.com\/avatar\/9bf69246e68f8fa9721cc29ec236bd9daee6f76dfca26b3ddd7625676a5c2f9c?s=96&d=mm&r=g","contentUrl":"https:\/\/secure.gravatar.com\/avatar\/9bf69246e68f8fa9721cc29ec236bd9daee6f76dfca26b3ddd7625676a5c2f9c?s=96&d=mm&r=g","caption":"cantu"}}]}},"_links":{"self":[{"href":"https:\/\/www.practicbcn.com\/ca\/wp-json\/wp\/v2\/posts\/8790","targetHints":{"allow":["GET"]}}],"collection":[{"href":"https:\/\/www.practicbcn.com\/ca\/wp-json\/wp\/v2\/posts"}],"about":[{"href":"https:\/\/www.practicbcn.com\/ca\/wp-json\/wp\/v2\/types\/post"}],"author":[{"embeddable":true,"href":"https:\/\/www.practicbcn.com\/ca\/wp-json\/wp\/v2\/users\/3"}],"replies":[{"embeddable":true,"href":"https:\/\/www.practicbcn.com\/ca\/wp-json\/wp\/v2\/comments?post=8790"}],"version-history":[{"count":0,"href":"https:\/\/www.practicbcn.com\/ca\/wp-json\/wp\/v2\/posts\/8790\/revisions"}],"wp:featuredmedia":[{"embeddable":true,"href":"https:\/\/www.practicbcn.com\/ca\/wp-json\/wp\/v2\/media\/8773"}],"wp:attachment":[{"href":"https:\/\/www.practicbcn.com\/ca\/wp-json\/wp\/v2\/media?parent=8790"}],"wp:term":[{"taxonomy":"category","embeddable":true,"href":"https:\/\/www.practicbcn.com\/ca\/wp-json\/wp\/v2\/categories?post=8790"},{"taxonomy":"post_tag","embeddable":true,"href":"https:\/\/www.practicbcn.com\/ca\/wp-json\/wp\/v2\/tags?post=8790"}],"curies":[{"name":"wp","href":"https:\/\/api.w.org\/{rel}","templated":true}]}}