{"id":3812,"date":"2019-05-29T14:44:29","date_gmt":"2019-05-29T14:44:29","guid":{"rendered":"https:\/\/www.practicbcn.com\/oberta-convocatoria-per-a-auxiliar-darxius-biblioteques-i-museus-de-lestat\/"},"modified":"2023-11-21T08:33:17","modified_gmt":"2023-11-21T08:33:17","slug":"convocatoria-arxius-biblioteques-i-museus","status":"publish","type":"post","link":"https:\/\/www.practicbcn.com\/ca\/convocatoria-arxius-biblioteques-i-museus\/","title":{"rendered":"Oberta convocat\u00f2ria per a Auxiliar d&#8217;Arxius, Biblioteques i Museus de l&#8217;Estat"},"content":{"rendered":"<p>[et_pb_section bb_built=&#8221;1&#8243; next_background_color=&#8221;#000000&#8243; inner_width=&#8221;auto&#8221; inner_max_width=&#8221;none&#8221;][et_pb_row][et_pb_column type=&#8221;4_4&#8243;][et_pb_text _builder_version=&#8221;3.23.3&#8243; text_text_shadow_horizontal_length=&#8221;text_text_shadow_style,%91object Object%93&#8243; text_text_shadow_horizontal_length_tablet=&#8221;0px&#8221; text_text_shadow_vertical_length=&#8221;text_text_shadow_style,%91object Object%93&#8243; text_text_shadow_vertical_length_tablet=&#8221;0px&#8221; text_text_shadow_blur_strength=&#8221;text_text_shadow_style,%91object Object%93&#8243; text_text_shadow_blur_strength_tablet=&#8221;1px&#8221; link_text_shadow_horizontal_length=&#8221;link_text_shadow_style,%91object Object%93&#8243; link_text_shadow_horizontal_length_tablet=&#8221;0px&#8221; link_text_shadow_vertical_length=&#8221;link_text_shadow_style,%91object Object%93&#8243; link_text_shadow_vertical_length_tablet=&#8221;0px&#8221; link_text_shadow_blur_strength=&#8221;link_text_shadow_style,%91object Object%93&#8243; link_text_shadow_blur_strength_tablet=&#8221;1px&#8221; ul_text_shadow_horizontal_length=&#8221;ul_text_shadow_style,%91object Object%93&#8243; ul_text_shadow_horizontal_length_tablet=&#8221;0px&#8221; ul_text_shadow_vertical_length=&#8221;ul_text_shadow_style,%91object Object%93&#8243; ul_text_shadow_vertical_length_tablet=&#8221;0px&#8221; ul_text_shadow_blur_strength=&#8221;ul_text_shadow_style,%91object Object%93&#8243; ul_text_shadow_blur_strength_tablet=&#8221;1px&#8221; ol_text_shadow_horizontal_length=&#8221;ol_text_shadow_style,%91object Object%93&#8243; ol_text_shadow_horizontal_length_tablet=&#8221;0px&#8221; ol_text_shadow_vertical_length=&#8221;ol_text_shadow_style,%91object Object%93&#8243; ol_text_shadow_vertical_length_tablet=&#8221;0px&#8221; ol_text_shadow_blur_strength=&#8221;ol_text_shadow_style,%91object Object%93&#8243; ol_text_shadow_blur_strength_tablet=&#8221;1px&#8221; quote_text_shadow_horizontal_length=&#8221;quote_text_shadow_style,%91object Object%93&#8243; quote_text_shadow_horizontal_length_tablet=&#8221;0px&#8221; quote_text_shadow_vertical_length=&#8221;quote_text_shadow_style,%91object Object%93&#8243; quote_text_shadow_vertical_length_tablet=&#8221;0px&#8221; quote_text_shadow_blur_strength=&#8221;quote_text_shadow_style,%91object Object%93&#8243; quote_text_shadow_blur_strength_tablet=&#8221;1px&#8221; header_text_shadow_horizontal_length=&#8221;header_text_shadow_style,%91object Object%93&#8243; header_text_shadow_horizontal_length_tablet=&#8221;0px&#8221; header_text_shadow_vertical_length=&#8221;header_text_shadow_style,%91object Object%93&#8243; header_text_shadow_vertical_length_tablet=&#8221;0px&#8221; header_text_shadow_blur_strength=&#8221;header_text_shadow_style,%91object Object%93&#8243; header_text_shadow_blur_strength_tablet=&#8221;1px&#8221; header_2_text_shadow_horizontal_length=&#8221;header_2_text_shadow_style,%91object Object%93&#8243; header_2_text_shadow_horizontal_length_tablet=&#8221;0px&#8221; header_2_text_shadow_vertical_length=&#8221;header_2_text_shadow_style,%91object Object%93&#8243; header_2_text_shadow_vertical_length_tablet=&#8221;0px&#8221; header_2_text_shadow_blur_strength=&#8221;header_2_text_shadow_style,%91object Object%93&#8243; header_2_text_shadow_blur_strength_tablet=&#8221;1px&#8221; header_3_text_shadow_horizontal_length=&#8221;header_3_text_shadow_style,%91object Object%93&#8243; header_3_text_shadow_horizontal_length_tablet=&#8221;0px&#8221; header_3_text_shadow_vertical_length=&#8221;header_3_text_shadow_style,%91object Object%93&#8243; header_3_text_shadow_vertical_length_tablet=&#8221;0px&#8221; header_3_text_shadow_blur_strength=&#8221;header_3_text_shadow_style,%91object Object%93&#8243; header_3_text_shadow_blur_strength_tablet=&#8221;1px&#8221; header_4_text_shadow_horizontal_length=&#8221;header_4_text_shadow_style,%91object Object%93&#8243; header_4_text_shadow_horizontal_length_tablet=&#8221;0px&#8221; header_4_text_shadow_vertical_length=&#8221;header_4_text_shadow_style,%91object Object%93&#8243; header_4_text_shadow_vertical_length_tablet=&#8221;0px&#8221; header_4_text_shadow_blur_strength=&#8221;header_4_text_shadow_style,%91object Object%93&#8243; header_4_text_shadow_blur_strength_tablet=&#8221;1px&#8221; header_5_text_shadow_horizontal_length=&#8221;header_5_text_shadow_style,%91object Object%93&#8243; header_5_text_shadow_horizontal_length_tablet=&#8221;0px&#8221; header_5_text_shadow_vertical_length=&#8221;header_5_text_shadow_style,%91object Object%93&#8243; header_5_text_shadow_vertical_length_tablet=&#8221;0px&#8221; header_5_text_shadow_blur_strength=&#8221;header_5_text_shadow_style,%91object Object%93&#8243; header_5_text_shadow_blur_strength_tablet=&#8221;1px&#8221; header_6_text_shadow_horizontal_length=&#8221;header_6_text_shadow_style,%91object Object%93&#8243; header_6_text_shadow_horizontal_length_tablet=&#8221;0px&#8221; header_6_text_shadow_vertical_length=&#8221;header_6_text_shadow_style,%91object Object%93&#8243; header_6_text_shadow_vertical_length_tablet=&#8221;0px&#8221; header_6_text_shadow_blur_strength=&#8221;header_6_text_shadow_style,%91object Object%93&#8243; header_6_text_shadow_blur_strength_tablet=&#8221;1px&#8221; box_shadow_horizontal_tablet=&#8221;0px&#8221; box_shadow_vertical_tablet=&#8221;0px&#8221; box_shadow_blur_tablet=&#8221;40px&#8221; box_shadow_spread_tablet=&#8221;0px&#8221; z_index_tablet=&#8221;500&#8243;]<\/p>\n<p style=\"text-align: justify;\"><span style=\"font-size: 12pt;\">Ja pots inscriure&#8217;t a la <strong>convocat\u00f2ria arxius biblioteques i museus<\/strong> per a aconseguir una de les <a href=\"https:\/\/www.boe.es\/boe\/dias\/2019\/05\/29\/pdfs\/BOE-A-2019-7979.pdf\" target=\"_blank\" rel=\"noopener noreferrer\">66 places d&#8217;acc\u00e9s lliure <\/a>de l&#8217;Oferta d&#8217;Ocupaci\u00f3 P\u00fablica de 2017. Per a aix\u00f2, accedeix a la plataforma del punt d&#8217;acc\u00e9s general en aquest enlla\u00e7, despr\u00e9s selecciona el proc\u00e9s selectiu que t&#8217;interessa i identifica&#8217;t mitjan\u00e7ant la plataforma d&#8217;identificaci\u00f3 o signatura electr\u00f2nica Cl@u. Recorda que aix\u00f2 et servir\u00e0 no nom\u00e9s per a inscriure&#8217;t, si no per a consultar qualsevol canvi sobre la teva sol\u00b7licitud, les dades personals, el pagament de les taxes o l&#8217;enviament d&#8217;altres documents.<\/span><\/p>\n<p style=\"text-align: justify;\"><span style=\"font-size: 12pt;\">Tens des del <span style=\"text-decoration: underline;\">30 de maig al 26 de juny<\/span> per a realitzar la inscripci\u00f3. Recorda que has d&#8217;estar en possessi\u00f3 del T\u00edtol de Batxillerat o T\u00e8cnic si vols formar part d&#8217;aquesta convocat\u00f2ria.<\/span><\/p>\n<p>\u00a0<\/p>\n<h2>Convocat\u00f2ria arxius biblioteques i museus<\/h2>\n<p>\u00a0<\/p>\n<p style=\"text-align: justify;\"><span style=\"font-size: 12pt;\"><img loading=\"lazy\" decoding=\"async\" class=\"wp-image-3840 alignright\" src=\"https:\/\/www.practicbcn.com\/wp-content\/uploads\/2019\/05\/convocatoria-arxius-biblioteques-i-museus-1-300x192.jpg\" alt=\"convocatoria arxius biblioteques i museus\" width=\"308\" height=\"197\" srcset=\"https:\/\/www.practicbcn.com\/wp-content\/uploads\/2019\/05\/convocatoria-arxius-biblioteques-i-museus-1-300x192.jpg 300w, https:\/\/www.practicbcn.com\/wp-content\/uploads\/2019\/05\/convocatoria-arxius-biblioteques-i-museus-1-768x492.jpg 768w, https:\/\/www.practicbcn.com\/wp-content\/uploads\/2019\/05\/convocatoria-arxius-biblioteques-i-museus-1.jpg 1000w\" sizes=\"(max-width: 308px) 100vw, 308px\" \/>Aquestes 66 places han estat convocades pel Ministeri de Cultura i Esport, i es repartiran de la seg\u00fcent manera:<\/span><\/p>\n<p style=\"text-align: justify;\"><span style=\"font-size: 12pt;\">&#8211; Arxius: 30 places.<\/span><\/p>\n<p style=\"text-align: justify;\"><span style=\"font-size: 12pt;\">&#8211; Biblioteques: 21 places.<\/span><\/p>\n<p style=\"text-align: justify;\"><span style=\"font-size: 12pt;\">&#8211; Museus: 15 places.<\/span><\/p>\n<p style=\"text-align: justify;\"><span style=\"font-size: 12pt;\">Per a les tres seccions, els aspirants hauran de superar dues proves. D&#8217;una banda, un examen tipus test amb cent preguntes i quatre respostes, de les quals nom\u00e9s una d&#8217;elles ser\u00e0 la correcta. Les respostes err\u00f2nies restaran 0,10 punts, puntuant les correctes 0,40 punts. A m\u00e9s hi haur\u00e0 cinc preguntes addicionals<\/span><span style=\"font-size: 12pt;\"> en cas d&#8217;aquelles que puguin ser objecte d&#8217;anulaci\u00f3. La durada d&#8217;aquesta prova ser\u00e0 de dues hores, com a m\u00e0xim. D&#8217;altra banda, tres sup\u00f2sits pr\u00e0ctics sobre les mat\u00e8ries de la segona part del programa que figura en l&#8217;annex II amb la finalitat de demostrar la capacitat dels aspirants per a exercir les tasques b\u00e0siques del lloc al qual opositen. Posteriorment, el Tribunal llegir\u00e0 l&#8217;exercici i tindr\u00e0, en un m\u00e0xim de deu minuts, l&#8217;oportunitat d&#8217;efectuar al candidat preguntes sobre la resoluci\u00f3 dels sup\u00f2sits pr\u00e0ctics.<\/span><\/p>\n<p>\u00a0<\/p>\n<h3>M\u00e9s places, m\u00e9s oportunitats<\/h3>\n<p>\u00a0<\/p>\n<p style=\"text-align: justify;\"><span style=\"font-size: 12pt;\">A m\u00e9s, si no et veus preparat, encara queden pendents 73 places de l&#8217;Oferta P\u00fablica d&#8217;Ocupaci\u00f3 de 2018 i 50 places de l&#8217;Oferta de <strong>2019<\/strong>, per la qual cosa aquesta pot ser l&#8217;oportunitat per a prendre la decisi\u00f3 definitiva i comen\u00e7ar a estudiar amb temps.<\/span><\/p>\n<p style=\"text-align: justify;\"><span style=\"font-size: 12pt;\">En l&#8217;<strong>acad\u00e8mia de Barcelona<\/strong> <a href=\"http:\/\/www.practicbcn.com\" target=\"_blank\" rel=\"noopener noreferrer\">Practicbcn <\/a>sabem molt b\u00e9 quins s\u00f3n els objectius dels nostres alumnes i fem tot el possible perqu\u00e8 aconsegueixin cadascun d&#8217;ells fins a arribar a la meta. Et proporcionem el temari m\u00e9s actualitzat de la <strong>convocat\u00f2ria arxius biblioteques i museus<\/strong> a m\u00e9s de resums, test per practicar i tota la informaci\u00f3 al teu abast. Vine i comprova que som la teva millor opci\u00f3.<\/span><\/p>\n<p>[\/et_pb_text][\/et_pb_column][\/et_pb_row][\/et_pb_section][et_pb_section bb_built=&#8221;1&#8243; fullwidth=&#8221;on&#8221; specialty=&#8221;off&#8221; _builder_version=&#8221;3.3.1&#8243; background_image=&#8221;https:\/\/www.practicbcn.com\/wp-content\/uploads\/2018\/06\/academia-oposiciones-barcelona.jpg&#8221; next_background_color=&#8221;#ffffff&#8221; inner_width=&#8221;auto&#8221; inner_max_width=&#8221;none&#8221; prev_background_color=&#8221;#ffffff&#8221;][et_pb_fullwidth_code _builder_version=&#8221;3.23.1&#8243; z_index_tablet=&#8221;500&#8243;]<center><iframe loading=\"lazy\" src=\"https:\/\/www.practicbcn.com\/formulario2\/form2.php\" width=\"400\" height=\"550\" frameborder=\"0\" scrolling= no><\/iframe><\/center>[\/et_pb_fullwidth_code][\/et_pb_section][et_pb_section bb_built=&#8221;1&#8243; _builder_version=&#8221;3.3.1&#8243; custom_padding=&#8221;50px|0px|6px|0px|false|false&#8221; prev_background_color=&#8221;#000000&#8243; inner_width=&#8221;auto&#8221; inner_max_width=&#8221;none&#8221;][et_pb_row _builder_version=&#8221;3.0.47&#8243; background_size=&#8221;initial&#8221; background_position=&#8221;top_left&#8221; background_repeat=&#8221;repeat&#8221; custom_padding=&#8221;0|0px|24.2188px|0px|false|false&#8221; width=&#8221;80%&#8221; max_width=&#8221;1080px&#8221;][et_pb_column type=&#8221;4_4&#8243;][et_pb_toggle _builder_version=&#8221;3.17.2&#8243; title=&#8221;RGPD Llei de Protecci\u00f3 de Dades&#8221;]<\/p>\n<p>COMPLIMENT LLEI DE PROTECCI\u00d3 DE DADES 2018 RPGD<br \/>Responsable: CENTRE FORMATIU PRACTIC UNIC BCN 774 , S.L.U CIF: B87963914<br \/>Finalitat: Proporcionar informaci\u00f3 sobre els nostres serveis.<br \/>Legitimaci\u00f3: Consentiment de l&#8217;interessat.<br \/>Destinataris: No se cediran dades a tercers, excepte obligaci\u00f3 legal.<br \/>Drets: Accedir, rectificar, suprimir les dades i altres drets, com s&#8217;explica en la informaci\u00f3 addicional.<br \/>Informaci\u00f3 addicional: <a href=\"https:\/\/www.practicbcn.com\/aviso-legal-rgpd\/\">Pol\u00edtica de privacitat i RGPD<\/a><\/p>\n<p>[\/et_pb_toggle][\/et_pb_column][\/et_pb_row][\/et_pb_section]<\/p>\n","protected":false},"excerpt":{"rendered":"<p><div class=\"et_pb_row et_pb_row_0 et_pb_row_empty\">\n\t\t\t\t\n\t\t\t\t\n\t\t\t\t\n\t\t\t\t\n\t\t\t\t\n\t\t\t<\/div> Ja pots inscriure&#8217;t a la convocat\u00f2ria arxius biblioteques i museus per a aconseguir una de les 66 places d&#8217;acc\u00e9s lliure de l&#8217;Oferta d&#8217;Ocupaci\u00f3 P\u00fablica de 2017. Per a aix\u00f2, accedeix a la plataforma del punt d&#8217;acc\u00e9s general en aquest enlla\u00e7, despr\u00e9s selecciona el proc\u00e9s selectiu que t&#8217;interessa i identifica&#8217;t mitjan\u00e7ant la plataforma d&#8217;identificaci\u00f3 o [&hellip;]<\/p>\n","protected":false},"author":3,"featured_media":3815,"comment_status":"closed","ping_status":"closed","sticky":false,"template":"","format":"standard","meta":{"_et_pb_use_builder":"on","_et_pb_old_content":"","_et_gb_content_width":"","footnotes":""},"categories":[10],"tags":[],"class_list":["post-3812","post","type-post","status-publish","format-standard","has-post-thumbnail","hentry","category-noticias"],"yoast_head":"<!-- This site is optimized with the Yoast SEO Premium plugin v22.8 (Yoast SEO v27.2) - https:\/\/yoast.com\/product\/yoast-seo-premium-wordpress\/ -->\n<title>convocat\u00f2ria arxius biblioteques i museus \u25b7 Inscriu-te!<\/title>\n<meta name=\"description\" content=\"convocat\u00f2ria arxius biblioteques i museus \u270d Oberta convocat\u00f2ria per a Auxiliar d&#039;Arxius, Biblioteques i Museus de l&#039;Estat...\" \/>\n<meta name=\"robots\" content=\"index, follow, max-snippet:-1, max-image-preview:large, max-video-preview:-1\" \/>\n<link rel=\"canonical\" href=\"https:\/\/www.practicbcn.com\/ca\/convocatoria-arxius-biblioteques-i-museus\/\" \/>\n<meta property=\"og:locale\" content=\"ca_ES\" \/>\n<meta property=\"og:type\" content=\"article\" \/>\n<meta property=\"og:title\" content=\"Oberta convocat\u00f2ria per a Auxiliar d&#039;Arxius, Biblioteques i Museus de l&#039;Estat\" \/>\n<meta property=\"og:description\" content=\"convocat\u00f2ria arxius biblioteques i museus \u270d Oberta convocat\u00f2ria per a Auxiliar d&#039;Arxius, Biblioteques i Museus de l&#039;Estat...\" \/>\n<meta property=\"og:url\" content=\"https:\/\/www.practicbcn.com\/ca\/convocatoria-arxius-biblioteques-i-museus\/\" \/>\n<meta property=\"og:site_name\" content=\"academia oposiciones Barcelona\" \/>\n<meta property=\"article:published_time\" content=\"2019-05-29T14:44:29+00:00\" \/>\n<meta property=\"article:modified_time\" content=\"2023-11-21T08:33:17+00:00\" \/>\n<meta property=\"og:image\" content=\"https:\/\/www.practicbcn.com\/wp-content\/uploads\/2019\/05\/convocatoria-arxius-biblioteques-i-museus.jpg\" \/>\n\t<meta property=\"og:image:width\" content=\"1000\" \/>\n\t<meta property=\"og:image:height\" content=\"640\" \/>\n\t<meta property=\"og:image:type\" content=\"image\/jpeg\" \/>\n<meta name=\"author\" content=\"cantu\" \/>\n<meta name=\"twitter:card\" content=\"summary_large_image\" \/>\n<meta name=\"twitter:label1\" content=\"Escrit per\" \/>\n\t<meta name=\"twitter:data1\" content=\"cantu\" \/>\n\t<meta name=\"twitter:label2\" content=\"Temps estimat de lectura\" \/>\n\t<meta name=\"twitter:data2\" content=\"6 minuts\" \/>\n<script type=\"application\/ld+json\" class=\"yoast-schema-graph\">{\"@context\":\"https:\/\/schema.org\",\"@graph\":[{\"@type\":\"Article\",\"@id\":\"https:\/\/www.practicbcn.com\/ca\/convocatoria-arxius-biblioteques-i-museus\/#article\",\"isPartOf\":{\"@id\":\"https:\/\/www.practicbcn.com\/ca\/convocatoria-arxius-biblioteques-i-museus\/\"},\"author\":{\"name\":\"cantu\",\"@id\":\"https:\/\/www.practicbcn.com\/ca\/#\/schema\/person\/b1bf6fae906bb2caf24a3ed0699b35a1\"},\"headline\":\"Oberta convocat\u00f2ria per a Auxiliar d&#8217;Arxius, Biblioteques i Museus de l&#8217;Estat\",\"datePublished\":\"2019-05-29T14:44:29+00:00\",\"dateModified\":\"2023-11-21T08:33:17+00:00\",\"mainEntityOfPage\":{\"@id\":\"https:\/\/www.practicbcn.com\/ca\/convocatoria-arxius-biblioteques-i-museus\/\"},\"wordCount\":1290,\"publisher\":{\"@id\":\"https:\/\/www.practicbcn.com\/ca\/#organization\"},\"image\":{\"@id\":\"https:\/\/www.practicbcn.com\/ca\/convocatoria-arxius-biblioteques-i-museus\/#primaryimage\"},\"thumbnailUrl\":\"https:\/\/www.practicbcn.com\/wp-content\/uploads\/2019\/05\/convocatoria-arxius-biblioteques-i-museus.jpg\",\"articleSection\":[\"noticias\"],\"inLanguage\":\"ca\"},{\"@type\":\"WebPage\",\"@id\":\"https:\/\/www.practicbcn.com\/ca\/convocatoria-arxius-biblioteques-i-museus\/\",\"url\":\"https:\/\/www.practicbcn.com\/ca\/convocatoria-arxius-biblioteques-i-museus\/\",\"name\":\"convocat\u00f2ria arxius biblioteques i museus \u25b7 Inscriu-te!\",\"isPartOf\":{\"@id\":\"https:\/\/www.practicbcn.com\/ca\/#website\"},\"primaryImageOfPage\":{\"@id\":\"https:\/\/www.practicbcn.com\/ca\/convocatoria-arxius-biblioteques-i-museus\/#primaryimage\"},\"image\":{\"@id\":\"https:\/\/www.practicbcn.com\/ca\/convocatoria-arxius-biblioteques-i-museus\/#primaryimage\"},\"thumbnailUrl\":\"https:\/\/www.practicbcn.com\/wp-content\/uploads\/2019\/05\/convocatoria-arxius-biblioteques-i-museus.jpg\",\"datePublished\":\"2019-05-29T14:44:29+00:00\",\"dateModified\":\"2023-11-21T08:33:17+00:00\",\"description\":\"convocat\u00f2ria arxius biblioteques i museus \u270d Oberta convocat\u00f2ria per a Auxiliar d'Arxius, Biblioteques i Museus de l'Estat...\",\"breadcrumb\":{\"@id\":\"https:\/\/www.practicbcn.com\/ca\/convocatoria-arxius-biblioteques-i-museus\/#breadcrumb\"},\"inLanguage\":\"ca\",\"potentialAction\":[{\"@type\":\"ReadAction\",\"target\":[\"https:\/\/www.practicbcn.com\/ca\/convocatoria-arxius-biblioteques-i-museus\/\"]}]},{\"@type\":\"ImageObject\",\"inLanguage\":\"ca\",\"@id\":\"https:\/\/www.practicbcn.com\/ca\/convocatoria-arxius-biblioteques-i-museus\/#primaryimage\",\"url\":\"https:\/\/www.practicbcn.com\/wp-content\/uploads\/2019\/05\/convocatoria-arxius-biblioteques-i-museus.jpg\",\"contentUrl\":\"https:\/\/www.practicbcn.com\/wp-content\/uploads\/2019\/05\/convocatoria-arxius-biblioteques-i-museus.jpg\",\"width\":1000,\"height\":640,\"caption\":\"convocatoria arxius biblioteques i museus\"},{\"@type\":\"BreadcrumbList\",\"@id\":\"https:\/\/www.practicbcn.com\/ca\/convocatoria-arxius-biblioteques-i-museus\/#breadcrumb\",\"itemListElement\":[{\"@type\":\"ListItem\",\"position\":1,\"name\":\"Portada\",\"item\":\"https:\/\/www.practicbcn.com\/ca\/\"},{\"@type\":\"ListItem\",\"position\":2,\"name\":\"Oberta convocat\u00f2ria per a Auxiliar d&#8217;Arxius, Biblioteques i Museus de l&#8217;Estat\"}]},{\"@type\":\"WebSite\",\"@id\":\"https:\/\/www.practicbcn.com\/ca\/#website\",\"url\":\"https:\/\/www.practicbcn.com\/ca\/\",\"name\":\"academia oposiciones Barcelona\",\"description\":\"academia oposiciones Barcelona PracticBCN Preparaci\u00f3n de opositores\",\"publisher\":{\"@id\":\"https:\/\/www.practicbcn.com\/ca\/#organization\"},\"potentialAction\":[{\"@type\":\"SearchAction\",\"target\":{\"@type\":\"EntryPoint\",\"urlTemplate\":\"https:\/\/www.practicbcn.com\/ca\/?s={search_term_string}\"},\"query-input\":{\"@type\":\"PropertyValueSpecification\",\"valueRequired\":true,\"valueName\":\"search_term_string\"}}],\"inLanguage\":\"ca\"},{\"@type\":\"Organization\",\"@id\":\"https:\/\/www.practicbcn.com\/ca\/#organization\",\"name\":\"Practic BCN\",\"url\":\"https:\/\/www.practicbcn.com\/ca\/\",\"logo\":{\"@type\":\"ImageObject\",\"inLanguage\":\"ca\",\"@id\":\"https:\/\/www.practicbcn.com\/ca\/#\/schema\/logo\/image\/\",\"url\":\"https:\/\/www.practicbcn.com\/wp-content\/uploads\/2018\/01\/LOGO-PRACTIC.jpg\",\"contentUrl\":\"https:\/\/www.practicbcn.com\/wp-content\/uploads\/2018\/01\/LOGO-PRACTIC.jpg\",\"width\":679,\"height\":676,\"caption\":\"Practic BCN\"},\"image\":{\"@id\":\"https:\/\/www.practicbcn.com\/ca\/#\/schema\/logo\/image\/\"}},{\"@type\":\"Person\",\"@id\":\"https:\/\/www.practicbcn.com\/ca\/#\/schema\/person\/b1bf6fae906bb2caf24a3ed0699b35a1\",\"name\":\"cantu\",\"image\":{\"@type\":\"ImageObject\",\"inLanguage\":\"ca\",\"@id\":\"https:\/\/secure.gravatar.com\/avatar\/9bf69246e68f8fa9721cc29ec236bd9daee6f76dfca26b3ddd7625676a5c2f9c?s=96&d=mm&r=g\",\"url\":\"https:\/\/secure.gravatar.com\/avatar\/9bf69246e68f8fa9721cc29ec236bd9daee6f76dfca26b3ddd7625676a5c2f9c?s=96&d=mm&r=g\",\"contentUrl\":\"https:\/\/secure.gravatar.com\/avatar\/9bf69246e68f8fa9721cc29ec236bd9daee6f76dfca26b3ddd7625676a5c2f9c?s=96&d=mm&r=g\",\"caption\":\"cantu\"}}]}<\/script>\n<!-- \/ Yoast SEO Premium plugin. -->","yoast_head_json":{"title":"convocat\u00f2ria arxius biblioteques i museus \u25b7 Inscriu-te!","description":"convocat\u00f2ria arxius biblioteques i museus \u270d Oberta convocat\u00f2ria per a Auxiliar d'Arxius, Biblioteques i Museus de l'Estat...","robots":{"index":"index","follow":"follow","max-snippet":"max-snippet:-1","max-image-preview":"max-image-preview:large","max-video-preview":"max-video-preview:-1"},"canonical":"https:\/\/www.practicbcn.com\/ca\/convocatoria-arxius-biblioteques-i-museus\/","og_locale":"ca_ES","og_type":"article","og_title":"Oberta convocat\u00f2ria per a Auxiliar d'Arxius, Biblioteques i Museus de l'Estat","og_description":"convocat\u00f2ria arxius biblioteques i museus \u270d Oberta convocat\u00f2ria per a Auxiliar d'Arxius, Biblioteques i Museus de l'Estat...","og_url":"https:\/\/www.practicbcn.com\/ca\/convocatoria-arxius-biblioteques-i-museus\/","og_site_name":"academia oposiciones Barcelona","article_published_time":"2019-05-29T14:44:29+00:00","article_modified_time":"2023-11-21T08:33:17+00:00","og_image":[{"width":1000,"height":640,"url":"https:\/\/www.practicbcn.com\/wp-content\/uploads\/2019\/05\/convocatoria-arxius-biblioteques-i-museus.jpg","type":"image\/jpeg"}],"author":"cantu","twitter_card":"summary_large_image","twitter_misc":{"Escrit per":"cantu","Temps estimat de lectura":"6 minuts"},"schema":{"@context":"https:\/\/schema.org","@graph":[{"@type":"Article","@id":"https:\/\/www.practicbcn.com\/ca\/convocatoria-arxius-biblioteques-i-museus\/#article","isPartOf":{"@id":"https:\/\/www.practicbcn.com\/ca\/convocatoria-arxius-biblioteques-i-museus\/"},"author":{"name":"cantu","@id":"https:\/\/www.practicbcn.com\/ca\/#\/schema\/person\/b1bf6fae906bb2caf24a3ed0699b35a1"},"headline":"Oberta convocat\u00f2ria per a Auxiliar d&#8217;Arxius, Biblioteques i Museus de l&#8217;Estat","datePublished":"2019-05-29T14:44:29+00:00","dateModified":"2023-11-21T08:33:17+00:00","mainEntityOfPage":{"@id":"https:\/\/www.practicbcn.com\/ca\/convocatoria-arxius-biblioteques-i-museus\/"},"wordCount":1290,"publisher":{"@id":"https:\/\/www.practicbcn.com\/ca\/#organization"},"image":{"@id":"https:\/\/www.practicbcn.com\/ca\/convocatoria-arxius-biblioteques-i-museus\/#primaryimage"},"thumbnailUrl":"https:\/\/www.practicbcn.com\/wp-content\/uploads\/2019\/05\/convocatoria-arxius-biblioteques-i-museus.jpg","articleSection":["noticias"],"inLanguage":"ca"},{"@type":"WebPage","@id":"https:\/\/www.practicbcn.com\/ca\/convocatoria-arxius-biblioteques-i-museus\/","url":"https:\/\/www.practicbcn.com\/ca\/convocatoria-arxius-biblioteques-i-museus\/","name":"convocat\u00f2ria arxius biblioteques i museus \u25b7 Inscriu-te!","isPartOf":{"@id":"https:\/\/www.practicbcn.com\/ca\/#website"},"primaryImageOfPage":{"@id":"https:\/\/www.practicbcn.com\/ca\/convocatoria-arxius-biblioteques-i-museus\/#primaryimage"},"image":{"@id":"https:\/\/www.practicbcn.com\/ca\/convocatoria-arxius-biblioteques-i-museus\/#primaryimage"},"thumbnailUrl":"https:\/\/www.practicbcn.com\/wp-content\/uploads\/2019\/05\/convocatoria-arxius-biblioteques-i-museus.jpg","datePublished":"2019-05-29T14:44:29+00:00","dateModified":"2023-11-21T08:33:17+00:00","description":"convocat\u00f2ria arxius biblioteques i museus \u270d Oberta convocat\u00f2ria per a Auxiliar d'Arxius, Biblioteques i Museus de l'Estat...","breadcrumb":{"@id":"https:\/\/www.practicbcn.com\/ca\/convocatoria-arxius-biblioteques-i-museus\/#breadcrumb"},"inLanguage":"ca","potentialAction":[{"@type":"ReadAction","target":["https:\/\/www.practicbcn.com\/ca\/convocatoria-arxius-biblioteques-i-museus\/"]}]},{"@type":"ImageObject","inLanguage":"ca","@id":"https:\/\/www.practicbcn.com\/ca\/convocatoria-arxius-biblioteques-i-museus\/#primaryimage","url":"https:\/\/www.practicbcn.com\/wp-content\/uploads\/2019\/05\/convocatoria-arxius-biblioteques-i-museus.jpg","contentUrl":"https:\/\/www.practicbcn.com\/wp-content\/uploads\/2019\/05\/convocatoria-arxius-biblioteques-i-museus.jpg","width":1000,"height":640,"caption":"convocatoria arxius biblioteques i museus"},{"@type":"BreadcrumbList","@id":"https:\/\/www.practicbcn.com\/ca\/convocatoria-arxius-biblioteques-i-museus\/#breadcrumb","itemListElement":[{"@type":"ListItem","position":1,"name":"Portada","item":"https:\/\/www.practicbcn.com\/ca\/"},{"@type":"ListItem","position":2,"name":"Oberta convocat\u00f2ria per a Auxiliar d&#8217;Arxius, Biblioteques i Museus de l&#8217;Estat"}]},{"@type":"WebSite","@id":"https:\/\/www.practicbcn.com\/ca\/#website","url":"https:\/\/www.practicbcn.com\/ca\/","name":"academia oposiciones Barcelona","description":"academia oposiciones Barcelona PracticBCN Preparaci\u00f3n de opositores","publisher":{"@id":"https:\/\/www.practicbcn.com\/ca\/#organization"},"potentialAction":[{"@type":"SearchAction","target":{"@type":"EntryPoint","urlTemplate":"https:\/\/www.practicbcn.com\/ca\/?s={search_term_string}"},"query-input":{"@type":"PropertyValueSpecification","valueRequired":true,"valueName":"search_term_string"}}],"inLanguage":"ca"},{"@type":"Organization","@id":"https:\/\/www.practicbcn.com\/ca\/#organization","name":"Practic BCN","url":"https:\/\/www.practicbcn.com\/ca\/","logo":{"@type":"ImageObject","inLanguage":"ca","@id":"https:\/\/www.practicbcn.com\/ca\/#\/schema\/logo\/image\/","url":"https:\/\/www.practicbcn.com\/wp-content\/uploads\/2018\/01\/LOGO-PRACTIC.jpg","contentUrl":"https:\/\/www.practicbcn.com\/wp-content\/uploads\/2018\/01\/LOGO-PRACTIC.jpg","width":679,"height":676,"caption":"Practic BCN"},"image":{"@id":"https:\/\/www.practicbcn.com\/ca\/#\/schema\/logo\/image\/"}},{"@type":"Person","@id":"https:\/\/www.practicbcn.com\/ca\/#\/schema\/person\/b1bf6fae906bb2caf24a3ed0699b35a1","name":"cantu","image":{"@type":"ImageObject","inLanguage":"ca","@id":"https:\/\/secure.gravatar.com\/avatar\/9bf69246e68f8fa9721cc29ec236bd9daee6f76dfca26b3ddd7625676a5c2f9c?s=96&d=mm&r=g","url":"https:\/\/secure.gravatar.com\/avatar\/9bf69246e68f8fa9721cc29ec236bd9daee6f76dfca26b3ddd7625676a5c2f9c?s=96&d=mm&r=g","contentUrl":"https:\/\/secure.gravatar.com\/avatar\/9bf69246e68f8fa9721cc29ec236bd9daee6f76dfca26b3ddd7625676a5c2f9c?s=96&d=mm&r=g","caption":"cantu"}}]}},"_links":{"self":[{"href":"https:\/\/www.practicbcn.com\/ca\/wp-json\/wp\/v2\/posts\/3812","targetHints":{"allow":["GET"]}}],"collection":[{"href":"https:\/\/www.practicbcn.com\/ca\/wp-json\/wp\/v2\/posts"}],"about":[{"href":"https:\/\/www.practicbcn.com\/ca\/wp-json\/wp\/v2\/types\/post"}],"author":[{"embeddable":true,"href":"https:\/\/www.practicbcn.com\/ca\/wp-json\/wp\/v2\/users\/3"}],"replies":[{"embeddable":true,"href":"https:\/\/www.practicbcn.com\/ca\/wp-json\/wp\/v2\/comments?post=3812"}],"version-history":[{"count":0,"href":"https:\/\/www.practicbcn.com\/ca\/wp-json\/wp\/v2\/posts\/3812\/revisions"}],"wp:featuredmedia":[{"embeddable":true,"href":"https:\/\/www.practicbcn.com\/ca\/wp-json\/wp\/v2\/media\/3815"}],"wp:attachment":[{"href":"https:\/\/www.practicbcn.com\/ca\/wp-json\/wp\/v2\/media?parent=3812"}],"wp:term":[{"taxonomy":"category","embeddable":true,"href":"https:\/\/www.practicbcn.com\/ca\/wp-json\/wp\/v2\/categories?post=3812"},{"taxonomy":"post_tag","embeddable":true,"href":"https:\/\/www.practicbcn.com\/ca\/wp-json\/wp\/v2\/tags?post=3812"}],"curies":[{"name":"wp","href":"https:\/\/api.w.org\/{rel}","templated":true}]}}