{"id":3310,"date":"2019-04-25T14:05:01","date_gmt":"2019-04-25T14:05:01","guid":{"rendered":"https:\/\/www.practicbcn.com\/correus-comenca-la-negociacio-per-a-la-convocatoria-de-les-4-055-places\/"},"modified":"2023-06-29T07:52:14","modified_gmt":"2023-06-29T07:52:14","slug":"treballar-a-correus","status":"publish","type":"post","link":"https:\/\/www.practicbcn.com\/ca\/treballar-a-correus\/","title":{"rendered":"Correus comen\u00e7a la negociaci\u00f3 per a la convocat\u00f2ria de les 4.055 places"},"content":{"rendered":"<p>[et_pb_section bb_built=&#8221;1&#8243; next_background_color=&#8221;#000000&#8243; inner_width=&#8221;auto&#8221; inner_max_width=&#8221;none&#8221;][et_pb_row][et_pb_column type=&#8221;4_4&#8243;][et_pb_text _builder_version=&#8221;3.22.7&#8243; text_text_shadow_horizontal_length=&#8221;text_text_shadow_style,%91object Object%93&#8243; text_text_shadow_vertical_length=&#8221;text_text_shadow_style,%91object Object%93&#8243; text_text_shadow_blur_strength=&#8221;text_text_shadow_style,%91object Object%93&#8243; link_text_shadow_horizontal_length=&#8221;link_text_shadow_style,%91object Object%93&#8243; link_text_shadow_vertical_length=&#8221;link_text_shadow_style,%91object Object%93&#8243; link_text_shadow_blur_strength=&#8221;link_text_shadow_style,%91object Object%93&#8243; ul_text_shadow_horizontal_length=&#8221;ul_text_shadow_style,%91object Object%93&#8243; ul_text_shadow_vertical_length=&#8221;ul_text_shadow_style,%91object Object%93&#8243; ul_text_shadow_blur_strength=&#8221;ul_text_shadow_style,%91object Object%93&#8243; ol_text_shadow_horizontal_length=&#8221;ol_text_shadow_style,%91object Object%93&#8243; ol_text_shadow_vertical_length=&#8221;ol_text_shadow_style,%91object Object%93&#8243; ol_text_shadow_blur_strength=&#8221;ol_text_shadow_style,%91object Object%93&#8243; quote_text_shadow_horizontal_length=&#8221;quote_text_shadow_style,%91object Object%93&#8243; quote_text_shadow_vertical_length=&#8221;quote_text_shadow_style,%91object Object%93&#8243; quote_text_shadow_blur_strength=&#8221;quote_text_shadow_style,%91object Object%93&#8243; header_text_shadow_horizontal_length=&#8221;header_text_shadow_style,%91object Object%93&#8243; header_text_shadow_vertical_length=&#8221;header_text_shadow_style,%91object Object%93&#8243; header_text_shadow_blur_strength=&#8221;header_text_shadow_style,%91object Object%93&#8243; header_2_text_shadow_horizontal_length=&#8221;header_2_text_shadow_style,%91object Object%93&#8243; header_2_text_shadow_vertical_length=&#8221;header_2_text_shadow_style,%91object Object%93&#8243; header_2_text_shadow_blur_strength=&#8221;header_2_text_shadow_style,%91object Object%93&#8243; header_3_text_shadow_horizontal_length=&#8221;header_3_text_shadow_style,%91object Object%93&#8243; header_3_text_shadow_vertical_length=&#8221;header_3_text_shadow_style,%91object Object%93&#8243; header_3_text_shadow_blur_strength=&#8221;header_3_text_shadow_style,%91object Object%93&#8243; header_4_text_shadow_horizontal_length=&#8221;header_4_text_shadow_style,%91object Object%93&#8243; header_4_text_shadow_vertical_length=&#8221;header_4_text_shadow_style,%91object Object%93&#8243; header_4_text_shadow_blur_strength=&#8221;header_4_text_shadow_style,%91object Object%93&#8243; header_5_text_shadow_horizontal_length=&#8221;header_5_text_shadow_style,%91object Object%93&#8243; header_5_text_shadow_vertical_length=&#8221;header_5_text_shadow_style,%91object Object%93&#8243; header_5_text_shadow_blur_strength=&#8221;header_5_text_shadow_style,%91object Object%93&#8243; header_6_text_shadow_horizontal_length=&#8221;header_6_text_shadow_style,%91object Object%93&#8243; header_6_text_shadow_vertical_length=&#8221;header_6_text_shadow_style,%91object Object%93&#8243; header_6_text_shadow_blur_strength=&#8221;header_6_text_shadow_style,%91object Object%93&#8243; z_index_tablet=&#8221;500&#8243;]<\/p>\n<p style=\"text-align: justify;\"><span style=\"font-size: 12pt;\">Despr\u00e9s d&#8217;uns mesos sense tenir not\u00edcies de Correus, l&#8217;empresa es va reunir ahir amb els agents socials per a comen\u00e7ar les negociacions del primer esborrany de les bases de la convocat\u00f2ria de les 4.055 places. Encara que NO \u00c9S OFICIAL, t&#8217;expliquem quins canvis es podrien produir en les proves selectives si vols <strong>treballar a correus<\/strong> Barcelona i aconseguir una d&#8217;aquestes places.<\/span><\/p>\n<h2>\u00a0<\/h2>\n<h2>Treballar a correus Barcelona<\/h2>\n<p>&nbsp;<\/p>\n<p style=\"text-align: justify;\"><span style=\"font-size: 12pt;\">En aquest primer esborrany NO oficial, es fixen els canvis proposats per l&#8217;empresa i la data de la pr\u00f2xima reuni\u00f3 entre els sindicats i la mateixa, sent aquesta el 26 d&#8217;abril.<\/span><\/p>\n<p style=\"text-align: justify;\"><span style=\"font-size: 12pt;\">En aquest cas, les proves selectives serien diferents per a cadascun dels llocs i, en principi, els aspirants no podrien presentar-se a les dues, com en la convocat\u00f2ria anterior:<\/span><\/p>\n<p style=\"text-align: justify;\"><span style=\"font-size: 12pt;\"><img loading=\"lazy\" decoding=\"async\" class=\"wp-image-3313 alignright\" src=\"https:\/\/www.practicbcn.com\/wp-content\/uploads\/2019\/05\/treballar-a-correus-300x192.jpg\" alt=\"treballar a correus\" width=\"301\" height=\"193\" srcset=\"https:\/\/www.practicbcn.com\/wp-content\/uploads\/2019\/05\/treballar-a-correus-300x192.jpg 300w, https:\/\/www.practicbcn.com\/wp-content\/uploads\/2019\/05\/treballar-a-correus.jpg 700w\" sizes=\"(max-width: 301px) 100vw, 301px\" \/>&#8211; <b>Repartiment\/Agent<\/b>. Tindria, en primer lloc, una prova tipus test amb el 20% de preguntes psicot\u00e8cniques. Aquest examen seria eliminatori, per la qual cosa si no se supera no passaria a la segona fase, l&#8217;avaluaci\u00f3 dels m\u00e8rits.<\/span><\/p>\n<p style=\"text-align: justify;\"><span style=\"font-size: 12pt;\">&#8211; <b>Atenci\u00f3 al client<\/b>. Igual que repartiment\/agent, tindria dues fases. No obstant aix\u00f2, tindria una prova tipus test amb el temari corresponent i un exercici pr\u00e0ctic a l&#8217;entorn d&#8217;Office 2013 per a valorar les compet\u00e8ncies i habilitats que s&#8217;exerceixen en el lloc. Per a passar a la fase de m\u00e8rits \u00e9s obligatori superar aquestes proves.<\/span><\/p>\n<p style=\"text-align: justify;\"><span style=\"font-size: 12pt;\">Respecte als ex\u00e0mens tipus test, en tots dos llocs les preguntes negatives restarien i, per a superar-les, seria necessari obtenir un m\u00ednim de 15 punts i un m\u00e0xim de 30.<\/span><\/p>\n<p style=\"text-align: justify;\"><span style=\"font-size: 12pt;\">En la segona part del proc\u00e9s selectiu per a treballar a correus barcelona es mesurarien els m\u00e8rits de cadascun dels candidats si superen el tall de la primera fase, amb un m\u00e0xim de 17 punts per als llocs d&#8217;Agent\/Classificaci\u00f3 i Repartiment a peu i 21 punts per a Repartiment motoritzat i Atenci\u00f3 al Client.<\/span><\/p>\n<p>&nbsp;<\/p>\n<h3>Pr\u00f2ximes not\u00edcies<\/h3>\n<p>&nbsp;<\/p>\n<p style=\"text-align: justify;\"><span style=\"font-size: 16px;\">Us recordem que aquesta informaci\u00f3 encara no \u00e9s oficial. Tot el referent a les novetats de Correus, ho publicar\u00e0 l&#8217;empresa en la seva <a href=\"https:\/\/www.correos.com\/personas-y-talento\/\" target=\"_blank\" rel=\"noopener noreferrer\">p\u00e0gina web<\/a> i nosaltres us informarem tan r\u00e0pid com puguem. Si ets alumne de Practic, t&#8217;animem que continu\u00efs estudiant a bon ritme. Si no ho ets, encara ets a temps de comen\u00e7ar a preparar-te aquestes oposicions. Et convidem a que visitis les nostres instal\u00b7lacions en la Gran Via dels Corts Catalanes o b\u00e9, a trav\u00e9s de la nostra web <\/span><span style=\"font-size: 12pt;\">Practicbcn omplint el formulari. Et donarem tots els detalls perqu\u00e8 puguis preparar-te amb total seguretat.<\/span><\/p>\n<p>[\/et_pb_text][\/et_pb_column][\/et_pb_row][\/et_pb_section][et_pb_section bb_built=&#8221;1&#8243; fullwidth=&#8221;on&#8221; specialty=&#8221;off&#8221; _builder_version=&#8221;3.22.4&#8243; background_image=&#8221;https:\/\/www.practicbcn.com\/wp-content\/uploads\/2018\/06\/academia-oposiciones-barcelona.jpg&#8221; prev_background_color=&#8221;#ffffff&#8221; inner_width_tablet=&#8221;50px&#8221; inner_max_width_tablet=&#8221;50px&#8221; z_index_tablet=&#8221;500&#8243; next_background_color=&#8221;#ffffff&#8221; global_module=&#8221;2669&#8243;][et_pb_fullwidth_code global_parent=&#8221;2669&#8243; _builder_version=&#8221;3.22.7&#8243; text_orientation=&#8221;center&#8221; z_index_tablet=&#8221;500&#8243;]<iframe loading=\"lazy\" src=\"https:\/\/www.practicbcn.com\/formulario2\/form2_cat.php\" width=\"400\" height=\"600\" frameborder=\"0\" scrolling=no><\/iframe>[\/et_pb_fullwidth_code][\/et_pb_section][et_pb_section bb_built=&#8221;1&#8243; _builder_version=&#8221;3.22.4&#8243; custom_padding=&#8221;50px|0px|6px|0px|false|false&#8221; inner_width_tablet=&#8221;50px&#8221; inner_max_width_tablet=&#8221;50px&#8221; z_index_tablet=&#8221;500&#8243; prev_background_color=&#8221;#000000&#8243; global_module=&#8221;2670&#8243;][et_pb_row global_parent=&#8221;2670&#8243; _builder_version=&#8221;3.0.47&#8243; background_size=&#8221;initial&#8221; background_position=&#8221;top_left&#8221; background_repeat=&#8221;repeat&#8221; custom_padding=&#8221;0|0px|24.2188px|0px|false|false&#8221; width=&#8221;80%&#8221; max_width=&#8221;1080px&#8221;][et_pb_column type=&#8221;4_4&#8243;][et_pb_toggle global_parent=&#8221;2670&#8243; _builder_version=&#8221;3.22.7&#8243; title=&#8221;COMPLIMENT LLEI DE PROTECCI\u00d3 DE DADES 2018 RPGD&#8221; text_shadow_horizontal_length=&#8221;text_shadow_style,%91object Object%93&#8243; text_shadow_vertical_length=&#8221;text_shadow_style,%91object Object%93&#8243; text_shadow_blur_strength=&#8221;text_shadow_style,%91object Object%93&#8243; title_text_shadow_horizontal_length=&#8221;title_text_shadow_style,%91object Object%93&#8243; title_text_shadow_vertical_length=&#8221;title_text_shadow_style,%91object Object%93&#8243; title_text_shadow_blur_strength=&#8221;title_text_shadow_style,%91object Object%93&#8243; body_text_shadow_horizontal_length=&#8221;body_text_shadow_style,%91object Object%93&#8243; body_text_shadow_vertical_length=&#8221;body_text_shadow_style,%91object Object%93&#8243; body_text_shadow_blur_strength=&#8221;body_text_shadow_style,%91object Object%93&#8243; z_index_tablet=&#8221;500&#8243; disabled=&#8221;off&#8221; disabled_on=&#8221;off|off|off&#8221;]<\/p>\n<p>Responsable: CENTRE FORMATIU PRACTIC UNICBCN 774 , S.L.U CIF: B87963914<br \/>Finalitat: Proporcionar informaci\u00f3 sobre els nostres serveis.<br \/>Legitimaci\u00f3: Consentiment de l&#8217;interessat.<br \/>Destinataris: No se cediran dades a tercers, excepte obligaci\u00f3 legal.<br \/>Drets: Accedir, rectificar, suprimir les dades i altres drets, com s&#8217;explica en la informaci\u00f3 addicional.<br \/>Informaci\u00f3 addicional:\u00a0Pol\u00edtica de privacidat i RGPD<\/p>\n<p>[\/et_pb_toggle][\/et_pb_column][\/et_pb_row][\/et_pb_section]<\/p>\n","protected":false},"excerpt":{"rendered":"<p><div class=\"et_pb_row et_pb_row_0 et_pb_row_empty\">\n\t\t\t\t\n\t\t\t\t\n\t\t\t\t\n\t\t\t\t\n\t\t\t\t\n\t\t\t<\/div> Despr\u00e9s d&#8217;uns mesos sense tenir not\u00edcies de Correus, l&#8217;empresa es va reunir ahir amb els agents socials per a comen\u00e7ar les negociacions del primer esborrany de les bases de la convocat\u00f2ria de les 4.055 places. Encara que NO \u00c9S OFICIAL, t&#8217;expliquem quins canvis es podrien produir en les proves selectives si vols treballar a [&hellip;]<\/p>\n","protected":false},"author":3,"featured_media":3313,"comment_status":"closed","ping_status":"open","sticky":false,"template":"","format":"standard","meta":{"_et_pb_use_builder":"on","_et_pb_old_content":"","_et_gb_content_width":"","footnotes":""},"categories":[225,10],"tags":[],"class_list":["post-3310","post","type-post","status-publish","format-standard","has-post-thumbnail","hentry","category-correos","category-noticias"],"yoast_head":"<!-- This site is optimized with the Yoast SEO Premium plugin v22.8 (Yoast SEO v27.2) - https:\/\/yoast.com\/product\/yoast-seo-premium-wordpress\/ -->\n<title>treballar a correus Barcelona \u25b7 Possibles canvis en la convocat\u00f2ria<\/title>\n<meta name=\"description\" content=\"treballar a correus Barcelona \u2705 Correus perfila els detalls per a la convocat\u00f2ria de les 4.055 places i els sindicats publiquen un primer esborrany.\" \/>\n<meta name=\"robots\" content=\"index, follow, max-snippet:-1, max-image-preview:large, max-video-preview:-1\" \/>\n<link rel=\"canonical\" href=\"https:\/\/www.practicbcn.com\/ca\/treballar-a-correus\/\" \/>\n<meta property=\"og:locale\" content=\"ca_ES\" \/>\n<meta property=\"og:type\" content=\"article\" \/>\n<meta property=\"og:title\" content=\"Correus comen\u00e7a la negociaci\u00f3 per a la convocat\u00f2ria de les 4.055 places\" \/>\n<meta property=\"og:description\" content=\"treballar a correus Barcelona \u2705 Correus perfila els detalls per a la convocat\u00f2ria de les 4.055 places i els sindicats publiquen un primer esborrany.\" \/>\n<meta property=\"og:url\" content=\"https:\/\/www.practicbcn.com\/ca\/treballar-a-correus\/\" \/>\n<meta property=\"og:site_name\" content=\"academia oposiciones Barcelona\" \/>\n<meta property=\"article:published_time\" content=\"2019-04-25T14:05:01+00:00\" \/>\n<meta property=\"article:modified_time\" content=\"2023-06-29T07:52:14+00:00\" \/>\n<meta property=\"og:image\" content=\"https:\/\/www.practicbcn.com\/wp-content\/uploads\/2019\/05\/treballar-a-correus.jpg\" \/>\n\t<meta property=\"og:image:width\" content=\"700\" \/>\n\t<meta property=\"og:image:height\" content=\"448\" \/>\n\t<meta property=\"og:image:type\" content=\"image\/jpeg\" \/>\n<meta name=\"author\" content=\"cantu\" \/>\n<meta name=\"twitter:card\" content=\"summary_large_image\" \/>\n<meta name=\"twitter:label1\" content=\"Escrit per\" \/>\n\t<meta name=\"twitter:data1\" content=\"cantu\" \/>\n\t<meta name=\"twitter:label2\" content=\"Temps estimat de lectura\" \/>\n\t<meta name=\"twitter:data2\" content=\"6 minuts\" \/>\n<script type=\"application\/ld+json\" class=\"yoast-schema-graph\">{\"@context\":\"https:\/\/schema.org\",\"@graph\":[{\"@type\":\"Article\",\"@id\":\"https:\/\/www.practicbcn.com\/ca\/treballar-a-correus\/#article\",\"isPartOf\":{\"@id\":\"https:\/\/www.practicbcn.com\/ca\/treballar-a-correus\/\"},\"author\":{\"name\":\"cantu\",\"@id\":\"https:\/\/www.practicbcn.com\/ca\/#\/schema\/person\/b1bf6fae906bb2caf24a3ed0699b35a1\"},\"headline\":\"Correus comen\u00e7a la negociaci\u00f3 per a la convocat\u00f2ria de les 4.055 places\",\"datePublished\":\"2019-04-25T14:05:01+00:00\",\"dateModified\":\"2023-06-29T07:52:14+00:00\",\"mainEntityOfPage\":{\"@id\":\"https:\/\/www.practicbcn.com\/ca\/treballar-a-correus\/\"},\"wordCount\":1153,\"publisher\":{\"@id\":\"https:\/\/www.practicbcn.com\/ca\/#organization\"},\"image\":{\"@id\":\"https:\/\/www.practicbcn.com\/ca\/treballar-a-correus\/#primaryimage\"},\"thumbnailUrl\":\"https:\/\/www.practicbcn.com\/wp-content\/uploads\/2019\/05\/treballar-a-correus.jpg\",\"articleSection\":[\"Correos\",\"noticias\"],\"inLanguage\":\"ca\"},{\"@type\":\"WebPage\",\"@id\":\"https:\/\/www.practicbcn.com\/ca\/treballar-a-correus\/\",\"url\":\"https:\/\/www.practicbcn.com\/ca\/treballar-a-correus\/\",\"name\":\"treballar a correus Barcelona \u25b7 Possibles canvis en la convocat\u00f2ria\",\"isPartOf\":{\"@id\":\"https:\/\/www.practicbcn.com\/ca\/#website\"},\"primaryImageOfPage\":{\"@id\":\"https:\/\/www.practicbcn.com\/ca\/treballar-a-correus\/#primaryimage\"},\"image\":{\"@id\":\"https:\/\/www.practicbcn.com\/ca\/treballar-a-correus\/#primaryimage\"},\"thumbnailUrl\":\"https:\/\/www.practicbcn.com\/wp-content\/uploads\/2019\/05\/treballar-a-correus.jpg\",\"datePublished\":\"2019-04-25T14:05:01+00:00\",\"dateModified\":\"2023-06-29T07:52:14+00:00\",\"description\":\"treballar a correus Barcelona \u2705 Correus perfila els detalls per a la convocat\u00f2ria de les 4.055 places i els sindicats publiquen un primer esborrany.\",\"breadcrumb\":{\"@id\":\"https:\/\/www.practicbcn.com\/ca\/treballar-a-correus\/#breadcrumb\"},\"inLanguage\":\"ca\",\"potentialAction\":[{\"@type\":\"ReadAction\",\"target\":[\"https:\/\/www.practicbcn.com\/ca\/treballar-a-correus\/\"]}]},{\"@type\":\"ImageObject\",\"inLanguage\":\"ca\",\"@id\":\"https:\/\/www.practicbcn.com\/ca\/treballar-a-correus\/#primaryimage\",\"url\":\"https:\/\/www.practicbcn.com\/wp-content\/uploads\/2019\/05\/treballar-a-correus.jpg\",\"contentUrl\":\"https:\/\/www.practicbcn.com\/wp-content\/uploads\/2019\/05\/treballar-a-correus.jpg\",\"width\":700,\"height\":448,\"caption\":\"treballar a correus\"},{\"@type\":\"BreadcrumbList\",\"@id\":\"https:\/\/www.practicbcn.com\/ca\/treballar-a-correus\/#breadcrumb\",\"itemListElement\":[{\"@type\":\"ListItem\",\"position\":1,\"name\":\"Portada\",\"item\":\"https:\/\/www.practicbcn.com\/ca\/\"},{\"@type\":\"ListItem\",\"position\":2,\"name\":\"Correus comen\u00e7a la negociaci\u00f3 per a la convocat\u00f2ria de les 4.055 places\"}]},{\"@type\":\"WebSite\",\"@id\":\"https:\/\/www.practicbcn.com\/ca\/#website\",\"url\":\"https:\/\/www.practicbcn.com\/ca\/\",\"name\":\"academia oposiciones Barcelona\",\"description\":\"academia oposiciones Barcelona PracticBCN Preparaci\u00f3n de opositores\",\"publisher\":{\"@id\":\"https:\/\/www.practicbcn.com\/ca\/#organization\"},\"potentialAction\":[{\"@type\":\"SearchAction\",\"target\":{\"@type\":\"EntryPoint\",\"urlTemplate\":\"https:\/\/www.practicbcn.com\/ca\/?s={search_term_string}\"},\"query-input\":{\"@type\":\"PropertyValueSpecification\",\"valueRequired\":true,\"valueName\":\"search_term_string\"}}],\"inLanguage\":\"ca\"},{\"@type\":\"Organization\",\"@id\":\"https:\/\/www.practicbcn.com\/ca\/#organization\",\"name\":\"Practic BCN\",\"url\":\"https:\/\/www.practicbcn.com\/ca\/\",\"logo\":{\"@type\":\"ImageObject\",\"inLanguage\":\"ca\",\"@id\":\"https:\/\/www.practicbcn.com\/ca\/#\/schema\/logo\/image\/\",\"url\":\"https:\/\/www.practicbcn.com\/wp-content\/uploads\/2018\/01\/LOGO-PRACTIC.jpg\",\"contentUrl\":\"https:\/\/www.practicbcn.com\/wp-content\/uploads\/2018\/01\/LOGO-PRACTIC.jpg\",\"width\":679,\"height\":676,\"caption\":\"Practic BCN\"},\"image\":{\"@id\":\"https:\/\/www.practicbcn.com\/ca\/#\/schema\/logo\/image\/\"}},{\"@type\":\"Person\",\"@id\":\"https:\/\/www.practicbcn.com\/ca\/#\/schema\/person\/b1bf6fae906bb2caf24a3ed0699b35a1\",\"name\":\"cantu\",\"image\":{\"@type\":\"ImageObject\",\"inLanguage\":\"ca\",\"@id\":\"https:\/\/secure.gravatar.com\/avatar\/9bf69246e68f8fa9721cc29ec236bd9daee6f76dfca26b3ddd7625676a5c2f9c?s=96&d=mm&r=g\",\"url\":\"https:\/\/secure.gravatar.com\/avatar\/9bf69246e68f8fa9721cc29ec236bd9daee6f76dfca26b3ddd7625676a5c2f9c?s=96&d=mm&r=g\",\"contentUrl\":\"https:\/\/secure.gravatar.com\/avatar\/9bf69246e68f8fa9721cc29ec236bd9daee6f76dfca26b3ddd7625676a5c2f9c?s=96&d=mm&r=g\",\"caption\":\"cantu\"}}]}<\/script>\n<!-- \/ Yoast SEO Premium plugin. -->","yoast_head_json":{"title":"treballar a correus Barcelona \u25b7 Possibles canvis en la convocat\u00f2ria","description":"treballar a correus Barcelona \u2705 Correus perfila els detalls per a la convocat\u00f2ria de les 4.055 places i els sindicats publiquen un primer esborrany.","robots":{"index":"index","follow":"follow","max-snippet":"max-snippet:-1","max-image-preview":"max-image-preview:large","max-video-preview":"max-video-preview:-1"},"canonical":"https:\/\/www.practicbcn.com\/ca\/treballar-a-correus\/","og_locale":"ca_ES","og_type":"article","og_title":"Correus comen\u00e7a la negociaci\u00f3 per a la convocat\u00f2ria de les 4.055 places","og_description":"treballar a correus Barcelona \u2705 Correus perfila els detalls per a la convocat\u00f2ria de les 4.055 places i els sindicats publiquen un primer esborrany.","og_url":"https:\/\/www.practicbcn.com\/ca\/treballar-a-correus\/","og_site_name":"academia oposiciones Barcelona","article_published_time":"2019-04-25T14:05:01+00:00","article_modified_time":"2023-06-29T07:52:14+00:00","og_image":[{"width":700,"height":448,"url":"https:\/\/www.practicbcn.com\/wp-content\/uploads\/2019\/05\/treballar-a-correus.jpg","type":"image\/jpeg"}],"author":"cantu","twitter_card":"summary_large_image","twitter_misc":{"Escrit per":"cantu","Temps estimat de lectura":"6 minuts"},"schema":{"@context":"https:\/\/schema.org","@graph":[{"@type":"Article","@id":"https:\/\/www.practicbcn.com\/ca\/treballar-a-correus\/#article","isPartOf":{"@id":"https:\/\/www.practicbcn.com\/ca\/treballar-a-correus\/"},"author":{"name":"cantu","@id":"https:\/\/www.practicbcn.com\/ca\/#\/schema\/person\/b1bf6fae906bb2caf24a3ed0699b35a1"},"headline":"Correus comen\u00e7a la negociaci\u00f3 per a la convocat\u00f2ria de les 4.055 places","datePublished":"2019-04-25T14:05:01+00:00","dateModified":"2023-06-29T07:52:14+00:00","mainEntityOfPage":{"@id":"https:\/\/www.practicbcn.com\/ca\/treballar-a-correus\/"},"wordCount":1153,"publisher":{"@id":"https:\/\/www.practicbcn.com\/ca\/#organization"},"image":{"@id":"https:\/\/www.practicbcn.com\/ca\/treballar-a-correus\/#primaryimage"},"thumbnailUrl":"https:\/\/www.practicbcn.com\/wp-content\/uploads\/2019\/05\/treballar-a-correus.jpg","articleSection":["Correos","noticias"],"inLanguage":"ca"},{"@type":"WebPage","@id":"https:\/\/www.practicbcn.com\/ca\/treballar-a-correus\/","url":"https:\/\/www.practicbcn.com\/ca\/treballar-a-correus\/","name":"treballar a correus Barcelona \u25b7 Possibles canvis en la convocat\u00f2ria","isPartOf":{"@id":"https:\/\/www.practicbcn.com\/ca\/#website"},"primaryImageOfPage":{"@id":"https:\/\/www.practicbcn.com\/ca\/treballar-a-correus\/#primaryimage"},"image":{"@id":"https:\/\/www.practicbcn.com\/ca\/treballar-a-correus\/#primaryimage"},"thumbnailUrl":"https:\/\/www.practicbcn.com\/wp-content\/uploads\/2019\/05\/treballar-a-correus.jpg","datePublished":"2019-04-25T14:05:01+00:00","dateModified":"2023-06-29T07:52:14+00:00","description":"treballar a correus Barcelona \u2705 Correus perfila els detalls per a la convocat\u00f2ria de les 4.055 places i els sindicats publiquen un primer esborrany.","breadcrumb":{"@id":"https:\/\/www.practicbcn.com\/ca\/treballar-a-correus\/#breadcrumb"},"inLanguage":"ca","potentialAction":[{"@type":"ReadAction","target":["https:\/\/www.practicbcn.com\/ca\/treballar-a-correus\/"]}]},{"@type":"ImageObject","inLanguage":"ca","@id":"https:\/\/www.practicbcn.com\/ca\/treballar-a-correus\/#primaryimage","url":"https:\/\/www.practicbcn.com\/wp-content\/uploads\/2019\/05\/treballar-a-correus.jpg","contentUrl":"https:\/\/www.practicbcn.com\/wp-content\/uploads\/2019\/05\/treballar-a-correus.jpg","width":700,"height":448,"caption":"treballar a correus"},{"@type":"BreadcrumbList","@id":"https:\/\/www.practicbcn.com\/ca\/treballar-a-correus\/#breadcrumb","itemListElement":[{"@type":"ListItem","position":1,"name":"Portada","item":"https:\/\/www.practicbcn.com\/ca\/"},{"@type":"ListItem","position":2,"name":"Correus comen\u00e7a la negociaci\u00f3 per a la convocat\u00f2ria de les 4.055 places"}]},{"@type":"WebSite","@id":"https:\/\/www.practicbcn.com\/ca\/#website","url":"https:\/\/www.practicbcn.com\/ca\/","name":"academia oposiciones Barcelona","description":"academia oposiciones Barcelona PracticBCN Preparaci\u00f3n de opositores","publisher":{"@id":"https:\/\/www.practicbcn.com\/ca\/#organization"},"potentialAction":[{"@type":"SearchAction","target":{"@type":"EntryPoint","urlTemplate":"https:\/\/www.practicbcn.com\/ca\/?s={search_term_string}"},"query-input":{"@type":"PropertyValueSpecification","valueRequired":true,"valueName":"search_term_string"}}],"inLanguage":"ca"},{"@type":"Organization","@id":"https:\/\/www.practicbcn.com\/ca\/#organization","name":"Practic BCN","url":"https:\/\/www.practicbcn.com\/ca\/","logo":{"@type":"ImageObject","inLanguage":"ca","@id":"https:\/\/www.practicbcn.com\/ca\/#\/schema\/logo\/image\/","url":"https:\/\/www.practicbcn.com\/wp-content\/uploads\/2018\/01\/LOGO-PRACTIC.jpg","contentUrl":"https:\/\/www.practicbcn.com\/wp-content\/uploads\/2018\/01\/LOGO-PRACTIC.jpg","width":679,"height":676,"caption":"Practic BCN"},"image":{"@id":"https:\/\/www.practicbcn.com\/ca\/#\/schema\/logo\/image\/"}},{"@type":"Person","@id":"https:\/\/www.practicbcn.com\/ca\/#\/schema\/person\/b1bf6fae906bb2caf24a3ed0699b35a1","name":"cantu","image":{"@type":"ImageObject","inLanguage":"ca","@id":"https:\/\/secure.gravatar.com\/avatar\/9bf69246e68f8fa9721cc29ec236bd9daee6f76dfca26b3ddd7625676a5c2f9c?s=96&d=mm&r=g","url":"https:\/\/secure.gravatar.com\/avatar\/9bf69246e68f8fa9721cc29ec236bd9daee6f76dfca26b3ddd7625676a5c2f9c?s=96&d=mm&r=g","contentUrl":"https:\/\/secure.gravatar.com\/avatar\/9bf69246e68f8fa9721cc29ec236bd9daee6f76dfca26b3ddd7625676a5c2f9c?s=96&d=mm&r=g","caption":"cantu"}}]}},"_links":{"self":[{"href":"https:\/\/www.practicbcn.com\/ca\/wp-json\/wp\/v2\/posts\/3310","targetHints":{"allow":["GET"]}}],"collection":[{"href":"https:\/\/www.practicbcn.com\/ca\/wp-json\/wp\/v2\/posts"}],"about":[{"href":"https:\/\/www.practicbcn.com\/ca\/wp-json\/wp\/v2\/types\/post"}],"author":[{"embeddable":true,"href":"https:\/\/www.practicbcn.com\/ca\/wp-json\/wp\/v2\/users\/3"}],"replies":[{"embeddable":true,"href":"https:\/\/www.practicbcn.com\/ca\/wp-json\/wp\/v2\/comments?post=3310"}],"version-history":[{"count":0,"href":"https:\/\/www.practicbcn.com\/ca\/wp-json\/wp\/v2\/posts\/3310\/revisions"}],"wp:featuredmedia":[{"embeddable":true,"href":"https:\/\/www.practicbcn.com\/ca\/wp-json\/wp\/v2\/media\/3313"}],"wp:attachment":[{"href":"https:\/\/www.practicbcn.com\/ca\/wp-json\/wp\/v2\/media?parent=3310"}],"wp:term":[{"taxonomy":"category","embeddable":true,"href":"https:\/\/www.practicbcn.com\/ca\/wp-json\/wp\/v2\/categories?post=3310"},{"taxonomy":"post_tag","embeddable":true,"href":"https:\/\/www.practicbcn.com\/ca\/wp-json\/wp\/v2\/tags?post=3310"}],"curies":[{"name":"wp","href":"https:\/\/api.w.org\/{rel}","templated":true}]}}