{"id":27337,"date":"2026-01-13T16:57:14","date_gmt":"2026-01-13T16:57:14","guid":{"rendered":"https:\/\/www.practicbcn.com\/?p=27337"},"modified":"2026-01-13T16:57:19","modified_gmt":"2026-01-13T16:57:19","slug":"sueldo-de-administrativo-del-estado-2026-todo-lo-que-necesitas-saber","status":"publish","type":"post","link":"https:\/\/www.practicbcn.com\/ca\/sueldo-de-administrativo-del-estado-2026-todo-lo-que-necesitas-saber\/","title":{"rendered":"Sueldo de Administrativo del Estado 2026: Todo lo que necesitas saber"},"content":{"rendered":"<p>[et_pb_section fb_built=&#8221;1&#8243; _builder_version=&#8221;4.16&#8243; _module_preset=&#8221;default&#8221; global_colors_info=&#8221;{}&#8221;][et_pb_row column_structure=&#8221;3_5,2_5&#8243; _builder_version=&#8221;4.16&#8243; _module_preset=&#8221;default&#8221; global_colors_info=&#8221;{}&#8221;][et_pb_column type=&#8221;3_5&#8243; _builder_version=&#8221;4.16&#8243; _module_preset=&#8221;default&#8221; global_colors_info=&#8221;{}&#8221;][et_pb_text _builder_version=&#8221;4.27.4&#8243; _module_preset=&#8221;default&#8221; hover_enabled=&#8221;0&#8243; global_colors_info=&#8221;{}&#8221; sticky_enabled=&#8221;0&#8243;]<\/p>\n<p data-start=\"208\" data-end=\"413\">Si est\u00e1s preparando las oposiciones o te planteas una carrera en la <strong data-start=\"276\" data-end=\"313\">Administraci\u00f3n General del Estado<\/strong> como <strong data-start=\"319\" data-end=\"360\"><a href=\"https:\/\/www.practicbcn.com\/oposiciones-administrativo-estado-en-barcelona\/\">Administrativo<\/a> (Grupo C, Subgrupo C1)<\/strong>, es natural preguntarse: <strong data-start=\"386\" data-end=\"411\">\u00bfCu\u00e1nto voy a cobrar?<\/strong><\/p>\n<p data-start=\"415\" data-end=\"594\">En este art\u00edculo te explicamos de forma clara cu\u00e1nto gana un Administrativo\/a del Estado en 2026, c\u00f3mo se compone su salario y qu\u00e9 factores pueden influir en la retribuci\u00f3n final.<\/p>\n<h2 data-start=\"601\" data-end=\"655\">\u00a0<\/h2>\n<h2 data-start=\"601\" data-end=\"655\">1. Retribuciones de un Administrativo del Estado<\/h2>\n<p data-start=\"657\" data-end=\"972\">El salario de un Administrativo del Estado no es una cifra \u00fanica, sino la suma de varias partidas que conforman la <strong data-start=\"772\" data-end=\"793\">retribuci\u00f3n total<\/strong>. En 2026, el sueldo estimado para este cuerpo se sit\u00faa aproximadamente entre <strong data-start=\"871\" data-end=\"921\">1.900\u202f\u20ac y 2.300\u202f\u20ac brutos mensuales en 14 pagas<\/strong>, aunque puede variar seg\u00fan destino y complementos.<\/p>\n<p data-start=\"974\" data-end=\"993\">Este rango incluye:<\/p>\n<p data-start=\"995\" data-end=\"1174\"><strong data-start=\"998\" data-end=\"1013\">Sueldo base<\/strong><br data-start=\"1013\" data-end=\"1016\" \/><strong data-start=\"1019\" data-end=\"1058\">Complementos espec\u00edficos del puesto<\/strong><br data-start=\"1058\" data-end=\"1061\" \/><strong data-start=\"1064\" data-end=\"1090\">Complemento de destino<\/strong><br data-start=\"1090\" data-end=\"1093\" \/><strong data-start=\"1096\" data-end=\"1141\">Complemento de productividad (si procede)<\/strong><br data-start=\"1141\" data-end=\"1144\" \/><strong data-start=\"1147\" data-end=\"1174\">Trienios por antig\u00fcedad<\/strong><\/p>\n<h2 data-start=\"1181\" data-end=\"1219\">\u00a0<\/h2>\n<h2 data-start=\"1181\" data-end=\"1219\">2. \u00bfC\u00f3mo se desglosa el salario?<\/h2>\n<p data-start=\"1221\" data-end=\"1325\">Las retribuciones de un funcionario de la Administraci\u00f3n General del Estado se dividen en varias partes:<\/p>\n<h3 data-start=\"1327\" data-end=\"1349\"><strong data-start=\"1334\" data-end=\"1349\">Sueldo base<\/strong><\/h3>\n<p data-start=\"1350\" data-end=\"1575\">Es la parte fija que todos los funcionarios reciben por el hecho de pertenecer a un determinado grupo. Para el cuerpo de <strong data-start=\"1471\" data-end=\"1495\">Administrativos (C1)<\/strong>, en 2026 el sueldo base se estima en torno a <strong data-start=\"1541\" data-end=\"1574\">unos 1.100\u202f\u20ac brutos mensuales<\/strong>.<\/p>\n<p data-start=\"1577\" data-end=\"1714\">El monto exacto lo establecen las tablas salariales oficiales publicadas por el Ministerio correspondiente y puede actualizarse cada a\u00f1o.<\/p>\n<h3 data-start=\"1721\" data-end=\"1754\"><strong data-start=\"1728\" data-end=\"1754\">Complemento de destino<\/strong><\/h3>\n<p data-start=\"1755\" data-end=\"1974\">Este complemento depende del nivel del puesto dentro de la estructura administrativa y no cambia aunque cambies de centro de trabajo. Suele oscilar entre <strong data-start=\"1909\" data-end=\"1941\">unos 260\u202f\u20ac y 400\u202f\u20ac mensuales<\/strong> en funci\u00f3n del destino asignado.<\/p>\n<h3 data-start=\"1981\" data-end=\"2014\"><strong data-start=\"1988\" data-end=\"2014\">Complemento espec\u00edfico<\/strong><\/h3>\n<p data-start=\"2015\" data-end=\"2179\">Algunos destinos o funciones pueden implicar una cantidad adicional por circunstancias particulares (por ejemplo, por trabajo en unidades con alta responsabilidad).<\/p>\n<p data-start=\"2181\" data-end=\"2252\">Aunque no siempre se aplica, puede sumar <strong data-start=\"2222\" data-end=\"2251\">entre 50\u202f\u20ac y 150\u202f\u20ac al mes<\/strong>.<\/p>\n<h3 data-start=\"2259\" data-end=\"2291\"><strong data-start=\"2266\" data-end=\"2291\">Trienios (antig\u00fcedad)<\/strong><\/h3>\n<p data-start=\"2292\" data-end=\"2408\">Por cada 3 a\u00f1os de servicio se reconoce un <strong data-start=\"2335\" data-end=\"2346\">trienio<\/strong>, que en muchos cuerpos ronda los <strong data-start=\"2380\" data-end=\"2407\">30\u202f\u20ac\u201150\u202f\u20ac brutos al mes<\/strong>.<\/p>\n<p data-start=\"2410\" data-end=\"2533\">As\u00ed, un Administrativo con 6 o 9 a\u00f1os de antig\u00fcedad podr\u00eda tener <strong data-start=\"2475\" data-end=\"2501\">60\u202f\u20ac\u2011100\u202f\u20ac adicionales<\/strong> al mes en concepto de trienios.<\/p>\n<h3 data-start=\"2540\" data-end=\"2589\"><strong data-start=\"2547\" data-end=\"2589\">Productividad o complementos variables<\/strong><\/h3>\n<p data-start=\"2590\" data-end=\"2757\">En algunos casos, dependiendo del servicio y de la evaluaci\u00f3n de desempe\u00f1o, puede a\u00f1adirse un complemento variable, aunque no est\u00e1 garantizado ni en todos los puestos.<\/p>\n<h2 data-start=\"2764\" data-end=\"2808\">3. Pagas extraordinarias y total anual<\/h2>\n<p data-start=\"2810\" data-end=\"3041\">Los funcionarios cobran normalmente <strong data-start=\"2846\" data-end=\"2865\">14 pagas al a\u00f1o<\/strong>: 12 mensuales m\u00e1s <strong data-start=\"2884\" data-end=\"2905\">2 extraordinarias<\/strong> (generalmente en junio y diciembre). Esto significa que la cifra anual puede ser mayor que la simple multiplicaci\u00f3n del sueldo mensual.<\/p>\n<p data-start=\"3043\" data-end=\"3063\">Ejemplo estimado:<\/p>\n<div class=\"TyagGW_tableContainer\">\n<div class=\"group TyagGW_tableWrapper flex w-fit flex-col-reverse\" tabindex=\"-1\">\n<table class=\"w-fit min-w-(--thread-content-width)\" data-start=\"3065\" data-end=\"3337\">\n<thead data-start=\"3065\" data-end=\"3098\">\n<tr data-start=\"3065\" data-end=\"3098\">\n<th data-start=\"3065\" data-end=\"3076\" data-col-size=\"sm\">Concepto<\/th>\n<th data-start=\"3076\" data-end=\"3098\" data-col-size=\"sm\">Importe aproximado<\/th>\n<\/tr>\n<\/thead>\n<tbody data-start=\"3133\" data-end=\"3337\">\n<tr data-start=\"3133\" data-end=\"3163\">\n<td data-start=\"3133\" data-end=\"3147\" data-col-size=\"sm\">Sueldo base<\/td>\n<td data-start=\"3147\" data-end=\"3163\" data-col-size=\"sm\">~1.100\u202f\u20ac\/mes<\/td>\n<\/tr>\n<tr data-start=\"3164\" data-end=\"3203\">\n<td data-start=\"3164\" data-end=\"3189\" data-col-size=\"sm\">Complemento de destino<\/td>\n<td data-start=\"3189\" data-end=\"3203\" data-col-size=\"sm\">~350\u202f\u20ac\/mes<\/td>\n<\/tr>\n<tr data-start=\"3204\" data-end=\"3241\">\n<td data-start=\"3204\" data-end=\"3215\" data-col-size=\"sm\">Trienios<\/td>\n<td data-start=\"3215\" data-end=\"3241\" data-col-size=\"sm\">~60\u202f\u20ac\/mes (2 trienios)<\/td>\n<\/tr>\n<tr data-start=\"3242\" data-end=\"3290\">\n<td data-start=\"3242\" data-end=\"3278\" data-col-size=\"sm\"><strong data-start=\"3244\" data-end=\"3277\">Sueldo bruto mensual estimado<\/strong><\/td>\n<td data-start=\"3278\" data-end=\"3290\" data-col-size=\"sm\">~1.510\u202f\u20ac<\/td>\n<\/tr>\n<tr data-start=\"3291\" data-end=\"3337\">\n<td data-start=\"3291\" data-end=\"3309\" data-col-size=\"sm\">14 pagas al a\u00f1o<\/td>\n<td data-start=\"3309\" data-end=\"3337\" data-col-size=\"sm\">~21.140\u202f\u20ac brutos anuales<\/td>\n<\/tr>\n<\/tbody>\n<\/table>\n<\/div>\n<\/div>\n<p data-start=\"3339\" data-end=\"3478\">En destinos con complementos m\u00e1s altos o con trienios acumulados, este total puede subir a <strong data-start=\"3430\" data-end=\"3466\">25.000\u202f\u20ac\u201128.000\u202f\u20ac brutos anuales<\/strong> f\u00e1cilmente.<\/p>\n<h2 data-start=\"3485\" data-end=\"3530\">4. Variables que influyen en el salario<\/h2>\n<p data-start=\"3532\" data-end=\"3582\">El sueldo real puede variar seg\u00fan varios factores:<\/p>\n<h3 data-start=\"3584\" data-end=\"3632\"><strong data-start=\"3594\" data-end=\"3632\">Destino y nivel de responsabilidad<\/strong><\/h3>\n<p data-start=\"3633\" data-end=\"3743\">Los puestos con mayor responsabilidad o destinos con complemento de destino m\u00e1s alto mejoran el salario final.<\/p>\n<h3 data-start=\"3745\" data-end=\"3776\"><strong data-start=\"3752\" data-end=\"3776\">Ubicaci\u00f3n geogr\u00e1fica<\/strong><\/h3>\n<p data-start=\"3777\" data-end=\"3898\">Algunos destinos con mayor costo de vida (por ejemplo, sedes en grandes capitales) pueden ofrecer complementos m\u00e1s altos.<\/p>\n<h3 data-start=\"3900\" data-end=\"3921\"><strong data-start=\"3907\" data-end=\"3921\">Antig\u00fcedad<\/strong><\/h3>\n<p data-start=\"3922\" data-end=\"3980\">Los trienios acumulados aumentan el salario con el tiempo.<\/p>\n<h3 data-start=\"3982\" data-end=\"4015\"><strong data-start=\"3989\" data-end=\"4015\">Complementos variables<\/strong><\/h3>\n<p data-start=\"4016\" data-end=\"4123\">Seg\u00fan evaluaciones de desempe\u00f1o o productividad en unidades espec\u00edficas, puede haber compensaciones extras.<\/p>\n<h2 data-start=\"4130\" data-end=\"4168\">\u00a0<\/h2>\n<h2 data-start=\"4130\" data-end=\"4168\">5. Comparaci\u00f3n con otros cuerpos<\/h2>\n<p data-start=\"4170\" data-end=\"4442\">En la estructura de la Administraci\u00f3n del Estado, el <strong data-start=\"4223\" data-end=\"4257\">sueldo de un Administrativo C1<\/strong> suele ser menor que el de cuerpos superiores (como <strong data-start=\"4309\" data-end=\"4331\">Gesti\u00f3n del Estado<\/strong> o <strong data-start=\"4334\" data-end=\"4357\">T\u00e9cnicos Superiores<\/strong>), pero <strong data-start=\"4365\" data-end=\"4380\">m\u00e1s elevado<\/strong> que el de cuerpos de grupo C2 (como Auxiliar Administrativo).<\/p>\n<p data-start=\"4444\" data-end=\"4628\"><strong data-start=\"4447\" data-end=\"4480\">Auxiliar Administrativo (C2):<\/strong> alrededor de 1.400\u202f\u20ac\u20111.700\u202f\u20ac brutos\/mes<br data-start=\"4520\" data-end=\"4523\" \/><strong data-start=\"4526\" data-end=\"4550\">Administrativo (C1):<\/strong> 1.900\u202f\u20ac\u20112.300\u202f\u20ac brutos\/mes<br data-start=\"4577\" data-end=\"4580\" \/><strong data-start=\"4583\" data-end=\"4600\">Gesti\u00f3n (A2):<\/strong> 2.400\u202f\u20ac\u20113.000\u202f\u20ac+ brutos\/mes<\/p>\n<h2 data-start=\"4635\" data-end=\"4664\">\u00a0<\/h2>\n<h2 data-start=\"4635\" data-end=\"4664\">6. Sueldo neto estimado<\/h2>\n<p data-start=\"4666\" data-end=\"4776\">Tras aplicar retenciones de <strong data-start=\"4694\" data-end=\"4702\">IRPF<\/strong> y cotizaciones sociales, el <strong data-start=\"4731\" data-end=\"4754\">sueldo neto mensual<\/strong> suele situarse entre:<\/p>\n<p data-start=\"4778\" data-end=\"4893\"><strong data-start=\"4781\" data-end=\"4815\">1.500\u202f\u20ac y 1.850\u202f\u20ac netos al mes<\/strong>, dependiendo de las circunstancias personales y la retenci\u00f3n que te apliquen.<\/p>\n<h2 data-start=\"4900\" data-end=\"4940\">\u00a0<\/h2>\n<h2 data-start=\"4900\" data-end=\"4940\">\u00bfEs un buen sueldo?<\/h2>\n<p data-start=\"4942\" data-end=\"5182\">El <strong data-start=\"4945\" data-end=\"4995\">sueldo de un Administrativo del Estado en 2026<\/strong> es <strong data-start=\"4999\" data-end=\"5024\">competitivo y estable<\/strong>, especialmente cuando se compara con muchos empleos del sector privado con jornadas similares. Adem\u00e1s de las retribuciones b\u00e1sicas, el empleo p\u00fablico ofrece:<\/p>\n<p data-start=\"5184\" data-end=\"5357\">\u2705 Estabilidad laboral<br data-start=\"5205\" data-end=\"5208\" \/>\u2705 Progresi\u00f3n por antig\u00fcedad (trienios)<br data-start=\"5246\" data-end=\"5249\" \/>\u2705 Pagas extraordinarias<br data-start=\"5272\" data-end=\"5275\" \/>\u2705 Fiestas locales y vacaciones garantizadas<br data-start=\"5318\" data-end=\"5321\" \/>\u2705 Conciliaci\u00f3n y beneficios sociales<\/p>\n<p data-start=\"5359\" data-end=\"5485\">Todo ello convierte las <strong data-start=\"5383\" data-end=\"5426\">oposiciones a Administrativo del Estado<\/strong> en una opci\u00f3n atractiva para miles de opositores cada a\u00f1o.<\/p>\n<p>[\/et_pb_text][\/et_pb_column][et_pb_column type=&#8221;2_5&#8243; _builder_version=&#8221;4.16&#8243; _module_preset=&#8221;default&#8221; global_colors_info=&#8221;{}&#8221;][et_pb_code admin_label=&#8221;formulario&#8221; _builder_version=&#8221;4.27.4&#8243; _module_preset=&#8221;default&#8221; global_module=&#8221;26217&#8243; saved_tabs=&#8221;all&#8221; global_colors_info=&#8221;{}&#8221;]<\/p>\n<h3><strong>Solicita informaci\u00f3n sin compromiso<\/strong><\/h3>\n<p><\/center><!\u2013- [et_pb_br_holder] -\u2013><!-- [et_pb_line_break_holder] --><iframe loading=\"lazy\" src=\"https:\/\/www.practicbcn.com\/formulario\/form.php\" width=\"400\" height=\"650\" frameborder=\"0\" scrolling=\"no\"><\/iframe>[\/et_pb_code][et_pb_text admin_label=&#8221;opiniones&#8221; _builder_version=&#8221;4.27.4&#8243; _module_preset=&#8221;default&#8221; global_module=&#8221;26218&#8243; saved_tabs=&#8221;all&#8221; global_colors_info=&#8221;{}&#8221;]<\/p>\n<h3 style=\"text-align: center;\"><strong>OPINIONES<\/strong><\/h3>\n<p><img loading=\"lazy\" decoding=\"async\" class=\"wp-image-26215 alignnone size-full\" src=\"https:\/\/www.practicbcn.com\/wp-content\/uploads\/2025\/05\/5.png.webp\" alt=\"\" width=\"96\" height=\"15\" \/><br \/>Daros las gracias por este a\u00f1o de formaci\u00f3n, por vuestra atenci\u00f3n y profesionalidad. He conseguido un sue\u00f1o. La semana que viene firmo mi contrato con Correos. Os recomiendo sin duda alguna este centro de formaci\u00f3n.<\/p>\n<p><strong>Alberto L\u00f3pez<\/strong><\/p>\n<p>&nbsp;<\/p>\n<p><img loading=\"lazy\" decoding=\"async\" class=\"wp-image-26215 alignnone size-full\" src=\"https:\/\/www.practicbcn.com\/wp-content\/uploads\/2025\/05\/5.png.webp\" alt=\"\" width=\"96\" height=\"15\" \/><br \/>Muy buena atenci\u00f3n y genial preparaci\u00f3n para las oposiciones.<br \/>El personal es muy atento y competente, ofreciendo un servicio de calidad.<br \/>Te proporcionan las herramientas necesarias para presentarte a la oposici\u00f3n y poder obtener un resultado satisfactorio<\/p>\n<p><strong>Marc Lloren\u00e7<\/strong><\/p>\n<p>&nbsp;<\/p>\n<p><img loading=\"lazy\" decoding=\"async\" class=\"wp-image-26215 alignnone size-full\" src=\"https:\/\/www.practicbcn.com\/wp-content\/uploads\/2025\/05\/5.png.webp\" alt=\"\" width=\"96\" height=\"15\" \/><br \/>Llevo unos meses como alumna y mi experiencia es excelente. Estoy muy agradecida porque los profesores hacen un seguimiento personalizado y resuelven todas las dudas. Adem\u00e1s, ponen a nuestra disposici\u00f3n todo el material necesario, de forma bien organizada, para que la formaci\u00f3n sea completa y disponible en cualquier horario.<\/p>\n<p><strong>Silvia<\/strong><\/p>\n<p>&nbsp;<\/p>\n<p>[\/et_pb_text][\/et_pb_column][\/et_pb_row][\/et_pb_section]<\/p>\n","protected":false},"excerpt":{"rendered":"<p>Tens dubtes sobre qu\u00e8 \u00e9s un subaltern? Quines funcions desenvolupa? Si necessita alguna habilitat o capacitat espec\u00edfica? Coneix aqu\u00ed tot i m\u00e9s sobre els subalterns i el proc\u00e9s de les seves oposicions.<\/p>\n","protected":false},"author":3,"featured_media":27102,"comment_status":"closed","ping_status":"closed","sticky":false,"template":"","format":"standard","meta":{"_et_pb_use_builder":"on","_et_pb_old_content":"<p>[et_pb_section fb_built=\"1\" _builder_version=\"4.16\" _module_preset=\"default\" global_colors_info=\"{}\"][et_pb_row _builder_version=\"4.16\" _module_preset=\"default\" global_colors_info=\"{}\" column_structure=\"3_5,2_5\"][et_pb_column type=\"3_5\" _builder_version=\"4.16\" _module_preset=\"default\" global_colors_info=\"{}\"][et_pb_text _builder_version=\"4.16\" _module_preset=\"default\" global_colors_info=\"{}\"]<\/p><p style=\"text-align: justify;\"><span style=\"font-size: 12pt;\"><span style=\"font-weight: 400;\">Quan pensem en les<\/span><strong><em>f uncions del subaltern<\/em><\/strong><span style=\"font-weight: 400;\">, ens ve al capdavant la vigil\u00e0ncia d'un edifici p\u00fablic i el seu manteniment. Per\u00f2 ser subaltern \u00e9s molt m\u00e9s que aix\u00f2<\/span><\/span><\/p><p style=\"text-align: justify;\"><span style=\"font-weight: 400; font-size: 12pt;\">La seva professi\u00f3 suposa un servei i atenci\u00f3 al p\u00fablic. Amb diverses tasques importants. Si vols con\u00e8ixer el lloc de subaltern: funcions, compet\u00e8ncies i oposicions a superar per fer-te amb una pla\u00e7a, continua llegint aquest post.<\/span><\/p><p>\u00a0<\/p><h2 style=\"text-align: justify;\"><span style=\"font-weight: 400;\">A qu\u00e8 es dedica un subaltern?<\/span><\/h2><p style=\"text-align: justify;\"><img class=\"alignright wp-image-13029 size-full\" style=\"text-align: justify;\" src=\"https:\/\/www.practicbcn.com\/wp-content\/uploads\/2021\/03\/POST-08_03_2021-12_03_2021.png\" alt=\"funcions-del-subaltern\" width=\"500\" height=\"310\" \/><\/p><p style=\"text-align: justify;\"><span style=\"font-size: 12pt;\"><span style=\"font-weight: 400;\">Abans de comen\u00e7ar a<\/span> <span style=\"font-weight: 400;\">estudiar les oposicions de subaltern<\/span><span style=\"font-weight: 400;\">, et recomanem que coneguis en qu\u00e8 consisteix el seu treball.<\/span><\/span><\/p><p style=\"text-align: justify;\"><span style=\"font-size: 12pt;\"><span style=\"font-weight: 400;\">En primer lloc, has de saber que com a subaltern ser\u00e0s un<\/span> <b>funcionari p\u00fablic.<\/b><span style=\"font-weight: 400;\">. T'encarregar\u00e0s de la gesti\u00f3, el control i la vigil\u00e0ncia d'ajuntaments, diputacions, centres c\u00edvics, museus\u2026<\/span><\/span><\/p><p style=\"text-align: justify;\"><span style=\"font-weight: 400; font-size: 12pt;\">Assumir\u00e0s tasques importants. La teva missi\u00f3 \u00e9s el correcte funcionament de la instituci\u00f3. Per\u00f2 a m\u00e9s ser\u00e0s la cara visible d'aquesta. Els visitants i usuaris dirigiran els seus dubtes cap a tu. Ja que ets al primer que veuran.<\/span><\/p><p style=\"text-align: justify;\"><span style=\"font-weight: 400; font-size: 12pt;\">Les <strong>funcions del subaltern<\/strong> poden variar. En funci\u00f3 del lloc al qual siguis destinat, tindr\u00e0s unes prioritats o altres. Fins i tot pot canviar depenent de la comunitat aut\u00f2noma.<\/span><\/p><p style=\"text-align: justify;\"><span style=\"font-weight: 400; font-size: 12pt;\">Per\u00f2 existeixen diverses funcions, que haur\u00e0s de realitzar independentment del teu dest\u00ed.<\/span><\/p><p>\u00a0<\/p><h2 style=\"text-align: justify;\"><span style=\"font-weight: 400;\">Quines s\u00f3n les principals funcions del subaltern?<\/span><\/h2><p>\u00a0<\/p><ul><li style=\"text-align: justify;\"><span style=\"font-size: 12pt;\"><b>Assegurar les instal\u00b7lacions, el mobiliari i el material.<\/b><span style=\"font-weight: 400;\"> Com a subaltern haur\u00e0s de garantir l'ordre i el bon \u00fas de les instal\u00b7lacions. En altres paraules, evitar les males pr\u00e0ctiques dels visitants per a la conservaci\u00f3 de la infraestructura.<\/span><\/span><\/li><li style=\"text-align: justify;\"><span style=\"font-size: 12pt;\"><b>Vigilar l'edifici.<\/b><span style=\"font-weight: 400;\"> Et pots encarregar de l'entrada al recinte. A m\u00e9s de controlar a les persones que accedeixen a les instal\u00b7lacions, informar-les quan tinguin dubtes i cridar la seva atenci\u00f3 quan no es comportin.<\/span><\/span><\/li><li style=\"text-align: justify;\"><span style=\"font-size: 12pt;\"><b>Rebre i distribuir documents, objectius i correspond\u00e8ncia.<\/b><span style=\"font-weight: 400;\"> Haur\u00e0s d'estar atent a la recepci\u00f3 de cartes, documents\u2026 A m\u00e9s de lliurar-los als seus destinataris o departaments corresponents dins de la instituci\u00f3.<\/span><\/span><\/li><li style=\"text-align: justify;\"><span style=\"font-size: 12pt;\"><b>Custodiar les claus de despatxos i oficines.<\/b><span style=\"font-weight: 400;\"> Tindr\u00e0s acc\u00e9s a totes les sales de l'edifici, per la qual cosa deur\u00e0s saber quina sala obre cada clau. Aix\u00ed com tenir-les sempre a m\u00e0, per si cal disposar d'elles.<\/span><\/span><\/li><li style=\"text-align: justify;\"><span style=\"font-size: 12pt;\"><b>Resoldre els dubtes dels usuaris.<\/b><span style=\"font-weight: 400;\"> L'atenci\u00f3 al p\u00fablic \u00e9s una labor important, haur\u00e0s de tractar de resoldre tots els dubtes que els usuaris tinguin de les depend\u00e8ncies p\u00fabliques, o saber orientar-los a les persones que resoldran els seus dubtes.<\/span><\/span><\/li><li style=\"text-align: justify;\"><span style=\"font-size: 12pt;\"><b>Con\u00e8ixer l'inventari i controlar les seves exist\u00e8ncies<\/b><span style=\"font-weight: 400;\">. Haur\u00e0s de portar un control dels materials i provisions fonamentals.<\/span><\/span><\/li><li style=\"text-align: justify;\"><span style=\"font-size: 12pt;\"><b>Utilitzar fotocopiadores.<\/b><span style=\"font-weight: 400;\"> La funci\u00f3 de reprografia \u00e9s teva. T'encarregar\u00e0s de fotocopiar i enquadernar quan calgui.<\/span><\/span><\/li><li style=\"text-align: justify;\"><span style=\"font-size: 12pt;\"><b>Trasllat de material o mobiliari.<\/b><span style=\"font-weight: 400;\"> L'\u00faltima funci\u00f3 general que far\u00e0s ser\u00e0 col\u00b7locar o recol\u00b7locar material i mobiliari per habilitar sales i crear espai quan se celebrin actes p\u00fablics.<\/span><\/span><\/li><\/ul><p>\u00a0<\/p><p style=\"text-align: center;\">[bctt tweet=\"Tens dubtes sobre qu\u00e8 \u00e9s un subaltern? Quines funcions desenvolupa? Si necessita alguna habilitat o capacitat espec\u00edfica? Coneix aqu\u00ed tot i m\u00e9s sobre els subalterns i el proc\u00e9s de les oposicions.\" username=\"practicbcn\"]<\/p><p>\u00a0<\/p><h2 style=\"text-align: justify;\"><span style=\"font-weight: 400;\">Oposicions Subaltern<\/span><\/h2><p>\u00a0<\/p><p style=\"text-align: justify;\"><span style=\"font-size: 12pt;\"><span style=\"font-weight: 400;\">Si est\u00e0s capacitat per realitzar les <strong>funcions del subaltern<\/strong> i desitges treballar en una entitat p\u00fablica amb una ocupaci\u00f3 fixa, \u00e9s hora que et preparis les oposicions. Per con\u00e8ixer tot sobre el proc\u00e9s selectiu et recomanem que consultis l'<\/span><span style=\"font-weight: 400;\">apartat de subaltern en la web de la Generalitat.<\/span><\/span><\/p><p style=\"text-align: justify;\"><span style=\"font-weight: 400; font-size: 12pt;\">Per a aix\u00f2 haur\u00e0s d'estudiar un temari compost de quatre blocs, on adquirir\u00e0s coneixements de dret constitucional, administratiu, la llei de r\u00e8gim local, prevenci\u00f3 de riscos laborals i cultura general. La fase d'oposici\u00f3 consta de dues proves. Seguida d'una fase de concurs.<\/span><\/p><p>\u00a0<\/p><h3 style=\"text-align: justify;\"><span style=\"font-weight: 400;\">Primera prova<\/span><\/h3><p>\u00a0<\/p><p style=\"text-align: justify;\"><span style=\"font-weight: 400; font-size: 12pt;\">L'examen de l'oposici\u00f3 est\u00e0 compost per tres exercicis que has de superar:<\/span><\/p><ol style=\"text-align: justify;\"><li><span style=\"font-weight: 400; font-size: 12pt;\">Un q\u00fcestionari tipus test, amb preguntes alternatives sobretot el programa (el temari de l'oposici\u00f3).<\/span><\/li><li><span style=\"font-weight: 400; font-size: 12pt;\">Un exercici escrit, on haur\u00e0s de contestar a preguntes de cultura general i algun exercici de matem\u00e0tiques.<\/span><\/li><li><span style=\"font-weight: 400; font-size: 12pt;\">Resoldre diversos sup\u00f2sits pr\u00e0ctics, relacionats amb les <strong>funcions del subaltern<\/strong>.<\/span><\/li><\/ol><p style=\"text-align: justify;\"><span style=\"font-weight: 400; font-size: 12pt;\">Recorda que tots aquests exercicis s\u00f3n obligatoris i eliminatoris, per la qual cosa per aconseguir la teva pla\u00e7a m\u00ednim haur\u00e0s d'aprovar totes les parts.<\/span><\/p><p>\u00a0<\/p><h3 style=\"text-align: justify;\"><span style=\"font-weight: 400;\">Segona prova<\/span><\/h3><p>\u00a0<\/p><p style=\"text-align: justify;\"><span style=\"font-weight: 400; font-size: 12pt;\">La segona prova de les oposicions de subaltern estar\u00e0 formada per ex\u00e0mens de llengua catalana i castellana.<\/span><\/p><p style=\"text-align: justify;\"><span style=\"font-weight: 400; font-size: 12pt;\">Aquests ex\u00e0mens no haur\u00e0s de realitzar-los si pots acreditar un nivell B2 de catal\u00e0. I si disposes de la nacionalitat espanyola.<\/span><\/p><ul><li style=\"text-align: justify;\"><span style=\"font-size: 12pt;\"><span style=\"font-weight: 400;\">Prova de coneixements de la llengua catalana. \u00c9s aquest exercici, haur\u00e0s de redactar una carta formal de 100 paraules, una nota de 50 i resoldre diversos exercicis de gram\u00e0tica i vocabulari. <\/span><\/span><span style=\"font-weight: 400; font-size: 12pt;\">A m\u00e9s, haur\u00e0s de llegir un text en veu alta, i mantenir una petita conversa.<\/span><\/li><li style=\"text-align: justify;\"><span style=\"font-size: 12pt;\"><span style=\"font-weight: 400;\">Prova de coneixements del castell\u00e0. Aquest exercici \u00e9s m\u00e9s simple. \u00danicament haur\u00e0s de fer una redacci\u00f3 de 150 paraules en 45 minuts i mantenir una conversa de 15 amb el tribunal qualificador.<\/span><\/span><\/li><\/ul><p style=\"text-align: justify;\"><span style=\"font-weight: 400; font-size: 12pt;\">Com aquestes proves no s\u00f3n obligat\u00f2ries per tothom, la seva qualificaci\u00f3 no ser\u00e0 per punts. Si no que es valorar\u00e0 entre apte i no apte.<\/span><\/p><p>\u00a0<\/p><h3 style=\"text-align: justify;\"><span style=\"font-weight: 400;\">Concurs de m\u00e8rits<\/span><\/h3><p>\u00a0<\/p><p style=\"text-align: justify;\"><span style=\"font-weight: 400; font-size: 12pt;\">Una vegada acabada la fase d'ex\u00e0mens, el Tribunal valorar\u00e0 els m\u00e8rits aportats a les oposicions.<\/span><\/p><p style=\"text-align: justify;\"><span style=\"font-weight: 400; font-size: 12pt;\">En funci\u00f3 dels m\u00e8rits que lliuris podr\u00e0s <b>puntuar fins a 66,6 punts<\/b>. Es valorar\u00e0 l'experi\u00e8ncia en llocs similars. A m\u00e9s tamb\u00e9 seran valorades les teves compet\u00e8ncies tecnol\u00f2giques.<\/span><\/p><p style=\"text-align: justify;\"><span style=\"font-weight: 400; font-size: 12pt;\">Els m\u00e8rits han de ser acreditats en el termini de 10 dies h\u00e0bils des del dia que es publiquin els resultats de l'oposici\u00f3.<\/span><\/p><p>\u00a0<\/p><h2 style=\"text-align: justify;\"><span style=\"font-weight: 400;\">Requisits per complir les funcions del subaltern<\/span><\/h2><p>\u00a0<\/p><p style=\"text-align: justify;\"><span style=\"font-weight: 400; font-size: 12pt;\">Igual que la resta de funcionaris de l'estat, per treballar com a subaltern haur\u00e0s de complir uns requisits m\u00ednims, abans de presentar-te a l'oposici\u00f3:<\/span><\/p><ul><li style=\"text-align: justify;\"><span style=\"font-size: 12pt;\"><span style=\"font-weight: 400;\">Tenir nacionalitat espanyola, perm\u00eds de resid\u00e8ncia i treball o ser membre de la Uni\u00f3 Europea.<\/span><\/span><\/li><li style=\"text-align: justify;\"><span style=\"font-size: 12pt;\"><span style=\"font-weight: 400;\">Ser major d'edat i no trobar-se en edat for\u00e7osa de jubilaci\u00f3.<\/span><\/span><\/li><li style=\"text-align: justify;\"><span style=\"font-size: 12pt;\"><span style=\"font-weight: 400;\">Tenir els estudis primaris, graduat escolar, o FP de Primer Grau.<\/span><\/span><\/li><li style=\"text-align: justify;\"><span style=\"font-size: 12pt;\"><span style=\"font-weight: 400;\">No tenir limitacions f\u00edsiques o ps\u00edquiques que impedeixin l'acompliment de les<\/span> <strong>funcions del subaltern<\/strong><span style=\"font-weight: 400;\">.<\/span><\/span><\/li><li style=\"text-align: justify;\"><span style=\"font-size: 12pt;\"><span style=\"font-weight: 400;\">No haver estat separat mitjan\u00e7ant expedient disciplinari de qualsevol administraci\u00f3 p\u00fablica. Ni tampoc estar inhabilitat per l'acompliment de les funcions p\u00fabliques.<\/span><\/span><\/li><\/ul><p style=\"text-align: justify;\"><span style=\"font-weight: 400; font-size: 12pt;\">A m\u00e9s de la formaci\u00f3 m\u00ednima i l'oposici\u00f3 aprovada, haur\u00e0s de comptar amb unes certes habilitats personals.<\/span><\/p><p>\u00a0<\/p><h3 style=\"text-align: justify;\"><span style=\"font-weight: 400;\">Habilitats personals per ser subaltern<\/span><\/h3><p>\u00a0<\/p><p style=\"text-align: justify;\"><span style=\"font-weight: 400; font-size: 12pt;\">Per treballar en aquest lloc haur\u00e0s de ser una persona emp\u00e0tica, amb bons dots comunicatius.<\/span><\/p><p style=\"text-align: justify;\"><span style=\"font-weight: 400; font-size: 12pt;\">Tamb\u00e9 has de ser una persona proactiva, disposat a fer qualsevol tasca per a la qual es precisi la teva ajuda. Ser organitzat i saber gestionar b\u00e9 tot el necessari per al manteniment de l'entitat.<\/span><\/p><p style=\"text-align: justify;\"><span style=\"font-weight: 400; font-size: 12pt;\">En definitiva, si vols ser un subaltern de primera, haur\u00e0s de complir amb aquestes sis compet\u00e8ncies:<\/span><\/p><h4 style=\"text-align: justify;\"><span style=\"font-weight: 400;\">Adaptabilitat<\/span><\/h4><p>\u00a0<\/p><p style=\"text-align: justify;\"><span style=\"font-weight: 400; font-size: 12pt;\">Ser capa\u00e7 d'adaptar-te a qualsevol situaci\u00f3. Acceptar els canvis, i saber donar un nou enfocament a les rutines.<\/span><\/p><p style=\"text-align: justify;\"><span style=\"font-weight: 400; font-size: 12pt;\">Cap canvi ha d'afectar al fet que realitzis de manera \u00f2ptima les <strong>funcions del subaltern<\/strong>.<\/span><\/p><p>\u00a0<\/p><h4 style=\"text-align: justify;\"><span style=\"font-weight: 400;\">Comprom\u00eds<\/span><\/h4><p>\u00a0<\/p><p style=\"text-align: justify;\"><span style=\"font-weight: 400; font-size: 12pt;\">Has d'estar comprom\u00e8s amb l'organitzaci\u00f3 en la qual treballes. A m\u00e9s d'amb el servei p\u00fablic que ofereixes.<\/span><\/p><p style=\"text-align: justify;\"><span style=\"font-weight: 400; font-size: 12pt;\">Per a aix\u00f2, \u00e9s necessari que comprenguis les caracter\u00edstiques de l'administraci\u00f3 p\u00fablica. Comparteixis els seus valors i duguis a terme els seus principis \u00e8tics en la teva professi\u00f3.<\/span><\/p><p>\u00a0<\/p><h4 style=\"text-align: justify;\"><span style=\"font-weight: 400;\">Comunicaci\u00f3<\/span><\/h4><p>\u00a0<\/p><p style=\"text-align: justify;\"><span style=\"font-weight: 400; font-size: 12pt;\">Has de ser capa\u00e7 de transmetre, de manera clara i concisa tot el necessari. Adaptant tu llenguatge depenent de la persona o grup de persones a les quals et dirigeixis.<\/span><\/p><p style=\"text-align: justify;\"><span style=\"font-weight: 400; font-size: 12pt;\">A m\u00e9s, has de ser pacient amb els visitants, contestar els seus dubtes, encara que tots et realitzin la mateixa, i sempre ser una persona extremadament amable amb ells.<\/span><\/p><p>\u00a0<\/p><h4 style=\"text-align: justify;\"><span style=\"font-weight: 400;\">Organitzaci\u00f3 i planificaci\u00f3<\/span><\/h4><p>\u00a0<\/p><p style=\"text-align: justify;\"><span style=\"font-weight: 400; font-size: 12pt;\">S\u00f3n moltes les tasques di\u00e0ries que has de realitzar. Per aix\u00f2, has de tenir criteri i saber organitzar-te.<\/span><\/p><p style=\"text-align: justify;\"><span style=\"font-weight: 400; font-size: 12pt;\">Recorda sempre classificar les tasques en funci\u00f3 de les prioritats, i posar terminis per a complir-les.<\/span><\/p><p>\u00a0<\/p><h4 style=\"text-align: justify;\"><span style=\"font-weight: 400;\">Prevenir i solucionar conflictes<\/span><\/h4><p>\u00a0<\/p><p style=\"text-align: justify;\"><span style=\"font-weight: 400; font-size: 12pt;\">Has de saber controlar el teu comportament en situacions delicades. A vegades pots viure situacions l\u00edmits que et portin a l'estr\u00e8s i l'ansietat.<\/span><\/p><p style=\"text-align: justify;\"><span style=\"font-weight: 400; font-size: 12pt;\">Has d'aparentar calma sempre, i intervenir en aquells problemes que ho requereixin. Per als visitants ets una figura d'autoritat, i has de saber fer-te valer quan es genera un conflicte amb ells.<\/span><\/p><p>\u00a0<\/p><h4 style=\"text-align: justify;\"><span style=\"font-weight: 400;\">Treball en equip<\/span><\/h4><p>\u00a0<\/p><p style=\"text-align: justify;\"><span style=\"font-weight: 400; font-size: 12pt;\">Finalment, \u00e9s vital per ocupar aquest lloc saber treballar en equip i col\u00b7laborar amb el grup. Una actitud participativa, dinamitzar\u00e0 el teu treball, i el facilitar\u00e0.<\/span><\/p><p style=\"text-align: justify;\"><span style=\"font-weight: 400; font-size: 12pt;\">Ha d'existir una bona cohesi\u00f3 entre els teus companys i tu.<\/span><\/p><p>\u00a0<\/p><h2 style=\"text-align: justify;\"><span style=\"font-weight: 400;\">Apr\u00e8n les funcions del subaltern amb Pr\u00e0ctic<\/span><\/h2><p>\u00a0<\/p><p style=\"text-align: justify;\"><span style=\"font-weight: 400; font-size: 12pt;\">Aconseguir un treball per a tota la vida, ben remunerat i amb vacances, \u00e9s a les teves mans. I a Pr\u00e0ctic volem ajudar-te.<\/span><\/p><p style=\"text-align: justify;\"><span style=\"font-weight: 400; font-size: 12pt;\">Si compleixes amb els requisits i aptituds per pert\u00e0nyer al cos de subalterns de la Generalitat, no el dubtis m\u00e9s!<\/span><\/p><p style=\"text-align: justify;\"><span style=\"font-weight: 400; font-size: 12pt;\"><b>Apunta't a Pr\u00e0ctic<\/b> i aconsegueix el millor temari per aprovar l'oposici\u00f3. A m\u00e9s, estar\u00e0s guiat per un grup de professionals experts en la mat\u00e8ria que t'ajudaran a treure la millor nota en l'examen.<\/span><\/p><p style=\"text-align: justify;\"><span style=\"font-weight: 400; font-size: 12pt;\">No t'ho pensis m\u00e9s, demana m\u00e9s informaci\u00f3 emplenant el seg\u00fcent formulari i deixa que t'ajudem a aconseguir la teva pla\u00e7a de funcionari.<\/span><\/p><p>[\/et_pb_text][\/et_pb_column][et_pb_column type=\"2_5\" _builder_version=\"4.16\" _module_preset=\"default\" global_colors_info=\"{}\"][et_pb_code admin_label=\"Cup\u00f3\" _builder_version=\"4.27.4\" _module_preset=\"default\" global_colors_info=\"{}\" global_module=\"26264\" theme_builder_area=\"post_content\"]<\/p><center><\/center><h3><strong>Demana informaci\u00f3 sense comprom\u00eds<\/strong><\/h3><p><br \/><!-- [et_pb_line_break_holder] --><iframe src=\"https:\/\/www.practicbcn.com\/formulario\/form.php\" width=\"400\" height=\"650\" frameborder=\"0\" scrolling=\"no\" data-mce-fragment=\"1\"><\/iframe>[\/et_pb_code][et_pb_text admin_label=\"opinions\" _builder_version=\"4.27.4\" _module_preset=\"default\" global_colors_info=\"{}\" global_module=\"26265\" theme_builder_area=\"post_content\"]<\/p><h3 style=\"text-align: center;\"><strong>OPINIONS<\/strong><\/h3><p><img class=\"wp-image-26215 alignnone size-full\" src=\"https:\/\/www.practicbcn.com\/wp-content\/uploads\/2025\/05\/5.png.webp\" alt=\"\" width=\"96\" height=\"15\" \/><br \/>Donar-vos les gr\u00e0cies per aquest any de formaci\u00f3, per la vostra atenci\u00f3 i professionalitat. He aconseguit un somni. La setmana que ve signo el meu contracte amb Correus. Us recomano sens dubte aquest centre de formaci\u00f3.<\/p><p><strong>Alberto L\u00f3pez<\/strong><\/p><p>\u00a0<\/p><p><img class=\"wp-image-26215 alignnone size-full\" src=\"https:\/\/www.practicbcn.com\/wp-content\/uploads\/2025\/05\/5.png.webp\" alt=\"\" width=\"96\" height=\"15\" \/><br \/>Molt bona atenci\u00f3 i genial preparaci\u00f3 per a les oposicions.<br \/>El personal \u00e9s molt atent i competent, oferint un servei de qualitat.<br \/>Et proporcionen les eines necess\u00e0ries per presentar-te a l'oposici\u00f3 i poder obtenir un resultat satisfactori<\/p><p><strong>Marc Lloren\u00e7<\/strong><\/p><p>\u00a0<\/p><p><img class=\"wp-image-26215 alignnone size-full\" src=\"https:\/\/www.practicbcn.com\/wp-content\/uploads\/2025\/05\/5.png.webp\" alt=\"\" width=\"96\" height=\"15\" \/><br \/>Porto uns mesos com a alumna i la meva experi\u00e8ncia \u00e9s excel\u00b7lent. Estic molt agra\u00efda perqu\u00e8 els professors fan un seguiment personalitzat i resolen tots els dubtes. A m\u00e9s, posen a la nostra disposici\u00f3 tot el material necessari, de manera ben organitzada, perqu\u00e8 la formaci\u00f3 sigui completa i disponible en qualsevol horari.<\/p><p><strong>Silvia<\/strong><\/p><p>\u00a0<\/p><p>[\/et_pb_text][\/et_pb_column][\/et_pb_row][\/et_pb_section][et_pb_section fb_built=\"1\" _builder_version=\"4.16\" _module_preset=\"default\" background_color=\"#009aa5\" min_height=\"254.9px\" custom_margin=\"||||false|false\" custom_padding=\"0px||0px||true|false\" top_divider_height_tablet=\"\" top_divider_height_phone=\"\" top_divider_height_last_edited=\"on|phone\" locked=\"off\" global_colors_info=\"{}\"][et_pb_row column_structure=\"1_3,1_3,1_3\" use_custom_gutter=\"on\" gutter_width=\"1\" make_equal=\"on\" _builder_version=\"4.16\" _module_preset=\"default\" width=\"100%\" max_width=\"2560px\" min_height=\"257.9px\" custom_margin=\"||||false|false\" custom_padding=\"0px||0px||false|false\" global_colors_info=\"{}\"][et_pb_column type=\"1_3\" _builder_version=\"4.16\" _module_preset=\"default\" global_colors_info=\"{}\"][et_pb_image src=\"https:\/\/www.practicbcn.com\/wp-content\/uploads\/2021\/08\/circulo-06_2-06.png\" alt=\"practic-barcelona-oposiciones\" title_text=\"practic-barcelona-oposiciones\" src_tablet=\"https:\/\/www.practicbcn.com\/wp-content\/uploads\/2021\/09\/practic-barcelona-oposiciones.png\" src_phone=\"https:\/\/www.practicbcn.com\/wp-content\/uploads\/2021\/09\/practic-barcelona-oposiciones.png\" src_last_edited=\"on|tablet\" _builder_version=\"4.16\" _module_preset=\"default\" custom_margin=\"||||false|false\" custom_margin_tablet=\"||0px||false|false\" custom_margin_phone=\"||0px||false|false\" custom_margin_last_edited=\"on|tablet\" global_colors_info=\"{}\"][\/et_pb_image][\/et_pb_column][et_pb_column type=\"1_3\" _builder_version=\"4.16\" _module_preset=\"default\" global_colors_info=\"{}\"][et_pb_text _builder_version=\"4.19.1\" _module_preset=\"default\" header_font=\"Montserrat||||||||\" header_2_font=\"Montserrat|900|||||||\" header_2_text_align=\"center\" header_2_text_color=\"#FFFFFF\" header_2_font_size=\"50px\" header_2_line_height=\"1.2em\" custom_margin=\"105px|-63px|105px|-134px|true|false\" custom_margin_tablet=\"0px||0px||true|false\" custom_margin_phone=\"0px||0px||true|false\" custom_margin_last_edited=\"on|tablet\" custom_padding=\"|0px||||\" header_2_font_size_tablet=\"45px\" header_2_font_size_phone=\"40px\" header_2_font_size_last_edited=\"on|tablet\" global_colors_info=\"{}\"]<\/p><h2 style=\"text-align: center;\">Consigue tu pla\u00e7a amb Practic<\/h2><p>[\/et_pb_text][\/et_pb_column][et_pb_column type=\"1_3\" _builder_version=\"4.16\" _module_preset=\"default\" global_colors_info=\"{}\"][et_pb_image src=\"https:\/\/www.practicbcn.com\/wp-content\/uploads\/2021\/08\/LINEAS_2-07.png\" alt=\"Solicita informaci\u00f3n Practic Barcelona\" title_text=\"Solicita informaci\u00f3n Practic Barcelona\" _builder_version=\"4.16\" _module_preset=\"default\" custom_margin=\"37px||||false|false\" custom_margin_tablet=\"-50px||||false|false\" custom_margin_phone=\"-45px||||false|false\" custom_margin_last_edited=\"on|tablet\" global_colors_info=\"{}\"][\/et_pb_image][\/et_pb_column][\/et_pb_row][\/et_pb_section][et_pb_section fb_built=\"1\" admin_label=\"Formulario\" _builder_version=\"4.16\" _module_preset=\"default\" min_height=\"335.1px\" custom_padding=\"0px||0px||true|false\" locked=\"off\" global_colors_info=\"{}\"][et_pb_row custom_padding_last_edited=\"on|phone\" _builder_version=\"4.16\" _module_preset=\"default\" width_tablet=\"90%\" width_phone=\"90%\" width_last_edited=\"on|phone\" custom_padding_tablet=\"\" custom_padding_phone=\"0px||0px||true|false\" global_colors_info=\"{}\"][et_pb_column type=\"4_4\" _builder_version=\"4.16\" _module_preset=\"default\" global_colors_info=\"{}\"][et_pb_text _builder_version=\"4.16\" _module_preset=\"default\" text_font=\"Montserrat|900|||||||\" text_text_color=\"#009aa5\" text_font_size=\"48px\" text_line_height=\"1.2em\" header_2_font=\"Montserrat|900|||||||\" header_2_text_color=\"#009aa5\" header_2_font_size=\"46px\" text_orientation=\"center\" text_font_size_tablet=\"\" text_font_size_phone=\"23px\" text_font_size_last_edited=\"on|phone\" global_colors_info=\"{}\"]<\/p><p>Sol\u00b7licita informaci\u00f3 gratu\u00efta i sense comprom\u00eds<\/p><p>[\/et_pb_text][\/et_pb_column][\/et_pb_row][et_pb_row _builder_version=\"4.16\" _module_preset=\"default\" width_tablet=\"\" width_phone=\"100%\" width_last_edited=\"on|phone\" border_color_all=\"#000000\" global_colors_info=\"{}\"][et_pb_column type=\"4_4\" _builder_version=\"4.16\" _module_preset=\"default\" global_colors_info=\"{}\"][et_pb_code _builder_version=\"4.16\" _module_preset=\"default\" text_orientation=\"center\" global_colors_info=\"{}\"]<iframe src=\"https:\/\/www.practicbcn.com\/formulario2\/form2_cat.php\" width=\"400\" height=\"650\" frameborder=\"0\" scrolling=\"no\" data-mce-fragment=\"1\"><\/iframe>[\/et_pb_code][et_pb_toggle title=\"RGPD Llei de Protecci\u00f3 de Dades\" open_toggle_text_color=\"#000000\" open_toggle_background_color=\"#ffffff\" closed_toggle_text_color=\"#000000\" closed_toggle_background_color=\"#ffffff\" icon_color=\"#5499A3\" open_icon_color=\"#5499A3\" disabled_on=\"off|off|off\" _builder_version=\"4.16\" title_text_color=\"#000000\" body_text_color=\"#000000\" custom_margin_tablet=\"\" custom_margin_phone=\"|20px||20px|false|true\" custom_margin_last_edited=\"on|phone\" custom_padding_tablet=\"\" custom_padding_phone=\"||||false|false\" custom_padding_last_edited=\"on|phone\" z_index_tablet=\"500\" title_text_shadow_horizontal_length_tablet=\"0px\" title_text_shadow_vertical_length_tablet=\"0px\" title_text_shadow_blur_strength_tablet=\"1px\" closed_title_text_shadow_horizontal_length_tablet=\"0px\" closed_title_text_shadow_vertical_length_tablet=\"0px\" closed_title_text_shadow_blur_strength_tablet=\"1px\" body_text_shadow_horizontal_length_tablet=\"0px\" body_text_shadow_vertical_length_tablet=\"0px\" body_text_shadow_blur_strength_tablet=\"1px\" body_link_text_shadow_horizontal_length_tablet=\"0px\" body_link_text_shadow_vertical_length_tablet=\"0px\" body_link_text_shadow_blur_strength_tablet=\"1px\" body_ul_text_shadow_horizontal_length_tablet=\"0px\" body_ul_text_shadow_vertical_length_tablet=\"0px\" body_ul_text_shadow_blur_strength_tablet=\"1px\" body_ol_text_shadow_horizontal_length_tablet=\"0px\" body_ol_text_shadow_vertical_length_tablet=\"0px\" body_ol_text_shadow_blur_strength_tablet=\"1px\" body_quote_text_shadow_horizontal_length_tablet=\"0px\" body_quote_text_shadow_vertical_length_tablet=\"0px\" body_quote_text_shadow_blur_strength_tablet=\"1px\" border_color_all=\"#000000\" box_shadow_horizontal_tablet=\"0px\" box_shadow_vertical_tablet=\"0px\" box_shadow_blur_tablet=\"40px\" box_shadow_spread_tablet=\"0px\" text_shadow_horizontal_length_tablet=\"0px\" text_shadow_vertical_length_tablet=\"0px\" text_shadow_blur_strength_tablet=\"1px\" global_colors_info=\"{}\"]<\/p><p>COMPLIMENT LLEI DE PROTECCI\u00d3 DE DADES 2018 RPGD<br \/>Responsable: CENTRE FORMATIU PRACTIC UNIC BCN 774 , S.L.U CIF: B87963914<br \/>Finalitat: Proporcionar informaci\u00f3 sobre els nostres serveis.<br \/>Legitimaci\u00f3: Consentiment de l'interessat.<br \/>Destinataris: No se cediran dades a tercers, excepte obligaci\u00f3 legal.<br \/>Drets: Accedir, rectificar, suprimir les dades i altres drets, com s'explica en la informaci\u00f3 addicional.<br \/>Informaci\u00f3 addicional: <a href=\"https:\/\/www.practicbcn.com\/aviso-legal-rgpd\/\">Pol\u00edtica de privacitat i RGPD<\/a>.<\/p><p>[\/et_pb_toggle][\/et_pb_column][\/et_pb_row][\/et_pb_section]<\/p>","_et_gb_content_width":"","footnotes":""},"categories":[253,229],"tags":[],"class_list":["post-27337","post","type-post","status-publish","format-standard","has-post-thumbnail","hentry","category-253","category-estatales"],"yoast_head":"<!-- This site is optimized with the Yoast SEO Premium plugin v22.8 (Yoast SEO v27.2) - https:\/\/yoast.com\/product\/yoast-seo-premium-wordpress\/ -->\n<title>Sueldo de Administrativo del Estado 2026: Todo lo que necesitas saber - academia oposiciones Barcelona<\/title>\n<meta name=\"description\" content=\"En este art\u00edculo te explicamos de forma clara cu\u00e1nto gana un Administrativo\/a del Estado en 2026, c\u00f3mo se compone su salario y qu\u00e9 factores pueden influir en la retribuci\u00f3n final.\" \/>\n<meta name=\"robots\" content=\"index, follow, max-snippet:-1, max-image-preview:large, max-video-preview:-1\" \/>\n<link rel=\"canonical\" href=\"https:\/\/www.practicbcn.com\/ca\/sueldo-de-administrativo-del-estado-2026-todo-lo-que-necesitas-saber\/\" \/>\n<meta property=\"og:locale\" content=\"ca_ES\" \/>\n<meta property=\"og:type\" content=\"article\" \/>\n<meta property=\"og:title\" content=\"Sueldo de Administrativo del Estado 2026: Todo lo que necesitas saber\" \/>\n<meta property=\"og:description\" content=\"En este art\u00edculo te explicamos de forma clara cu\u00e1nto gana un Administrativo\/a del Estado en 2026, c\u00f3mo se compone su salario y qu\u00e9 factores pueden influir en la retribuci\u00f3n final.\" \/>\n<meta property=\"og:url\" content=\"https:\/\/www.practicbcn.com\/ca\/sueldo-de-administrativo-del-estado-2026-todo-lo-que-necesitas-saber\/\" \/>\n<meta property=\"og:site_name\" content=\"academia oposiciones Barcelona\" \/>\n<meta property=\"article:published_time\" content=\"2026-01-13T16:57:14+00:00\" \/>\n<meta property=\"article:modified_time\" content=\"2026-01-13T16:57:19+00:00\" \/>\n<meta property=\"og:image\" content=\"https:\/\/www.practicbcn.com\/wp-content\/uploads\/2025\/11\/money-3115981_1280.jpg\" \/>\n\t<meta property=\"og:image:width\" content=\"1280\" \/>\n\t<meta property=\"og:image:height\" content=\"835\" \/>\n\t<meta property=\"og:image:type\" content=\"image\/jpeg\" \/>\n<meta name=\"author\" content=\"cantu\" \/>\n<meta name=\"twitter:card\" content=\"summary_large_image\" \/>\n<meta name=\"twitter:label1\" content=\"Escrit per\" \/>\n\t<meta name=\"twitter:data1\" content=\"cantu\" \/>\n\t<meta name=\"twitter:label2\" content=\"Temps estimat de lectura\" \/>\n\t<meta name=\"twitter:data2\" content=\"5 minuts\" \/>\n<script type=\"application\/ld+json\" class=\"yoast-schema-graph\">{\"@context\":\"https:\/\/schema.org\",\"@graph\":[{\"@type\":\"Article\",\"@id\":\"https:\/\/www.practicbcn.com\/ca\/sueldo-de-administrativo-del-estado-2026-todo-lo-que-necesitas-saber\/#article\",\"isPartOf\":{\"@id\":\"https:\/\/www.practicbcn.com\/ca\/sueldo-de-administrativo-del-estado-2026-todo-lo-que-necesitas-saber\/\"},\"author\":{\"name\":\"cantu\",\"@id\":\"https:\/\/www.practicbcn.com\/ca\/#\/schema\/person\/b1bf6fae906bb2caf24a3ed0699b35a1\"},\"headline\":\"Sueldo de Administrativo del Estado 2026: Todo lo que necesitas saber\",\"datePublished\":\"2026-01-13T16:57:14+00:00\",\"dateModified\":\"2026-01-13T16:57:19+00:00\",\"mainEntityOfPage\":{\"@id\":\"https:\/\/www.practicbcn.com\/ca\/sueldo-de-administrativo-del-estado-2026-todo-lo-que-necesitas-saber\/\"},\"wordCount\":1008,\"publisher\":{\"@id\":\"https:\/\/www.practicbcn.com\/ca\/#organization\"},\"image\":{\"@id\":\"https:\/\/www.practicbcn.com\/ca\/sueldo-de-administrativo-del-estado-2026-todo-lo-que-necesitas-saber\/#primaryimage\"},\"thumbnailUrl\":\"https:\/\/www.practicbcn.com\/wp-content\/uploads\/2025\/11\/money-3115981_1280.jpg\",\"articleSection\":[\"2026\",\"Estatales\"],\"inLanguage\":\"ca\"},{\"@type\":\"WebPage\",\"@id\":\"https:\/\/www.practicbcn.com\/ca\/sueldo-de-administrativo-del-estado-2026-todo-lo-que-necesitas-saber\/\",\"url\":\"https:\/\/www.practicbcn.com\/ca\/sueldo-de-administrativo-del-estado-2026-todo-lo-que-necesitas-saber\/\",\"name\":\"Sueldo de Administrativo del Estado 2026: Todo lo que necesitas saber - academia oposiciones Barcelona\",\"isPartOf\":{\"@id\":\"https:\/\/www.practicbcn.com\/ca\/#website\"},\"primaryImageOfPage\":{\"@id\":\"https:\/\/www.practicbcn.com\/ca\/sueldo-de-administrativo-del-estado-2026-todo-lo-que-necesitas-saber\/#primaryimage\"},\"image\":{\"@id\":\"https:\/\/www.practicbcn.com\/ca\/sueldo-de-administrativo-del-estado-2026-todo-lo-que-necesitas-saber\/#primaryimage\"},\"thumbnailUrl\":\"https:\/\/www.practicbcn.com\/wp-content\/uploads\/2025\/11\/money-3115981_1280.jpg\",\"datePublished\":\"2026-01-13T16:57:14+00:00\",\"dateModified\":\"2026-01-13T16:57:19+00:00\",\"description\":\"En este art\u00edculo te explicamos de forma clara cu\u00e1nto gana un Administrativo\/a del Estado en 2026, c\u00f3mo se compone su salario y qu\u00e9 factores pueden influir en la retribuci\u00f3n final.\",\"breadcrumb\":{\"@id\":\"https:\/\/www.practicbcn.com\/ca\/sueldo-de-administrativo-del-estado-2026-todo-lo-que-necesitas-saber\/#breadcrumb\"},\"inLanguage\":\"ca\",\"potentialAction\":[{\"@type\":\"ReadAction\",\"target\":[\"https:\/\/www.practicbcn.com\/ca\/sueldo-de-administrativo-del-estado-2026-todo-lo-que-necesitas-saber\/\"]}]},{\"@type\":\"ImageObject\",\"inLanguage\":\"ca\",\"@id\":\"https:\/\/www.practicbcn.com\/ca\/sueldo-de-administrativo-del-estado-2026-todo-lo-que-necesitas-saber\/#primaryimage\",\"url\":\"https:\/\/www.practicbcn.com\/wp-content\/uploads\/2025\/11\/money-3115981_1280.jpg\",\"contentUrl\":\"https:\/\/www.practicbcn.com\/wp-content\/uploads\/2025\/11\/money-3115981_1280.jpg\",\"width\":1280,\"height\":835,\"caption\":\"Quant cobra un\/una Auxiliar d\u2019Arxius, Biblioteques i Museus \u2013 Secci\u00f3 Biblioteques el 2026?\"},{\"@type\":\"BreadcrumbList\",\"@id\":\"https:\/\/www.practicbcn.com\/ca\/sueldo-de-administrativo-del-estado-2026-todo-lo-que-necesitas-saber\/#breadcrumb\",\"itemListElement\":[{\"@type\":\"ListItem\",\"position\":1,\"name\":\"Portada\",\"item\":\"https:\/\/www.practicbcn.com\/ca\/\"},{\"@type\":\"ListItem\",\"position\":2,\"name\":\"Sueldo de Administrativo del Estado 2026: Todo lo que necesitas saber\"}]},{\"@type\":\"WebSite\",\"@id\":\"https:\/\/www.practicbcn.com\/ca\/#website\",\"url\":\"https:\/\/www.practicbcn.com\/ca\/\",\"name\":\"academia oposiciones Barcelona\",\"description\":\"academia oposiciones Barcelona PracticBCN Preparaci\u00f3n de opositores\",\"publisher\":{\"@id\":\"https:\/\/www.practicbcn.com\/ca\/#organization\"},\"potentialAction\":[{\"@type\":\"SearchAction\",\"target\":{\"@type\":\"EntryPoint\",\"urlTemplate\":\"https:\/\/www.practicbcn.com\/ca\/?s={search_term_string}\"},\"query-input\":{\"@type\":\"PropertyValueSpecification\",\"valueRequired\":true,\"valueName\":\"search_term_string\"}}],\"inLanguage\":\"ca\"},{\"@type\":\"Organization\",\"@id\":\"https:\/\/www.practicbcn.com\/ca\/#organization\",\"name\":\"Practic BCN\",\"url\":\"https:\/\/www.practicbcn.com\/ca\/\",\"logo\":{\"@type\":\"ImageObject\",\"inLanguage\":\"ca\",\"@id\":\"https:\/\/www.practicbcn.com\/ca\/#\/schema\/logo\/image\/\",\"url\":\"https:\/\/www.practicbcn.com\/wp-content\/uploads\/2018\/01\/LOGO-PRACTIC.jpg\",\"contentUrl\":\"https:\/\/www.practicbcn.com\/wp-content\/uploads\/2018\/01\/LOGO-PRACTIC.jpg\",\"width\":679,\"height\":676,\"caption\":\"Practic BCN\"},\"image\":{\"@id\":\"https:\/\/www.practicbcn.com\/ca\/#\/schema\/logo\/image\/\"}},{\"@type\":\"Person\",\"@id\":\"https:\/\/www.practicbcn.com\/ca\/#\/schema\/person\/b1bf6fae906bb2caf24a3ed0699b35a1\",\"name\":\"cantu\",\"image\":{\"@type\":\"ImageObject\",\"inLanguage\":\"ca\",\"@id\":\"https:\/\/secure.gravatar.com\/avatar\/9bf69246e68f8fa9721cc29ec236bd9daee6f76dfca26b3ddd7625676a5c2f9c?s=96&d=mm&r=g\",\"url\":\"https:\/\/secure.gravatar.com\/avatar\/9bf69246e68f8fa9721cc29ec236bd9daee6f76dfca26b3ddd7625676a5c2f9c?s=96&d=mm&r=g\",\"contentUrl\":\"https:\/\/secure.gravatar.com\/avatar\/9bf69246e68f8fa9721cc29ec236bd9daee6f76dfca26b3ddd7625676a5c2f9c?s=96&d=mm&r=g\",\"caption\":\"cantu\"}}]}<\/script>\n<!-- \/ Yoast SEO Premium plugin. -->","yoast_head_json":{"title":"Sueldo de Administrativo del Estado 2026: Todo lo que necesitas saber - academia oposiciones Barcelona","description":"En este art\u00edculo te explicamos de forma clara cu\u00e1nto gana un Administrativo\/a del Estado en 2026, c\u00f3mo se compone su salario y qu\u00e9 factores pueden influir en la retribuci\u00f3n final.","robots":{"index":"index","follow":"follow","max-snippet":"max-snippet:-1","max-image-preview":"max-image-preview:large","max-video-preview":"max-video-preview:-1"},"canonical":"https:\/\/www.practicbcn.com\/ca\/sueldo-de-administrativo-del-estado-2026-todo-lo-que-necesitas-saber\/","og_locale":"ca_ES","og_type":"article","og_title":"Sueldo de Administrativo del Estado 2026: Todo lo que necesitas saber","og_description":"En este art\u00edculo te explicamos de forma clara cu\u00e1nto gana un Administrativo\/a del Estado en 2026, c\u00f3mo se compone su salario y qu\u00e9 factores pueden influir en la retribuci\u00f3n final.","og_url":"https:\/\/www.practicbcn.com\/ca\/sueldo-de-administrativo-del-estado-2026-todo-lo-que-necesitas-saber\/","og_site_name":"academia oposiciones Barcelona","article_published_time":"2026-01-13T16:57:14+00:00","article_modified_time":"2026-01-13T16:57:19+00:00","og_image":[{"width":1280,"height":835,"url":"https:\/\/www.practicbcn.com\/wp-content\/uploads\/2025\/11\/money-3115981_1280.jpg","type":"image\/jpeg"}],"author":"cantu","twitter_card":"summary_large_image","twitter_misc":{"Escrit per":"cantu","Temps estimat de lectura":"5 minuts"},"schema":{"@context":"https:\/\/schema.org","@graph":[{"@type":"Article","@id":"https:\/\/www.practicbcn.com\/ca\/sueldo-de-administrativo-del-estado-2026-todo-lo-que-necesitas-saber\/#article","isPartOf":{"@id":"https:\/\/www.practicbcn.com\/ca\/sueldo-de-administrativo-del-estado-2026-todo-lo-que-necesitas-saber\/"},"author":{"name":"cantu","@id":"https:\/\/www.practicbcn.com\/ca\/#\/schema\/person\/b1bf6fae906bb2caf24a3ed0699b35a1"},"headline":"Sueldo de Administrativo del Estado 2026: Todo lo que necesitas saber","datePublished":"2026-01-13T16:57:14+00:00","dateModified":"2026-01-13T16:57:19+00:00","mainEntityOfPage":{"@id":"https:\/\/www.practicbcn.com\/ca\/sueldo-de-administrativo-del-estado-2026-todo-lo-que-necesitas-saber\/"},"wordCount":1008,"publisher":{"@id":"https:\/\/www.practicbcn.com\/ca\/#organization"},"image":{"@id":"https:\/\/www.practicbcn.com\/ca\/sueldo-de-administrativo-del-estado-2026-todo-lo-que-necesitas-saber\/#primaryimage"},"thumbnailUrl":"https:\/\/www.practicbcn.com\/wp-content\/uploads\/2025\/11\/money-3115981_1280.jpg","articleSection":["2026","Estatales"],"inLanguage":"ca"},{"@type":"WebPage","@id":"https:\/\/www.practicbcn.com\/ca\/sueldo-de-administrativo-del-estado-2026-todo-lo-que-necesitas-saber\/","url":"https:\/\/www.practicbcn.com\/ca\/sueldo-de-administrativo-del-estado-2026-todo-lo-que-necesitas-saber\/","name":"Sueldo de Administrativo del Estado 2026: Todo lo que necesitas saber - academia oposiciones Barcelona","isPartOf":{"@id":"https:\/\/www.practicbcn.com\/ca\/#website"},"primaryImageOfPage":{"@id":"https:\/\/www.practicbcn.com\/ca\/sueldo-de-administrativo-del-estado-2026-todo-lo-que-necesitas-saber\/#primaryimage"},"image":{"@id":"https:\/\/www.practicbcn.com\/ca\/sueldo-de-administrativo-del-estado-2026-todo-lo-que-necesitas-saber\/#primaryimage"},"thumbnailUrl":"https:\/\/www.practicbcn.com\/wp-content\/uploads\/2025\/11\/money-3115981_1280.jpg","datePublished":"2026-01-13T16:57:14+00:00","dateModified":"2026-01-13T16:57:19+00:00","description":"En este art\u00edculo te explicamos de forma clara cu\u00e1nto gana un Administrativo\/a del Estado en 2026, c\u00f3mo se compone su salario y qu\u00e9 factores pueden influir en la retribuci\u00f3n final.","breadcrumb":{"@id":"https:\/\/www.practicbcn.com\/ca\/sueldo-de-administrativo-del-estado-2026-todo-lo-que-necesitas-saber\/#breadcrumb"},"inLanguage":"ca","potentialAction":[{"@type":"ReadAction","target":["https:\/\/www.practicbcn.com\/ca\/sueldo-de-administrativo-del-estado-2026-todo-lo-que-necesitas-saber\/"]}]},{"@type":"ImageObject","inLanguage":"ca","@id":"https:\/\/www.practicbcn.com\/ca\/sueldo-de-administrativo-del-estado-2026-todo-lo-que-necesitas-saber\/#primaryimage","url":"https:\/\/www.practicbcn.com\/wp-content\/uploads\/2025\/11\/money-3115981_1280.jpg","contentUrl":"https:\/\/www.practicbcn.com\/wp-content\/uploads\/2025\/11\/money-3115981_1280.jpg","width":1280,"height":835,"caption":"Quant cobra un\/una Auxiliar d\u2019Arxius, Biblioteques i Museus \u2013 Secci\u00f3 Biblioteques el 2026?"},{"@type":"BreadcrumbList","@id":"https:\/\/www.practicbcn.com\/ca\/sueldo-de-administrativo-del-estado-2026-todo-lo-que-necesitas-saber\/#breadcrumb","itemListElement":[{"@type":"ListItem","position":1,"name":"Portada","item":"https:\/\/www.practicbcn.com\/ca\/"},{"@type":"ListItem","position":2,"name":"Sueldo de Administrativo del Estado 2026: Todo lo que necesitas saber"}]},{"@type":"WebSite","@id":"https:\/\/www.practicbcn.com\/ca\/#website","url":"https:\/\/www.practicbcn.com\/ca\/","name":"academia oposiciones Barcelona","description":"academia oposiciones Barcelona PracticBCN Preparaci\u00f3n de opositores","publisher":{"@id":"https:\/\/www.practicbcn.com\/ca\/#organization"},"potentialAction":[{"@type":"SearchAction","target":{"@type":"EntryPoint","urlTemplate":"https:\/\/www.practicbcn.com\/ca\/?s={search_term_string}"},"query-input":{"@type":"PropertyValueSpecification","valueRequired":true,"valueName":"search_term_string"}}],"inLanguage":"ca"},{"@type":"Organization","@id":"https:\/\/www.practicbcn.com\/ca\/#organization","name":"Practic BCN","url":"https:\/\/www.practicbcn.com\/ca\/","logo":{"@type":"ImageObject","inLanguage":"ca","@id":"https:\/\/www.practicbcn.com\/ca\/#\/schema\/logo\/image\/","url":"https:\/\/www.practicbcn.com\/wp-content\/uploads\/2018\/01\/LOGO-PRACTIC.jpg","contentUrl":"https:\/\/www.practicbcn.com\/wp-content\/uploads\/2018\/01\/LOGO-PRACTIC.jpg","width":679,"height":676,"caption":"Practic BCN"},"image":{"@id":"https:\/\/www.practicbcn.com\/ca\/#\/schema\/logo\/image\/"}},{"@type":"Person","@id":"https:\/\/www.practicbcn.com\/ca\/#\/schema\/person\/b1bf6fae906bb2caf24a3ed0699b35a1","name":"cantu","image":{"@type":"ImageObject","inLanguage":"ca","@id":"https:\/\/secure.gravatar.com\/avatar\/9bf69246e68f8fa9721cc29ec236bd9daee6f76dfca26b3ddd7625676a5c2f9c?s=96&d=mm&r=g","url":"https:\/\/secure.gravatar.com\/avatar\/9bf69246e68f8fa9721cc29ec236bd9daee6f76dfca26b3ddd7625676a5c2f9c?s=96&d=mm&r=g","contentUrl":"https:\/\/secure.gravatar.com\/avatar\/9bf69246e68f8fa9721cc29ec236bd9daee6f76dfca26b3ddd7625676a5c2f9c?s=96&d=mm&r=g","caption":"cantu"}}]}},"_links":{"self":[{"href":"https:\/\/www.practicbcn.com\/ca\/wp-json\/wp\/v2\/posts\/27337","targetHints":{"allow":["GET"]}}],"collection":[{"href":"https:\/\/www.practicbcn.com\/ca\/wp-json\/wp\/v2\/posts"}],"about":[{"href":"https:\/\/www.practicbcn.com\/ca\/wp-json\/wp\/v2\/types\/post"}],"author":[{"embeddable":true,"href":"https:\/\/www.practicbcn.com\/ca\/wp-json\/wp\/v2\/users\/3"}],"replies":[{"embeddable":true,"href":"https:\/\/www.practicbcn.com\/ca\/wp-json\/wp\/v2\/comments?post=27337"}],"version-history":[{"count":0,"href":"https:\/\/www.practicbcn.com\/ca\/wp-json\/wp\/v2\/posts\/27337\/revisions"}],"wp:featuredmedia":[{"embeddable":true,"href":"https:\/\/www.practicbcn.com\/ca\/wp-json\/wp\/v2\/media\/27102"}],"wp:attachment":[{"href":"https:\/\/www.practicbcn.com\/ca\/wp-json\/wp\/v2\/media?parent=27337"}],"wp:term":[{"taxonomy":"category","embeddable":true,"href":"https:\/\/www.practicbcn.com\/ca\/wp-json\/wp\/v2\/categories?post=27337"},{"taxonomy":"post_tag","embeddable":true,"href":"https:\/\/www.practicbcn.com\/ca\/wp-json\/wp\/v2\/tags?post=27337"}],"curies":[{"name":"wp","href":"https:\/\/api.w.org\/{rel}","templated":true}]}}