{"id":27327,"date":"2026-01-12T15:24:41","date_gmt":"2026-01-12T15:24:41","guid":{"rendered":"https:\/\/www.practicbcn.com\/?p=27327"},"modified":"2026-01-12T15:24:47","modified_gmt":"2026-01-12T15:24:47","slug":"oposicions-gace-2026","status":"publish","type":"post","link":"https:\/\/www.practicbcn.com\/ca\/oposicions-gace-2026\/","title":{"rendered":"Oposicions GACE 2026"},"content":{"rendered":"<p>[et_pb_section fb_built=&#8221;1&#8243; _builder_version=&#8221;4.16&#8243; _module_preset=&#8221;default&#8221; global_colors_info=&#8221;{}&#8221;][et_pb_row column_structure=&#8221;3_5,2_5&#8243; _builder_version=&#8221;4.16&#8243; _module_preset=&#8221;default&#8221; global_colors_info=&#8221;{}&#8221;][et_pb_column type=&#8221;3_5&#8243; _builder_version=&#8221;4.16&#8243; _module_preset=&#8221;default&#8221; global_colors_info=&#8221;{}&#8221;][et_pb_text _builder_version=&#8221;4.27.4&#8243; _module_preset=&#8221;default&#8221; hover_enabled=&#8221;0&#8243; global_colors_info=&#8221;{}&#8221; sticky_enabled=&#8221;0&#8243;]<\/p>\n<p data-start=\"278\" data-end=\"620\">Les oposicions de <strong data-start=\"296\" data-end=\"349\">Gesti\u00f3 de l\u2019Administraci\u00f3 Civil de l\u2019Estat (GACE)<\/strong> s\u00f3n una de les convocat\u00f2ries m\u00e9s rellevants dins l\u2019\u00e0mbit de l\u2019Administraci\u00f3 General de l\u2019Estat. Aquest cos de personal funcionari s\u2019integra dins del <strong data-start=\"499\" data-end=\"510\">Grup A2<\/strong>, i suposa l\u2019acc\u00e9s a una pla\u00e7a amb moltes possibilitats de desenvolupament professional i estabilitat laboral.<\/p>\n<p data-start=\"622\" data-end=\"792\">Aquest article recull <strong data-start=\"644\" data-end=\"699\">tot el que cal saber sobre les oposicions GACE 2026<\/strong>: convocat\u00f2ries, estructura, previsi\u00f3 de places i l\u2019evoluci\u00f3 de l\u2019oferta en els darrers anys.<\/p>\n<h2 data-start=\"1355\" data-end=\"1387\">\u00a0<\/h2>\n<h2 data-start=\"1355\" data-end=\"1387\"><strong data-start=\"1361\" data-end=\"1387\">Convocat\u00f2ria GACE 2026<\/strong><\/h2>\n<p data-start=\"1389\" data-end=\"1632\">La <strong data-start=\"1392\" data-end=\"1418\">convocat\u00f2ria GACE 2026<\/strong> es deriva de l\u2019<strong data-start=\"1434\" data-end=\"1474\">Oferta d\u2019Ocupaci\u00f3 P\u00fablica (OEP) 2025<\/strong>, publicada al <em data-start=\"1489\" data-end=\"1523\">Bolet\u00edn Oficial del Estado (BOE)<\/em>, i que contempla diverses places per a l\u2019acc\u00e9s lliure al cos de Gestors de l\u2019Administraci\u00f3 Civil de l\u2019Estat.<\/p>\n<p data-start=\"1634\" data-end=\"1710\"><strong data-start=\"1637\" data-end=\"1662\">Convocat\u00f2ria oficial:<\/strong> publicaci\u00f3 al BOE amb resoluci\u00f3 on es detallen:<\/p>\n<ul data-start=\"1712\" data-end=\"1850\">\n<li data-start=\"1712\" data-end=\"1736\">\n<p data-start=\"1714\" data-end=\"1736\">Nombre total de places<\/p>\n<\/li>\n<li data-start=\"1737\" data-end=\"1787\">\n<p data-start=\"1739\" data-end=\"1787\">Distribuci\u00f3 entre torn lliure i promoci\u00f3 interna<\/p>\n<\/li>\n<li data-start=\"1788\" data-end=\"1807\">\n<p data-start=\"1790\" data-end=\"1807\">Requisits d\u2019acc\u00e9s<\/p>\n<\/li>\n<li data-start=\"1808\" data-end=\"1824\">\n<p data-start=\"1810\" data-end=\"1824\">Temari oficial<\/p>\n<\/li>\n<li data-start=\"1825\" data-end=\"1850\">\n<p data-start=\"1827\" data-end=\"1850\">Procediment de selecci\u00f3<\/p>\n<\/li>\n<\/ul>\n<p data-start=\"1852\" data-end=\"1968\">Aquest proc\u00e9s s\u2019espera que tingui lloc al llarg de 2026, amb ex\u00e0mens previstos en la <strong data-start=\"1937\" data-end=\"1958\">primavera o estiu<\/strong> de l\u2019any.<\/p>\n<h2 data-start=\"1975\" data-end=\"2014\">\u00a0<\/h2>\n<h2 data-start=\"1975\" data-end=\"2014\"><strong data-start=\"1981\" data-end=\"2014\">Places convocades \u2013 GACE 2026<\/strong><\/h2>\n<p data-start=\"2016\" data-end=\"2351\">La convocat\u00f2ria de <strong data-start=\"2035\" data-end=\"2048\">GACE 2026<\/strong> contempla places tant per a <strong data-start=\"2077\" data-end=\"2093\">acc\u00e9s lliure<\/strong> com per a <strong data-start=\"2104\" data-end=\"2124\">promoci\u00f3 interna<\/strong>. Tot i que els n\u00fameros oficials de la convocat\u00f2ria es publiquen amb la resoluci\u00f3 al BOE, es preveu una oferta abundant tenint en compte la necessitat de renovaci\u00f3 de plantilla derivada de jubilacions i estabilitzaci\u00f3 de llocs.<\/p>\n<p data-start=\"2353\" data-end=\"2493\"><strong data-start=\"2356\" data-end=\"2385\">Previsi\u00f3 aproximada 2026:<\/strong><br data-start=\"2385\" data-end=\"2388\" \/>Places d\u2019acc\u00e9s lliure: prop de 1.300 \u2013 1.400<br data-start=\"2435\" data-end=\"2438\" \/>Places de promoci\u00f3 interna: aproximadament 200 \u2013 300<\/p>\n<p data-start=\"2495\" data-end=\"2616\"><em data-start=\"2495\" data-end=\"2502\">Nota:<\/em> S\u00f3n xifres estimatives basades en tend\u00e8ncies de convocat\u00f2ries recents i encara dependran de la resoluci\u00f3 oficial.<\/p>\n<h2 data-start=\"2623\" data-end=\"2669\">\u00a0<\/h2>\n<h2 data-start=\"2623\" data-end=\"2669\"><strong data-start=\"2629\" data-end=\"2669\">Hist\u00f2ric de places convocades (GACE)<\/strong><\/h2>\n<p data-start=\"2671\" data-end=\"2780\">Con\u00e8ixer l\u2019evoluci\u00f3 de places d\u2019anys anteriors ajuda a entendre la tend\u00e8ncia de creixement de les oposicions:<\/p>\n<div class=\"TyagGW_tableContainer\">\n<div class=\"group TyagGW_tableWrapper flex w-fit flex-col-reverse\" tabindex=\"-1\">\n<table class=\"w-fit min-w-(--thread-content-width)\" data-start=\"2782\" data-end=\"3135\">\n<thead data-start=\"2782\" data-end=\"2824\">\n<tr data-start=\"2782\" data-end=\"2824\">\n<th data-start=\"2782\" data-end=\"2788\" data-col-size=\"sm\">Any<\/th>\n<th data-start=\"2788\" data-end=\"2809\" data-col-size=\"sm\">Convocat\u00f2ria (OEP)<\/th>\n<th data-start=\"2809\" data-end=\"2824\" data-col-size=\"sm\">Places GACE<\/th>\n<\/tr>\n<\/thead>\n<tbody data-start=\"2869\" data-end=\"3135\">\n<tr data-start=\"2869\" data-end=\"2897\">\n<td data-start=\"2869\" data-end=\"2876\" data-col-size=\"sm\">2018<\/td>\n<td data-start=\"2876\" data-end=\"2887\" data-col-size=\"sm\">OEP 2018<\/td>\n<td data-start=\"2887\" data-end=\"2897\" data-col-size=\"sm\">~1.200<\/td>\n<\/tr>\n<tr data-start=\"2898\" data-end=\"2926\">\n<td data-start=\"2898\" data-end=\"2905\" data-col-size=\"sm\">2019<\/td>\n<td data-start=\"2905\" data-end=\"2916\" data-col-size=\"sm\">OEP 2019<\/td>\n<td data-start=\"2916\" data-end=\"2926\" data-col-size=\"sm\">~1.400<\/td>\n<\/tr>\n<tr data-start=\"2927\" data-end=\"2955\">\n<td data-start=\"2927\" data-end=\"2934\" data-col-size=\"sm\">2020<\/td>\n<td data-start=\"2934\" data-end=\"2945\" data-col-size=\"sm\">OEP 2020<\/td>\n<td data-start=\"2945\" data-end=\"2955\" data-col-size=\"sm\">~1.350<\/td>\n<\/tr>\n<tr data-start=\"2956\" data-end=\"2984\">\n<td data-start=\"2956\" data-end=\"2963\" data-col-size=\"sm\">2021<\/td>\n<td data-start=\"2963\" data-end=\"2974\" data-col-size=\"sm\">OEP 2021<\/td>\n<td data-start=\"2974\" data-end=\"2984\" data-col-size=\"sm\">~1.500<\/td>\n<\/tr>\n<tr data-start=\"2985\" data-end=\"3013\">\n<td data-start=\"2985\" data-end=\"2992\" data-col-size=\"sm\">2022<\/td>\n<td data-start=\"2992\" data-end=\"3003\" data-col-size=\"sm\">OEP 2022<\/td>\n<td data-start=\"3003\" data-end=\"3013\" data-col-size=\"sm\">~1.600<\/td>\n<\/tr>\n<tr data-start=\"3014\" data-end=\"3042\">\n<td data-start=\"3014\" data-end=\"3021\" data-col-size=\"sm\">2023<\/td>\n<td data-start=\"3021\" data-end=\"3032\" data-col-size=\"sm\">OEP 2023<\/td>\n<td data-start=\"3032\" data-end=\"3042\" data-col-size=\"sm\">~1.700<\/td>\n<\/tr>\n<tr data-start=\"3043\" data-end=\"3071\">\n<td data-start=\"3043\" data-end=\"3050\" data-col-size=\"sm\">2024<\/td>\n<td data-start=\"3050\" data-end=\"3061\" data-col-size=\"sm\">OEP 2024<\/td>\n<td data-start=\"3061\" data-end=\"3071\" data-col-size=\"sm\">~1.800<\/td>\n<\/tr>\n<tr data-start=\"3072\" data-end=\"3135\">\n<td data-start=\"3072\" data-end=\"3079\" data-col-size=\"sm\">2025<\/td>\n<td data-start=\"3079\" data-end=\"3090\" data-col-size=\"sm\">OEP 2025<\/td>\n<td data-start=\"3090\" data-end=\"3135\" data-col-size=\"sm\"><strong data-start=\"3092\" data-end=\"3102\">~1.500<\/strong> (base de la convocat\u00f2ria 2026)<\/td>\n<\/tr>\n<\/tbody>\n<\/table>\n<\/div>\n<\/div>\n<p data-start=\"3137\" data-end=\"3328\"><strong data-start=\"3140\" data-end=\"3155\">Observaci\u00f3:<\/strong> Les xifres poden variar lleugerament segons avancen les publicacions oficials del BOE, per\u00f2 la tend\u00e8ncia mostra un increment sostingut de places convocades per al cos GACE.<\/p>\n<h2 data-start=\"3335\" data-end=\"3388\">\u00a0<\/h2>\n<h2 data-start=\"3335\" data-end=\"3388\"><strong data-start=\"3344\" data-end=\"3388\">Estructura del proc\u00e9s selectiu GACE 2026<\/strong><\/h2>\n<p data-start=\"3390\" data-end=\"3480\">Les oposicions GACE es configuren a partir de <strong data-start=\"3436\" data-end=\"3479\">dues proves obligatoris i eliminat\u00f2ries<\/strong>:<\/p>\n<h3 data-start=\"3482\" data-end=\"3536\"><strong data-start=\"3489\" data-end=\"3536\">1. Primer exercici \u2013 Examen de coneixements<\/strong><\/h3>\n<ul data-start=\"3537\" data-end=\"3726\">\n<li data-start=\"3537\" data-end=\"3595\">\n<p data-start=\"3539\" data-end=\"3595\">Examen te\u00f2ric tipus test basat en el <strong data-start=\"3576\" data-end=\"3594\">temari oficial<\/strong>.<\/p>\n<\/li>\n<li data-start=\"3596\" data-end=\"3726\">\n<p data-start=\"3598\" data-end=\"3726\">S\u2019avaluen q\u00fcestions sobre organitzaci\u00f3 de l\u2019Estat, dret administratiu, funci\u00f3 p\u00fablica, gesti\u00f3 econ\u00f2mica i normatives aplicables.<\/p>\n<\/li>\n<\/ul>\n<h3 data-start=\"3728\" data-end=\"3783\"><strong data-start=\"3735\" data-end=\"3783\">2. Segon exercici \u2013 Sup\u00f2sit o prova pr\u00e0ctica<\/strong><\/h3>\n<ul data-start=\"3784\" data-end=\"3940\">\n<li data-start=\"3784\" data-end=\"3940\">\n<p data-start=\"3786\" data-end=\"3940\">El segon exercici consisteix en un <strong data-start=\"3821\" data-end=\"3840\">sup\u00f2sit pr\u00e0ctic<\/strong> on l\u2019aspirant ha d\u2019aplicar els coneixements adquirits en situacions reals de gesti\u00f3 administrativa.<\/p>\n<\/li>\n<\/ul>\n<p data-start=\"3942\" data-end=\"4030\">Cada fase \u00e9s eliminat\u00f2ria i la puntuaci\u00f3 total determina l\u2019ordre definitiu de la llista.<\/p>\n<h2 data-start=\"4037\" data-end=\"4084\">\u00a0<\/h2>\n<h2 data-start=\"4037\" data-end=\"4084\"><strong data-start=\"4043\" data-end=\"4084\">Temari oficial \u2013 Oposicions GACE 2026<\/strong><\/h2>\n<p data-start=\"4086\" data-end=\"4210\">El temari es divideix en grans blocs tem\u00e0tics que els aspirants han d\u2019estudiar a fons. Alguns dels blocs m\u00e9s importants s\u00f3n:<\/p>\n<h3 data-start=\"4212\" data-end=\"4281\"><strong data-start=\"4219\" data-end=\"4281\">Bloc 1 \u2013 Organitzaci\u00f3 de l\u2019Estat i l\u2019Administraci\u00f3 P\u00fablica<\/strong><\/h3>\n<ul data-start=\"4282\" data-end=\"4383\">\n<li data-start=\"4282\" data-end=\"4305\">\n<p data-start=\"4284\" data-end=\"4305\">Constituci\u00f3 Espanyola<\/p>\n<\/li>\n<li data-start=\"4306\" data-end=\"4332\">\n<p data-start=\"4308\" data-end=\"4332\">Organitzaci\u00f3 territorial<\/p>\n<\/li>\n<li data-start=\"4333\" data-end=\"4383\">\n<p data-start=\"4335\" data-end=\"4383\">Estructura de l\u2019Administraci\u00f3 General de l\u2019Estat<\/p>\n<\/li>\n<\/ul>\n<h3 data-start=\"4385\" data-end=\"4423\"><strong data-start=\"4392\" data-end=\"4423\">Bloc 2 \u2013 Dret Administratiu<\/strong><\/h3>\n<ul data-start=\"4424\" data-end=\"4514\">\n<li data-start=\"4424\" data-end=\"4458\">\n<p data-start=\"4426\" data-end=\"4458\">Acte i procediment administratiu<\/p>\n<\/li>\n<li data-start=\"4459\" data-end=\"4484\">\n<p data-start=\"4461\" data-end=\"4484\">Recursos administratius<\/p>\n<\/li>\n<li data-start=\"4485\" data-end=\"4514\">\n<p data-start=\"4487\" data-end=\"4514\">Responsabilitat patrimonial<\/p>\n<\/li>\n<\/ul>\n<h3 data-start=\"4516\" data-end=\"4550\"><strong data-start=\"4523\" data-end=\"4550\">Bloc 3 \u2013 Funci\u00f3 P\u00fablica<\/strong><\/h3>\n<ul data-start=\"4551\" data-end=\"4677\">\n<li data-start=\"4551\" data-end=\"4596\">\n<p data-start=\"4553\" data-end=\"4596\">Estatuto B\u00e1sico del Empleado P\u00fablico (EBEP)<\/p>\n<\/li>\n<li data-start=\"4597\" data-end=\"4627\">\n<p data-start=\"4599\" data-end=\"4627\">Selecci\u00f3 i provisi\u00f3 de llocs<\/p>\n<\/li>\n<li data-start=\"4628\" data-end=\"4677\">\n<p data-start=\"4630\" data-end=\"4677\">Situacions administratives i r\u00e8gim disciplinari<\/p>\n<\/li>\n<\/ul>\n<h3 data-start=\"4679\" data-end=\"4732\"><strong data-start=\"4686\" data-end=\"4732\">Bloc 4 \u2013 Gesti\u00f3 Econ\u00f2mica i Pressupost\u00e0ria<\/strong><\/h3>\n<ul data-start=\"4733\" data-end=\"4798\">\n<li data-start=\"4733\" data-end=\"4756\">\n<p data-start=\"4735\" data-end=\"4756\">Pressupost de l\u2019Estat<\/p>\n<\/li>\n<li data-start=\"4757\" data-end=\"4798\">\n<p data-start=\"4759\" data-end=\"4798\">Classificaci\u00f3 i execuci\u00f3 pressupost\u00e0ria<\/p>\n<\/li>\n<\/ul>\n<p data-start=\"4800\" data-end=\"4909\">Aquest temari oficial es recull \u00edntegrament a la <strong data-start=\"4849\" data-end=\"4873\">convocat\u00f2ria del BOE<\/strong> i \u00e9s la base per preparar l\u2019examen.<\/p>\n<h2 data-start=\"4916\" data-end=\"4952\">\u00a0<\/h2>\n<h2 data-start=\"4916\" data-end=\"4952\"><strong data-start=\"4922\" data-end=\"4952\">Calendari previst per 2026<\/strong><\/h2>\n<p data-start=\"4954\" data-end=\"5073\">Tot i que dependr\u00e0 de la data oficial de publicaci\u00f3 de la resoluci\u00f3 al BOE, la previsi\u00f3 de dates per a GACE 2026 seria:<\/p>\n<ul data-start=\"5075\" data-end=\"5474\">\n<li data-start=\"5075\" data-end=\"5151\">\n<p data-start=\"5077\" data-end=\"5151\"><strong data-start=\"5080\" data-end=\"5114\">Publicaci\u00f3 de la convocat\u00f2ria:<\/strong> principis de 2026<\/p>\n<\/li>\n<li data-start=\"5152\" data-end=\"5230\">\n<p data-start=\"5154\" data-end=\"5230\"><strong data-start=\"5158\" data-end=\"5196\">Obertura del termini d\u2019inscripci\u00f3:<\/strong> Despr\u00e9s de la publicaci\u00f3 al BOE<\/p>\n<\/li>\n<li data-start=\"5231\" data-end=\"5322\">\n<p data-start=\"5233\" data-end=\"5322\"><strong data-start=\"5236\" data-end=\"5281\">Publicaci\u00f3 de llistes d\u2019admesos\/exclosos:<\/strong> Un cop concl\u00f2s el termini d\u2019inscripci\u00f3<\/p>\n<\/li>\n<li data-start=\"5323\" data-end=\"5399\">\n<p data-start=\"5325\" data-end=\"5399\"><strong>E<\/strong><strong data-start=\"5328\" data-end=\"5371\">xamen de coneixements (primera prova):<\/strong> Primavera \u2013 estiu de 2026<\/p>\n<\/li>\n<li data-start=\"5400\" data-end=\"5474\">\n<p data-start=\"5402\" data-end=\"5474\"><strong>S<\/strong><strong data-start=\"5405\" data-end=\"5432\">egona prova (sup\u00f2sit):<\/strong> Solament per a qui superi la primera fase<\/p>\n<\/li>\n<\/ul>\n<h2 data-start=\"5481\" data-end=\"5537\">\u00a0<\/h2>\n<h2 data-start=\"5481\" data-end=\"5537\"><strong data-start=\"5487\" data-end=\"5537\">Consells per preparar les oposicions GACE 2026<\/strong><\/h2>\n<p data-start=\"5539\" data-end=\"5645\">Preparar unes oposicions de nivell A2 com GACE requereix const\u00e0ncia, planificaci\u00f3 i recursos actualitzats:<\/p>\n<h3 data-start=\"5647\" data-end=\"5687\">\u2714\ufe0f Materials d\u2019estudi actualitzats<\/h3>\n<p data-start=\"5688\" data-end=\"5786\">Utilitza temaris 2026 basats en l\u2019\u00faltima normativa publicada i adaptats a la convocat\u00f2ria oficial com els que tenim a Practic BCN.<\/p>\n<h3 data-start=\"5788\" data-end=\"5819\">\u2714\ufe0f Planificaci\u00f3 per blocs<\/h3>\n<p data-start=\"5820\" data-end=\"5926\">Organitza el teu estudi en funci\u00f3 dels blocs tem\u00e0tics, comen\u00e7ant per els m\u00e9s generals fins als espec\u00edfics.<\/p>\n<h3 data-start=\"5928\" data-end=\"5953\">\u2714\ufe0f Tests i simulacres<\/h3>\n<p data-start=\"5954\" data-end=\"6062\">Practica amb ex\u00e0mens de convocat\u00f2ries anteriors per familiaritzar\u2011te amb el format i augmentar la velocitat. A Practic BCN tenim tot tipus de simulacres i tests.<\/p>\n<h3 data-start=\"6064\" data-end=\"6090\">\u2714\ufe0f Sup\u00f2sits pr\u00e0ctics<\/h3>\n<p data-start=\"6091\" data-end=\"6202\">Reserva temps per practicar sup\u00f2sits i casos reals, especialment de dret administratiu i gesti\u00f3 pressupost\u00e0ria.<\/p>\n<p data-start=\"6230\" data-end=\"6519\">\n<p data-start=\"6230\" data-end=\"6519\">Les <strong data-start=\"6234\" data-end=\"6258\">oposicions GACE 2026<\/strong> representen una oportunitat excel\u00b7lent per accedir a un lloc estable com a <strong data-start=\"6334\" data-end=\"6382\">Gestor\/a de l\u2019Administraci\u00f3 Civil de l\u2019Estat<\/strong>. Amb una oferta de places significativa i un proc\u00e9s selectiu ben estructurat, aquesta convocat\u00f2ria atrau centenars d\u2019opositors cada any.<\/p>\n<p data-start=\"6521\" data-end=\"6705\">Amb un <strong data-start=\"6528\" data-end=\"6619\">temari clar, una bona planificaci\u00f3 d\u2019estudi, materials actualitzats i pr\u00e0ctica constant<\/strong>, pots enfortir les teves possibilitats d\u2019\u00e8xit i assolir la teva pla\u00e7a en el cos GACE.<\/p>\n<p>[\/et_pb_text][\/et_pb_column][et_pb_column type=&#8221;2_5&#8243; _builder_version=&#8221;4.16&#8243; _module_preset=&#8221;default&#8221; global_colors_info=&#8221;{}&#8221;][et_pb_code admin_label=&#8221;formulario&#8221; _builder_version=&#8221;4.27.4&#8243; _module_preset=&#8221;default&#8221; global_module=&#8221;26217&#8243; saved_tabs=&#8221;all&#8221; global_colors_info=&#8221;{}&#8221;]<\/p>\n<h3><strong>Solicita informaci\u00f3n sin compromiso<\/strong><\/h3>\n<p><\/center><!\u2013- [et_pb_br_holder] -\u2013><!-- [et_pb_line_break_holder] --><iframe loading=\"lazy\" src=\"https:\/\/www.practicbcn.com\/formulario\/form.php\" width=\"400\" height=\"650\" frameborder=\"0\" scrolling=\"no\"><\/iframe>[\/et_pb_code][et_pb_text admin_label=&#8221;opiniones&#8221; _builder_version=&#8221;4.27.4&#8243; _module_preset=&#8221;default&#8221; global_module=&#8221;26218&#8243; saved_tabs=&#8221;all&#8221; global_colors_info=&#8221;{}&#8221;]<\/p>\n<h3 style=\"text-align: center;\"><strong>OPINIONES<\/strong><\/h3>\n<p><img loading=\"lazy\" decoding=\"async\" class=\"wp-image-26215 alignnone size-full\" src=\"https:\/\/www.practicbcn.com\/wp-content\/uploads\/2025\/05\/5.png.webp\" alt=\"\" width=\"96\" height=\"15\" \/><br \/>Daros las gracias por este a\u00f1o de formaci\u00f3n, por vuestra atenci\u00f3n y profesionalidad. He conseguido un sue\u00f1o. La semana que viene firmo mi contrato con Correos. Os recomiendo sin duda alguna este centro de formaci\u00f3n.<\/p>\n<p><strong>Alberto L\u00f3pez<\/strong><\/p>\n<p>&nbsp;<\/p>\n<p><img loading=\"lazy\" decoding=\"async\" class=\"wp-image-26215 alignnone size-full\" src=\"https:\/\/www.practicbcn.com\/wp-content\/uploads\/2025\/05\/5.png.webp\" alt=\"\" width=\"96\" height=\"15\" \/><br \/>Muy buena atenci\u00f3n y genial preparaci\u00f3n para las oposiciones.<br \/>El personal es muy atento y competente, ofreciendo un servicio de calidad.<br \/>Te proporcionan las herramientas necesarias para presentarte a la oposici\u00f3n y poder obtener un resultado satisfactorio<\/p>\n<p><strong>Marc Lloren\u00e7<\/strong><\/p>\n<p>&nbsp;<\/p>\n<p><img loading=\"lazy\" decoding=\"async\" class=\"wp-image-26215 alignnone size-full\" src=\"https:\/\/www.practicbcn.com\/wp-content\/uploads\/2025\/05\/5.png.webp\" alt=\"\" width=\"96\" height=\"15\" \/><br \/>Llevo unos meses como alumna y mi experiencia es excelente. Estoy muy agradecida porque los profesores hacen un seguimiento personalizado y resuelven todas las dudas. Adem\u00e1s, ponen a nuestra disposici\u00f3n todo el material necesario, de forma bien organizada, para que la formaci\u00f3n sea completa y disponible en cualquier horario.<\/p>\n<p><strong>Silvia<\/strong><\/p>\n<p>&nbsp;<\/p>\n<p>[\/et_pb_text][\/et_pb_column][\/et_pb_row][\/et_pb_section]<\/p>\n","protected":false},"excerpt":{"rendered":"<p>Tens dubtes sobre qu\u00e8 \u00e9s un subaltern? Quines funcions desenvolupa? Si necessita alguna habilitat o capacitat espec\u00edfica? Coneix aqu\u00ed tot i m\u00e9s sobre els subalterns i el proc\u00e9s de les seves oposicions.<\/p>\n","protected":false},"author":3,"featured_media":26949,"comment_status":"closed","ping_status":"closed","sticky":false,"template":"","format":"standard","meta":{"_et_pb_use_builder":"on","_et_pb_old_content":"<p>[et_pb_section fb_built=\"1\" _builder_version=\"4.16\" _module_preset=\"default\" global_colors_info=\"{}\"][et_pb_row _builder_version=\"4.16\" _module_preset=\"default\" global_colors_info=\"{}\" column_structure=\"3_5,2_5\"][et_pb_column type=\"3_5\" _builder_version=\"4.16\" _module_preset=\"default\" global_colors_info=\"{}\"][et_pb_text _builder_version=\"4.16\" _module_preset=\"default\" global_colors_info=\"{}\"]<\/p><p style=\"text-align: justify;\"><span style=\"font-size: 12pt;\"><span style=\"font-weight: 400;\">Quan pensem en les<\/span><strong><em>f uncions del subaltern<\/em><\/strong><span style=\"font-weight: 400;\">, ens ve al capdavant la vigil\u00e0ncia d'un edifici p\u00fablic i el seu manteniment. Per\u00f2 ser subaltern \u00e9s molt m\u00e9s que aix\u00f2<\/span><\/span><\/p><p style=\"text-align: justify;\"><span style=\"font-weight: 400; font-size: 12pt;\">La seva professi\u00f3 suposa un servei i atenci\u00f3 al p\u00fablic. Amb diverses tasques importants. Si vols con\u00e8ixer el lloc de subaltern: funcions, compet\u00e8ncies i oposicions a superar per fer-te amb una pla\u00e7a, continua llegint aquest post.<\/span><\/p><p>\u00a0<\/p><h2 style=\"text-align: justify;\"><span style=\"font-weight: 400;\">A qu\u00e8 es dedica un subaltern?<\/span><\/h2><p style=\"text-align: justify;\"><img class=\"alignright wp-image-13029 size-full\" style=\"text-align: justify;\" src=\"https:\/\/www.practicbcn.com\/wp-content\/uploads\/2021\/03\/POST-08_03_2021-12_03_2021.png\" alt=\"funcions-del-subaltern\" width=\"500\" height=\"310\" \/><\/p><p style=\"text-align: justify;\"><span style=\"font-size: 12pt;\"><span style=\"font-weight: 400;\">Abans de comen\u00e7ar a<\/span> <span style=\"font-weight: 400;\">estudiar les oposicions de subaltern<\/span><span style=\"font-weight: 400;\">, et recomanem que coneguis en qu\u00e8 consisteix el seu treball.<\/span><\/span><\/p><p style=\"text-align: justify;\"><span style=\"font-size: 12pt;\"><span style=\"font-weight: 400;\">En primer lloc, has de saber que com a subaltern ser\u00e0s un<\/span> <b>funcionari p\u00fablic.<\/b><span style=\"font-weight: 400;\">. T'encarregar\u00e0s de la gesti\u00f3, el control i la vigil\u00e0ncia d'ajuntaments, diputacions, centres c\u00edvics, museus\u2026<\/span><\/span><\/p><p style=\"text-align: justify;\"><span style=\"font-weight: 400; font-size: 12pt;\">Assumir\u00e0s tasques importants. La teva missi\u00f3 \u00e9s el correcte funcionament de la instituci\u00f3. Per\u00f2 a m\u00e9s ser\u00e0s la cara visible d'aquesta. Els visitants i usuaris dirigiran els seus dubtes cap a tu. Ja que ets al primer que veuran.<\/span><\/p><p style=\"text-align: justify;\"><span style=\"font-weight: 400; font-size: 12pt;\">Les <strong>funcions del subaltern<\/strong> poden variar. En funci\u00f3 del lloc al qual siguis destinat, tindr\u00e0s unes prioritats o altres. Fins i tot pot canviar depenent de la comunitat aut\u00f2noma.<\/span><\/p><p style=\"text-align: justify;\"><span style=\"font-weight: 400; font-size: 12pt;\">Per\u00f2 existeixen diverses funcions, que haur\u00e0s de realitzar independentment del teu dest\u00ed.<\/span><\/p><p>\u00a0<\/p><h2 style=\"text-align: justify;\"><span style=\"font-weight: 400;\">Quines s\u00f3n les principals funcions del subaltern?<\/span><\/h2><p>\u00a0<\/p><ul><li style=\"text-align: justify;\"><span style=\"font-size: 12pt;\"><b>Assegurar les instal\u00b7lacions, el mobiliari i el material.<\/b><span style=\"font-weight: 400;\"> Com a subaltern haur\u00e0s de garantir l'ordre i el bon \u00fas de les instal\u00b7lacions. En altres paraules, evitar les males pr\u00e0ctiques dels visitants per a la conservaci\u00f3 de la infraestructura.<\/span><\/span><\/li><li style=\"text-align: justify;\"><span style=\"font-size: 12pt;\"><b>Vigilar l'edifici.<\/b><span style=\"font-weight: 400;\"> Et pots encarregar de l'entrada al recinte. A m\u00e9s de controlar a les persones que accedeixen a les instal\u00b7lacions, informar-les quan tinguin dubtes i cridar la seva atenci\u00f3 quan no es comportin.<\/span><\/span><\/li><li style=\"text-align: justify;\"><span style=\"font-size: 12pt;\"><b>Rebre i distribuir documents, objectius i correspond\u00e8ncia.<\/b><span style=\"font-weight: 400;\"> Haur\u00e0s d'estar atent a la recepci\u00f3 de cartes, documents\u2026 A m\u00e9s de lliurar-los als seus destinataris o departaments corresponents dins de la instituci\u00f3.<\/span><\/span><\/li><li style=\"text-align: justify;\"><span style=\"font-size: 12pt;\"><b>Custodiar les claus de despatxos i oficines.<\/b><span style=\"font-weight: 400;\"> Tindr\u00e0s acc\u00e9s a totes les sales de l'edifici, per la qual cosa deur\u00e0s saber quina sala obre cada clau. Aix\u00ed com tenir-les sempre a m\u00e0, per si cal disposar d'elles.<\/span><\/span><\/li><li style=\"text-align: justify;\"><span style=\"font-size: 12pt;\"><b>Resoldre els dubtes dels usuaris.<\/b><span style=\"font-weight: 400;\"> L'atenci\u00f3 al p\u00fablic \u00e9s una labor important, haur\u00e0s de tractar de resoldre tots els dubtes que els usuaris tinguin de les depend\u00e8ncies p\u00fabliques, o saber orientar-los a les persones que resoldran els seus dubtes.<\/span><\/span><\/li><li style=\"text-align: justify;\"><span style=\"font-size: 12pt;\"><b>Con\u00e8ixer l'inventari i controlar les seves exist\u00e8ncies<\/b><span style=\"font-weight: 400;\">. Haur\u00e0s de portar un control dels materials i provisions fonamentals.<\/span><\/span><\/li><li style=\"text-align: justify;\"><span style=\"font-size: 12pt;\"><b>Utilitzar fotocopiadores.<\/b><span style=\"font-weight: 400;\"> La funci\u00f3 de reprografia \u00e9s teva. T'encarregar\u00e0s de fotocopiar i enquadernar quan calgui.<\/span><\/span><\/li><li style=\"text-align: justify;\"><span style=\"font-size: 12pt;\"><b>Trasllat de material o mobiliari.<\/b><span style=\"font-weight: 400;\"> L'\u00faltima funci\u00f3 general que far\u00e0s ser\u00e0 col\u00b7locar o recol\u00b7locar material i mobiliari per habilitar sales i crear espai quan se celebrin actes p\u00fablics.<\/span><\/span><\/li><\/ul><p>\u00a0<\/p><p style=\"text-align: center;\">[bctt tweet=\"Tens dubtes sobre qu\u00e8 \u00e9s un subaltern? Quines funcions desenvolupa? Si necessita alguna habilitat o capacitat espec\u00edfica? Coneix aqu\u00ed tot i m\u00e9s sobre els subalterns i el proc\u00e9s de les oposicions.\" username=\"practicbcn\"]<\/p><p>\u00a0<\/p><h2 style=\"text-align: justify;\"><span style=\"font-weight: 400;\">Oposicions Subaltern<\/span><\/h2><p>\u00a0<\/p><p style=\"text-align: justify;\"><span style=\"font-size: 12pt;\"><span style=\"font-weight: 400;\">Si est\u00e0s capacitat per realitzar les <strong>funcions del subaltern<\/strong> i desitges treballar en una entitat p\u00fablica amb una ocupaci\u00f3 fixa, \u00e9s hora que et preparis les oposicions. Per con\u00e8ixer tot sobre el proc\u00e9s selectiu et recomanem que consultis l'<\/span><span style=\"font-weight: 400;\">apartat de subaltern en la web de la Generalitat.<\/span><\/span><\/p><p style=\"text-align: justify;\"><span style=\"font-weight: 400; font-size: 12pt;\">Per a aix\u00f2 haur\u00e0s d'estudiar un temari compost de quatre blocs, on adquirir\u00e0s coneixements de dret constitucional, administratiu, la llei de r\u00e8gim local, prevenci\u00f3 de riscos laborals i cultura general. La fase d'oposici\u00f3 consta de dues proves. Seguida d'una fase de concurs.<\/span><\/p><p>\u00a0<\/p><h3 style=\"text-align: justify;\"><span style=\"font-weight: 400;\">Primera prova<\/span><\/h3><p>\u00a0<\/p><p style=\"text-align: justify;\"><span style=\"font-weight: 400; font-size: 12pt;\">L'examen de l'oposici\u00f3 est\u00e0 compost per tres exercicis que has de superar:<\/span><\/p><ol style=\"text-align: justify;\"><li><span style=\"font-weight: 400; font-size: 12pt;\">Un q\u00fcestionari tipus test, amb preguntes alternatives sobretot el programa (el temari de l'oposici\u00f3).<\/span><\/li><li><span style=\"font-weight: 400; font-size: 12pt;\">Un exercici escrit, on haur\u00e0s de contestar a preguntes de cultura general i algun exercici de matem\u00e0tiques.<\/span><\/li><li><span style=\"font-weight: 400; font-size: 12pt;\">Resoldre diversos sup\u00f2sits pr\u00e0ctics, relacionats amb les <strong>funcions del subaltern<\/strong>.<\/span><\/li><\/ol><p style=\"text-align: justify;\"><span style=\"font-weight: 400; font-size: 12pt;\">Recorda que tots aquests exercicis s\u00f3n obligatoris i eliminatoris, per la qual cosa per aconseguir la teva pla\u00e7a m\u00ednim haur\u00e0s d'aprovar totes les parts.<\/span><\/p><p>\u00a0<\/p><h3 style=\"text-align: justify;\"><span style=\"font-weight: 400;\">Segona prova<\/span><\/h3><p>\u00a0<\/p><p style=\"text-align: justify;\"><span style=\"font-weight: 400; font-size: 12pt;\">La segona prova de les oposicions de subaltern estar\u00e0 formada per ex\u00e0mens de llengua catalana i castellana.<\/span><\/p><p style=\"text-align: justify;\"><span style=\"font-weight: 400; font-size: 12pt;\">Aquests ex\u00e0mens no haur\u00e0s de realitzar-los si pots acreditar un nivell B2 de catal\u00e0. I si disposes de la nacionalitat espanyola.<\/span><\/p><ul><li style=\"text-align: justify;\"><span style=\"font-size: 12pt;\"><span style=\"font-weight: 400;\">Prova de coneixements de la llengua catalana. \u00c9s aquest exercici, haur\u00e0s de redactar una carta formal de 100 paraules, una nota de 50 i resoldre diversos exercicis de gram\u00e0tica i vocabulari. <\/span><\/span><span style=\"font-weight: 400; font-size: 12pt;\">A m\u00e9s, haur\u00e0s de llegir un text en veu alta, i mantenir una petita conversa.<\/span><\/li><li style=\"text-align: justify;\"><span style=\"font-size: 12pt;\"><span style=\"font-weight: 400;\">Prova de coneixements del castell\u00e0. Aquest exercici \u00e9s m\u00e9s simple. \u00danicament haur\u00e0s de fer una redacci\u00f3 de 150 paraules en 45 minuts i mantenir una conversa de 15 amb el tribunal qualificador.<\/span><\/span><\/li><\/ul><p style=\"text-align: justify;\"><span style=\"font-weight: 400; font-size: 12pt;\">Com aquestes proves no s\u00f3n obligat\u00f2ries per tothom, la seva qualificaci\u00f3 no ser\u00e0 per punts. Si no que es valorar\u00e0 entre apte i no apte.<\/span><\/p><p>\u00a0<\/p><h3 style=\"text-align: justify;\"><span style=\"font-weight: 400;\">Concurs de m\u00e8rits<\/span><\/h3><p>\u00a0<\/p><p style=\"text-align: justify;\"><span style=\"font-weight: 400; font-size: 12pt;\">Una vegada acabada la fase d'ex\u00e0mens, el Tribunal valorar\u00e0 els m\u00e8rits aportats a les oposicions.<\/span><\/p><p style=\"text-align: justify;\"><span style=\"font-weight: 400; font-size: 12pt;\">En funci\u00f3 dels m\u00e8rits que lliuris podr\u00e0s <b>puntuar fins a 66,6 punts<\/b>. Es valorar\u00e0 l'experi\u00e8ncia en llocs similars. A m\u00e9s tamb\u00e9 seran valorades les teves compet\u00e8ncies tecnol\u00f2giques.<\/span><\/p><p style=\"text-align: justify;\"><span style=\"font-weight: 400; font-size: 12pt;\">Els m\u00e8rits han de ser acreditats en el termini de 10 dies h\u00e0bils des del dia que es publiquin els resultats de l'oposici\u00f3.<\/span><\/p><p>\u00a0<\/p><h2 style=\"text-align: justify;\"><span style=\"font-weight: 400;\">Requisits per complir les funcions del subaltern<\/span><\/h2><p>\u00a0<\/p><p style=\"text-align: justify;\"><span style=\"font-weight: 400; font-size: 12pt;\">Igual que la resta de funcionaris de l'estat, per treballar com a subaltern haur\u00e0s de complir uns requisits m\u00ednims, abans de presentar-te a l'oposici\u00f3:<\/span><\/p><ul><li style=\"text-align: justify;\"><span style=\"font-size: 12pt;\"><span style=\"font-weight: 400;\">Tenir nacionalitat espanyola, perm\u00eds de resid\u00e8ncia i treball o ser membre de la Uni\u00f3 Europea.<\/span><\/span><\/li><li style=\"text-align: justify;\"><span style=\"font-size: 12pt;\"><span style=\"font-weight: 400;\">Ser major d'edat i no trobar-se en edat for\u00e7osa de jubilaci\u00f3.<\/span><\/span><\/li><li style=\"text-align: justify;\"><span style=\"font-size: 12pt;\"><span style=\"font-weight: 400;\">Tenir els estudis primaris, graduat escolar, o FP de Primer Grau.<\/span><\/span><\/li><li style=\"text-align: justify;\"><span style=\"font-size: 12pt;\"><span style=\"font-weight: 400;\">No tenir limitacions f\u00edsiques o ps\u00edquiques que impedeixin l'acompliment de les<\/span> <strong>funcions del subaltern<\/strong><span style=\"font-weight: 400;\">.<\/span><\/span><\/li><li style=\"text-align: justify;\"><span style=\"font-size: 12pt;\"><span style=\"font-weight: 400;\">No haver estat separat mitjan\u00e7ant expedient disciplinari de qualsevol administraci\u00f3 p\u00fablica. Ni tampoc estar inhabilitat per l'acompliment de les funcions p\u00fabliques.<\/span><\/span><\/li><\/ul><p style=\"text-align: justify;\"><span style=\"font-weight: 400; font-size: 12pt;\">A m\u00e9s de la formaci\u00f3 m\u00ednima i l'oposici\u00f3 aprovada, haur\u00e0s de comptar amb unes certes habilitats personals.<\/span><\/p><p>\u00a0<\/p><h3 style=\"text-align: justify;\"><span style=\"font-weight: 400;\">Habilitats personals per ser subaltern<\/span><\/h3><p>\u00a0<\/p><p style=\"text-align: justify;\"><span style=\"font-weight: 400; font-size: 12pt;\">Per treballar en aquest lloc haur\u00e0s de ser una persona emp\u00e0tica, amb bons dots comunicatius.<\/span><\/p><p style=\"text-align: justify;\"><span style=\"font-weight: 400; font-size: 12pt;\">Tamb\u00e9 has de ser una persona proactiva, disposat a fer qualsevol tasca per a la qual es precisi la teva ajuda. Ser organitzat i saber gestionar b\u00e9 tot el necessari per al manteniment de l'entitat.<\/span><\/p><p style=\"text-align: justify;\"><span style=\"font-weight: 400; font-size: 12pt;\">En definitiva, si vols ser un subaltern de primera, haur\u00e0s de complir amb aquestes sis compet\u00e8ncies:<\/span><\/p><h4 style=\"text-align: justify;\"><span style=\"font-weight: 400;\">Adaptabilitat<\/span><\/h4><p>\u00a0<\/p><p style=\"text-align: justify;\"><span style=\"font-weight: 400; font-size: 12pt;\">Ser capa\u00e7 d'adaptar-te a qualsevol situaci\u00f3. Acceptar els canvis, i saber donar un nou enfocament a les rutines.<\/span><\/p><p style=\"text-align: justify;\"><span style=\"font-weight: 400; font-size: 12pt;\">Cap canvi ha d'afectar al fet que realitzis de manera \u00f2ptima les <strong>funcions del subaltern<\/strong>.<\/span><\/p><p>\u00a0<\/p><h4 style=\"text-align: justify;\"><span style=\"font-weight: 400;\">Comprom\u00eds<\/span><\/h4><p>\u00a0<\/p><p style=\"text-align: justify;\"><span style=\"font-weight: 400; font-size: 12pt;\">Has d'estar comprom\u00e8s amb l'organitzaci\u00f3 en la qual treballes. A m\u00e9s d'amb el servei p\u00fablic que ofereixes.<\/span><\/p><p style=\"text-align: justify;\"><span style=\"font-weight: 400; font-size: 12pt;\">Per a aix\u00f2, \u00e9s necessari que comprenguis les caracter\u00edstiques de l'administraci\u00f3 p\u00fablica. Comparteixis els seus valors i duguis a terme els seus principis \u00e8tics en la teva professi\u00f3.<\/span><\/p><p>\u00a0<\/p><h4 style=\"text-align: justify;\"><span style=\"font-weight: 400;\">Comunicaci\u00f3<\/span><\/h4><p>\u00a0<\/p><p style=\"text-align: justify;\"><span style=\"font-weight: 400; font-size: 12pt;\">Has de ser capa\u00e7 de transmetre, de manera clara i concisa tot el necessari. Adaptant tu llenguatge depenent de la persona o grup de persones a les quals et dirigeixis.<\/span><\/p><p style=\"text-align: justify;\"><span style=\"font-weight: 400; font-size: 12pt;\">A m\u00e9s, has de ser pacient amb els visitants, contestar els seus dubtes, encara que tots et realitzin la mateixa, i sempre ser una persona extremadament amable amb ells.<\/span><\/p><p>\u00a0<\/p><h4 style=\"text-align: justify;\"><span style=\"font-weight: 400;\">Organitzaci\u00f3 i planificaci\u00f3<\/span><\/h4><p>\u00a0<\/p><p style=\"text-align: justify;\"><span style=\"font-weight: 400; font-size: 12pt;\">S\u00f3n moltes les tasques di\u00e0ries que has de realitzar. Per aix\u00f2, has de tenir criteri i saber organitzar-te.<\/span><\/p><p style=\"text-align: justify;\"><span style=\"font-weight: 400; font-size: 12pt;\">Recorda sempre classificar les tasques en funci\u00f3 de les prioritats, i posar terminis per a complir-les.<\/span><\/p><p>\u00a0<\/p><h4 style=\"text-align: justify;\"><span style=\"font-weight: 400;\">Prevenir i solucionar conflictes<\/span><\/h4><p>\u00a0<\/p><p style=\"text-align: justify;\"><span style=\"font-weight: 400; font-size: 12pt;\">Has de saber controlar el teu comportament en situacions delicades. A vegades pots viure situacions l\u00edmits que et portin a l'estr\u00e8s i l'ansietat.<\/span><\/p><p style=\"text-align: justify;\"><span style=\"font-weight: 400; font-size: 12pt;\">Has d'aparentar calma sempre, i intervenir en aquells problemes que ho requereixin. Per als visitants ets una figura d'autoritat, i has de saber fer-te valer quan es genera un conflicte amb ells.<\/span><\/p><p>\u00a0<\/p><h4 style=\"text-align: justify;\"><span style=\"font-weight: 400;\">Treball en equip<\/span><\/h4><p>\u00a0<\/p><p style=\"text-align: justify;\"><span style=\"font-weight: 400; font-size: 12pt;\">Finalment, \u00e9s vital per ocupar aquest lloc saber treballar en equip i col\u00b7laborar amb el grup. Una actitud participativa, dinamitzar\u00e0 el teu treball, i el facilitar\u00e0.<\/span><\/p><p style=\"text-align: justify;\"><span style=\"font-weight: 400; font-size: 12pt;\">Ha d'existir una bona cohesi\u00f3 entre els teus companys i tu.<\/span><\/p><p>\u00a0<\/p><h2 style=\"text-align: justify;\"><span style=\"font-weight: 400;\">Apr\u00e8n les funcions del subaltern amb Pr\u00e0ctic<\/span><\/h2><p>\u00a0<\/p><p style=\"text-align: justify;\"><span style=\"font-weight: 400; font-size: 12pt;\">Aconseguir un treball per a tota la vida, ben remunerat i amb vacances, \u00e9s a les teves mans. I a Pr\u00e0ctic volem ajudar-te.<\/span><\/p><p style=\"text-align: justify;\"><span style=\"font-weight: 400; font-size: 12pt;\">Si compleixes amb els requisits i aptituds per pert\u00e0nyer al cos de subalterns de la Generalitat, no el dubtis m\u00e9s!<\/span><\/p><p style=\"text-align: justify;\"><span style=\"font-weight: 400; font-size: 12pt;\"><b>Apunta't a Pr\u00e0ctic<\/b> i aconsegueix el millor temari per aprovar l'oposici\u00f3. A m\u00e9s, estar\u00e0s guiat per un grup de professionals experts en la mat\u00e8ria que t'ajudaran a treure la millor nota en l'examen.<\/span><\/p><p style=\"text-align: justify;\"><span style=\"font-weight: 400; font-size: 12pt;\">No t'ho pensis m\u00e9s, demana m\u00e9s informaci\u00f3 emplenant el seg\u00fcent formulari i deixa que t'ajudem a aconseguir la teva pla\u00e7a de funcionari.<\/span><\/p><p>[\/et_pb_text][\/et_pb_column][et_pb_column type=\"2_5\" _builder_version=\"4.16\" _module_preset=\"default\" global_colors_info=\"{}\"][et_pb_code admin_label=\"Cup\u00f3\" _builder_version=\"4.27.4\" _module_preset=\"default\" global_colors_info=\"{}\" global_module=\"26264\" theme_builder_area=\"post_content\"]<\/p><center><\/center><h3><strong>Demana informaci\u00f3 sense comprom\u00eds<\/strong><\/h3><p><br \/><!-- [et_pb_line_break_holder] --><iframe src=\"https:\/\/www.practicbcn.com\/formulario\/form.php\" width=\"400\" height=\"650\" frameborder=\"0\" scrolling=\"no\" data-mce-fragment=\"1\"><\/iframe>[\/et_pb_code][et_pb_text admin_label=\"opinions\" _builder_version=\"4.27.4\" _module_preset=\"default\" global_colors_info=\"{}\" global_module=\"26265\" theme_builder_area=\"post_content\"]<\/p><h3 style=\"text-align: center;\"><strong>OPINIONS<\/strong><\/h3><p><img class=\"wp-image-26215 alignnone size-full\" src=\"https:\/\/www.practicbcn.com\/wp-content\/uploads\/2025\/05\/5.png.webp\" alt=\"\" width=\"96\" height=\"15\" \/><br \/>Donar-vos les gr\u00e0cies per aquest any de formaci\u00f3, per la vostra atenci\u00f3 i professionalitat. He aconseguit un somni. La setmana que ve signo el meu contracte amb Correus. Us recomano sens dubte aquest centre de formaci\u00f3.<\/p><p><strong>Alberto L\u00f3pez<\/strong><\/p><p>\u00a0<\/p><p><img class=\"wp-image-26215 alignnone size-full\" src=\"https:\/\/www.practicbcn.com\/wp-content\/uploads\/2025\/05\/5.png.webp\" alt=\"\" width=\"96\" height=\"15\" \/><br \/>Molt bona atenci\u00f3 i genial preparaci\u00f3 per a les oposicions.<br \/>El personal \u00e9s molt atent i competent, oferint un servei de qualitat.<br \/>Et proporcionen les eines necess\u00e0ries per presentar-te a l'oposici\u00f3 i poder obtenir un resultat satisfactori<\/p><p><strong>Marc Lloren\u00e7<\/strong><\/p><p>\u00a0<\/p><p><img class=\"wp-image-26215 alignnone size-full\" src=\"https:\/\/www.practicbcn.com\/wp-content\/uploads\/2025\/05\/5.png.webp\" alt=\"\" width=\"96\" height=\"15\" \/><br \/>Porto uns mesos com a alumna i la meva experi\u00e8ncia \u00e9s excel\u00b7lent. Estic molt agra\u00efda perqu\u00e8 els professors fan un seguiment personalitzat i resolen tots els dubtes. A m\u00e9s, posen a la nostra disposici\u00f3 tot el material necessari, de manera ben organitzada, perqu\u00e8 la formaci\u00f3 sigui completa i disponible en qualsevol horari.<\/p><p><strong>Silvia<\/strong><\/p><p>\u00a0<\/p><p>[\/et_pb_text][\/et_pb_column][\/et_pb_row][\/et_pb_section][et_pb_section fb_built=\"1\" _builder_version=\"4.16\" _module_preset=\"default\" background_color=\"#009aa5\" min_height=\"254.9px\" custom_margin=\"||||false|false\" custom_padding=\"0px||0px||true|false\" top_divider_height_tablet=\"\" top_divider_height_phone=\"\" top_divider_height_last_edited=\"on|phone\" locked=\"off\" global_colors_info=\"{}\"][et_pb_row column_structure=\"1_3,1_3,1_3\" use_custom_gutter=\"on\" gutter_width=\"1\" make_equal=\"on\" _builder_version=\"4.16\" _module_preset=\"default\" width=\"100%\" max_width=\"2560px\" min_height=\"257.9px\" custom_margin=\"||||false|false\" custom_padding=\"0px||0px||false|false\" global_colors_info=\"{}\"][et_pb_column type=\"1_3\" _builder_version=\"4.16\" _module_preset=\"default\" global_colors_info=\"{}\"][et_pb_image src=\"https:\/\/www.practicbcn.com\/wp-content\/uploads\/2021\/08\/circulo-06_2-06.png\" alt=\"practic-barcelona-oposiciones\" title_text=\"practic-barcelona-oposiciones\" src_tablet=\"https:\/\/www.practicbcn.com\/wp-content\/uploads\/2021\/09\/practic-barcelona-oposiciones.png\" src_phone=\"https:\/\/www.practicbcn.com\/wp-content\/uploads\/2021\/09\/practic-barcelona-oposiciones.png\" src_last_edited=\"on|tablet\" _builder_version=\"4.16\" _module_preset=\"default\" custom_margin=\"||||false|false\" custom_margin_tablet=\"||0px||false|false\" custom_margin_phone=\"||0px||false|false\" custom_margin_last_edited=\"on|tablet\" global_colors_info=\"{}\"][\/et_pb_image][\/et_pb_column][et_pb_column type=\"1_3\" _builder_version=\"4.16\" _module_preset=\"default\" global_colors_info=\"{}\"][et_pb_text _builder_version=\"4.19.1\" _module_preset=\"default\" header_font=\"Montserrat||||||||\" header_2_font=\"Montserrat|900|||||||\" header_2_text_align=\"center\" header_2_text_color=\"#FFFFFF\" header_2_font_size=\"50px\" header_2_line_height=\"1.2em\" custom_margin=\"105px|-63px|105px|-134px|true|false\" custom_margin_tablet=\"0px||0px||true|false\" custom_margin_phone=\"0px||0px||true|false\" custom_margin_last_edited=\"on|tablet\" custom_padding=\"|0px||||\" header_2_font_size_tablet=\"45px\" header_2_font_size_phone=\"40px\" header_2_font_size_last_edited=\"on|tablet\" global_colors_info=\"{}\"]<\/p><h2 style=\"text-align: center;\">Consigue tu pla\u00e7a amb Practic<\/h2><p>[\/et_pb_text][\/et_pb_column][et_pb_column type=\"1_3\" _builder_version=\"4.16\" _module_preset=\"default\" global_colors_info=\"{}\"][et_pb_image src=\"https:\/\/www.practicbcn.com\/wp-content\/uploads\/2021\/08\/LINEAS_2-07.png\" alt=\"Solicita informaci\u00f3n Practic Barcelona\" title_text=\"Solicita informaci\u00f3n Practic Barcelona\" _builder_version=\"4.16\" _module_preset=\"default\" custom_margin=\"37px||||false|false\" custom_margin_tablet=\"-50px||||false|false\" custom_margin_phone=\"-45px||||false|false\" custom_margin_last_edited=\"on|tablet\" global_colors_info=\"{}\"][\/et_pb_image][\/et_pb_column][\/et_pb_row][\/et_pb_section][et_pb_section fb_built=\"1\" admin_label=\"Formulario\" _builder_version=\"4.16\" _module_preset=\"default\" min_height=\"335.1px\" custom_padding=\"0px||0px||true|false\" locked=\"off\" global_colors_info=\"{}\"][et_pb_row custom_padding_last_edited=\"on|phone\" _builder_version=\"4.16\" _module_preset=\"default\" width_tablet=\"90%\" width_phone=\"90%\" width_last_edited=\"on|phone\" custom_padding_tablet=\"\" custom_padding_phone=\"0px||0px||true|false\" global_colors_info=\"{}\"][et_pb_column type=\"4_4\" _builder_version=\"4.16\" _module_preset=\"default\" global_colors_info=\"{}\"][et_pb_text _builder_version=\"4.16\" _module_preset=\"default\" text_font=\"Montserrat|900|||||||\" text_text_color=\"#009aa5\" text_font_size=\"48px\" text_line_height=\"1.2em\" header_2_font=\"Montserrat|900|||||||\" header_2_text_color=\"#009aa5\" header_2_font_size=\"46px\" text_orientation=\"center\" text_font_size_tablet=\"\" text_font_size_phone=\"23px\" text_font_size_last_edited=\"on|phone\" global_colors_info=\"{}\"]<\/p><p>Sol\u00b7licita informaci\u00f3 gratu\u00efta i sense comprom\u00eds<\/p><p>[\/et_pb_text][\/et_pb_column][\/et_pb_row][et_pb_row _builder_version=\"4.16\" _module_preset=\"default\" width_tablet=\"\" width_phone=\"100%\" width_last_edited=\"on|phone\" border_color_all=\"#000000\" global_colors_info=\"{}\"][et_pb_column type=\"4_4\" _builder_version=\"4.16\" _module_preset=\"default\" global_colors_info=\"{}\"][et_pb_code _builder_version=\"4.16\" _module_preset=\"default\" text_orientation=\"center\" global_colors_info=\"{}\"]<iframe src=\"https:\/\/www.practicbcn.com\/formulario2\/form2_cat.php\" width=\"400\" height=\"650\" frameborder=\"0\" scrolling=\"no\" data-mce-fragment=\"1\"><\/iframe>[\/et_pb_code][et_pb_toggle title=\"RGPD Llei de Protecci\u00f3 de Dades\" open_toggle_text_color=\"#000000\" open_toggle_background_color=\"#ffffff\" closed_toggle_text_color=\"#000000\" closed_toggle_background_color=\"#ffffff\" icon_color=\"#5499A3\" open_icon_color=\"#5499A3\" disabled_on=\"off|off|off\" _builder_version=\"4.16\" title_text_color=\"#000000\" body_text_color=\"#000000\" custom_margin_tablet=\"\" custom_margin_phone=\"|20px||20px|false|true\" custom_margin_last_edited=\"on|phone\" custom_padding_tablet=\"\" custom_padding_phone=\"||||false|false\" custom_padding_last_edited=\"on|phone\" z_index_tablet=\"500\" title_text_shadow_horizontal_length_tablet=\"0px\" title_text_shadow_vertical_length_tablet=\"0px\" title_text_shadow_blur_strength_tablet=\"1px\" closed_title_text_shadow_horizontal_length_tablet=\"0px\" closed_title_text_shadow_vertical_length_tablet=\"0px\" closed_title_text_shadow_blur_strength_tablet=\"1px\" body_text_shadow_horizontal_length_tablet=\"0px\" body_text_shadow_vertical_length_tablet=\"0px\" body_text_shadow_blur_strength_tablet=\"1px\" body_link_text_shadow_horizontal_length_tablet=\"0px\" body_link_text_shadow_vertical_length_tablet=\"0px\" body_link_text_shadow_blur_strength_tablet=\"1px\" body_ul_text_shadow_horizontal_length_tablet=\"0px\" body_ul_text_shadow_vertical_length_tablet=\"0px\" body_ul_text_shadow_blur_strength_tablet=\"1px\" body_ol_text_shadow_horizontal_length_tablet=\"0px\" body_ol_text_shadow_vertical_length_tablet=\"0px\" body_ol_text_shadow_blur_strength_tablet=\"1px\" body_quote_text_shadow_horizontal_length_tablet=\"0px\" body_quote_text_shadow_vertical_length_tablet=\"0px\" body_quote_text_shadow_blur_strength_tablet=\"1px\" border_color_all=\"#000000\" box_shadow_horizontal_tablet=\"0px\" box_shadow_vertical_tablet=\"0px\" box_shadow_blur_tablet=\"40px\" box_shadow_spread_tablet=\"0px\" text_shadow_horizontal_length_tablet=\"0px\" text_shadow_vertical_length_tablet=\"0px\" text_shadow_blur_strength_tablet=\"1px\" global_colors_info=\"{}\"]<\/p><p>COMPLIMENT LLEI DE PROTECCI\u00d3 DE DADES 2018 RPGD<br \/>Responsable: CENTRE FORMATIU PRACTIC UNIC BCN 774 , S.L.U CIF: B87963914<br \/>Finalitat: Proporcionar informaci\u00f3 sobre els nostres serveis.<br \/>Legitimaci\u00f3: Consentiment de l'interessat.<br \/>Destinataris: No se cediran dades a tercers, excepte obligaci\u00f3 legal.<br \/>Drets: Accedir, rectificar, suprimir les dades i altres drets, com s'explica en la informaci\u00f3 addicional.<br \/>Informaci\u00f3 addicional: <a href=\"https:\/\/www.practicbcn.com\/aviso-legal-rgpd\/\">Pol\u00edtica de privacitat i RGPD<\/a>.<\/p><p>[\/et_pb_toggle][\/et_pb_column][\/et_pb_row][\/et_pb_section]<\/p>","_et_gb_content_width":"","footnotes":""},"categories":[253,229],"tags":[],"class_list":["post-27327","post","type-post","status-publish","format-standard","has-post-thumbnail","hentry","category-253","category-estatales"],"yoast_head":"<!-- This site is optimized with the Yoast SEO Premium plugin v22.8 (Yoast SEO v27.2) - https:\/\/yoast.com\/product\/yoast-seo-premium-wordpress\/ -->\n<title>Oposicions GACE 2026 - academia oposiciones Barcelona<\/title>\n<meta name=\"description\" content=\"Les oposicions de Gesti\u00f3 de l\u2019Administraci\u00f3 Civil de l\u2019Estat (GACE) s\u00f3n una de les convocat\u00f2ries m\u00e9s rellevants dins l\u2019\u00e0mbit de l\u2019Administraci\u00f3 General de l\u2019Estat.\" \/>\n<meta name=\"robots\" content=\"index, follow, max-snippet:-1, max-image-preview:large, max-video-preview:-1\" \/>\n<link rel=\"canonical\" href=\"https:\/\/www.practicbcn.com\/ca\/oposicions-gace-2026\/\" \/>\n<meta property=\"og:locale\" content=\"ca_ES\" \/>\n<meta property=\"og:type\" content=\"article\" \/>\n<meta property=\"og:title\" content=\"Oposicions GACE 2026\" \/>\n<meta property=\"og:description\" content=\"Les oposicions de Gesti\u00f3 de l\u2019Administraci\u00f3 Civil de l\u2019Estat (GACE) s\u00f3n una de les convocat\u00f2ries m\u00e9s rellevants dins l\u2019\u00e0mbit de l\u2019Administraci\u00f3 General de l\u2019Estat.\" \/>\n<meta property=\"og:url\" content=\"https:\/\/www.practicbcn.com\/ca\/oposicions-gace-2026\/\" \/>\n<meta property=\"og:site_name\" content=\"academia oposiciones Barcelona\" \/>\n<meta property=\"article:published_time\" content=\"2026-01-12T15:24:41+00:00\" \/>\n<meta property=\"article:modified_time\" content=\"2026-01-12T15:24:47+00:00\" \/>\n<meta property=\"og:image\" content=\"https:\/\/www.practicbcn.com\/wp-content\/uploads\/2025\/10\/laptop-2557586_1280.jpg\" \/>\n\t<meta property=\"og:image:width\" content=\"1280\" \/>\n\t<meta property=\"og:image:height\" content=\"853\" \/>\n\t<meta property=\"og:image:type\" content=\"image\/jpeg\" \/>\n<meta name=\"author\" content=\"cantu\" \/>\n<meta name=\"twitter:card\" content=\"summary_large_image\" \/>\n<meta name=\"twitter:label1\" content=\"Escrit per\" \/>\n\t<meta name=\"twitter:data1\" content=\"cantu\" \/>\n\t<meta name=\"twitter:label2\" content=\"Temps estimat de lectura\" \/>\n\t<meta name=\"twitter:data2\" content=\"6 minuts\" \/>\n<script type=\"application\/ld+json\" class=\"yoast-schema-graph\">{\"@context\":\"https:\/\/schema.org\",\"@graph\":[{\"@type\":\"Article\",\"@id\":\"https:\/\/www.practicbcn.com\/ca\/oposicions-gace-2026\/#article\",\"isPartOf\":{\"@id\":\"https:\/\/www.practicbcn.com\/ca\/oposicions-gace-2026\/\"},\"author\":{\"name\":\"cantu\",\"@id\":\"https:\/\/www.practicbcn.com\/ca\/#\/schema\/person\/b1bf6fae906bb2caf24a3ed0699b35a1\"},\"headline\":\"Oposicions GACE 2026\",\"datePublished\":\"2026-01-12T15:24:41+00:00\",\"dateModified\":\"2026-01-12T15:24:47+00:00\",\"mainEntityOfPage\":{\"@id\":\"https:\/\/www.practicbcn.com\/ca\/oposicions-gace-2026\/\"},\"wordCount\":1138,\"publisher\":{\"@id\":\"https:\/\/www.practicbcn.com\/ca\/#organization\"},\"image\":{\"@id\":\"https:\/\/www.practicbcn.com\/ca\/oposicions-gace-2026\/#primaryimage\"},\"thumbnailUrl\":\"https:\/\/www.practicbcn.com\/wp-content\/uploads\/2025\/10\/laptop-2557586_1280.jpg\",\"articleSection\":[\"2026\",\"Estatales\"],\"inLanguage\":\"ca\"},{\"@type\":\"WebPage\",\"@id\":\"https:\/\/www.practicbcn.com\/ca\/oposicions-gace-2026\/\",\"url\":\"https:\/\/www.practicbcn.com\/ca\/oposicions-gace-2026\/\",\"name\":\"Oposicions GACE 2026 - academia oposiciones Barcelona\",\"isPartOf\":{\"@id\":\"https:\/\/www.practicbcn.com\/ca\/#website\"},\"primaryImageOfPage\":{\"@id\":\"https:\/\/www.practicbcn.com\/ca\/oposicions-gace-2026\/#primaryimage\"},\"image\":{\"@id\":\"https:\/\/www.practicbcn.com\/ca\/oposicions-gace-2026\/#primaryimage\"},\"thumbnailUrl\":\"https:\/\/www.practicbcn.com\/wp-content\/uploads\/2025\/10\/laptop-2557586_1280.jpg\",\"datePublished\":\"2026-01-12T15:24:41+00:00\",\"dateModified\":\"2026-01-12T15:24:47+00:00\",\"description\":\"Les oposicions de Gesti\u00f3 de l\u2019Administraci\u00f3 Civil de l\u2019Estat (GACE) s\u00f3n una de les convocat\u00f2ries m\u00e9s rellevants dins l\u2019\u00e0mbit de l\u2019Administraci\u00f3 General de l\u2019Estat.\",\"breadcrumb\":{\"@id\":\"https:\/\/www.practicbcn.com\/ca\/oposicions-gace-2026\/#breadcrumb\"},\"inLanguage\":\"ca\",\"potentialAction\":[{\"@type\":\"ReadAction\",\"target\":[\"https:\/\/www.practicbcn.com\/ca\/oposicions-gace-2026\/\"]}]},{\"@type\":\"ImageObject\",\"inLanguage\":\"ca\",\"@id\":\"https:\/\/www.practicbcn.com\/ca\/oposicions-gace-2026\/#primaryimage\",\"url\":\"https:\/\/www.practicbcn.com\/wp-content\/uploads\/2025\/10\/laptop-2557586_1280.jpg\",\"contentUrl\":\"https:\/\/www.practicbcn.com\/wp-content\/uploads\/2025\/10\/laptop-2557586_1280.jpg\",\"width\":1280,\"height\":853,\"caption\":\"TQuan ser\u00e0 l\u2019examen d\u2019Auxiliar Administratiu de la Generalitat el 2026?\"},{\"@type\":\"BreadcrumbList\",\"@id\":\"https:\/\/www.practicbcn.com\/ca\/oposicions-gace-2026\/#breadcrumb\",\"itemListElement\":[{\"@type\":\"ListItem\",\"position\":1,\"name\":\"Portada\",\"item\":\"https:\/\/www.practicbcn.com\/ca\/\"},{\"@type\":\"ListItem\",\"position\":2,\"name\":\"Oposicions GACE 2026\"}]},{\"@type\":\"WebSite\",\"@id\":\"https:\/\/www.practicbcn.com\/ca\/#website\",\"url\":\"https:\/\/www.practicbcn.com\/ca\/\",\"name\":\"academia oposiciones Barcelona\",\"description\":\"academia oposiciones Barcelona PracticBCN Preparaci\u00f3n de opositores\",\"publisher\":{\"@id\":\"https:\/\/www.practicbcn.com\/ca\/#organization\"},\"potentialAction\":[{\"@type\":\"SearchAction\",\"target\":{\"@type\":\"EntryPoint\",\"urlTemplate\":\"https:\/\/www.practicbcn.com\/ca\/?s={search_term_string}\"},\"query-input\":{\"@type\":\"PropertyValueSpecification\",\"valueRequired\":true,\"valueName\":\"search_term_string\"}}],\"inLanguage\":\"ca\"},{\"@type\":\"Organization\",\"@id\":\"https:\/\/www.practicbcn.com\/ca\/#organization\",\"name\":\"Practic BCN\",\"url\":\"https:\/\/www.practicbcn.com\/ca\/\",\"logo\":{\"@type\":\"ImageObject\",\"inLanguage\":\"ca\",\"@id\":\"https:\/\/www.practicbcn.com\/ca\/#\/schema\/logo\/image\/\",\"url\":\"https:\/\/www.practicbcn.com\/wp-content\/uploads\/2018\/01\/LOGO-PRACTIC.jpg\",\"contentUrl\":\"https:\/\/www.practicbcn.com\/wp-content\/uploads\/2018\/01\/LOGO-PRACTIC.jpg\",\"width\":679,\"height\":676,\"caption\":\"Practic BCN\"},\"image\":{\"@id\":\"https:\/\/www.practicbcn.com\/ca\/#\/schema\/logo\/image\/\"}},{\"@type\":\"Person\",\"@id\":\"https:\/\/www.practicbcn.com\/ca\/#\/schema\/person\/b1bf6fae906bb2caf24a3ed0699b35a1\",\"name\":\"cantu\",\"image\":{\"@type\":\"ImageObject\",\"inLanguage\":\"ca\",\"@id\":\"https:\/\/secure.gravatar.com\/avatar\/9bf69246e68f8fa9721cc29ec236bd9daee6f76dfca26b3ddd7625676a5c2f9c?s=96&d=mm&r=g\",\"url\":\"https:\/\/secure.gravatar.com\/avatar\/9bf69246e68f8fa9721cc29ec236bd9daee6f76dfca26b3ddd7625676a5c2f9c?s=96&d=mm&r=g\",\"contentUrl\":\"https:\/\/secure.gravatar.com\/avatar\/9bf69246e68f8fa9721cc29ec236bd9daee6f76dfca26b3ddd7625676a5c2f9c?s=96&d=mm&r=g\",\"caption\":\"cantu\"}}]}<\/script>\n<!-- \/ Yoast SEO Premium plugin. -->","yoast_head_json":{"title":"Oposicions GACE 2026 - academia oposiciones Barcelona","description":"Les oposicions de Gesti\u00f3 de l\u2019Administraci\u00f3 Civil de l\u2019Estat (GACE) s\u00f3n una de les convocat\u00f2ries m\u00e9s rellevants dins l\u2019\u00e0mbit de l\u2019Administraci\u00f3 General de l\u2019Estat.","robots":{"index":"index","follow":"follow","max-snippet":"max-snippet:-1","max-image-preview":"max-image-preview:large","max-video-preview":"max-video-preview:-1"},"canonical":"https:\/\/www.practicbcn.com\/ca\/oposicions-gace-2026\/","og_locale":"ca_ES","og_type":"article","og_title":"Oposicions GACE 2026","og_description":"Les oposicions de Gesti\u00f3 de l\u2019Administraci\u00f3 Civil de l\u2019Estat (GACE) s\u00f3n una de les convocat\u00f2ries m\u00e9s rellevants dins l\u2019\u00e0mbit de l\u2019Administraci\u00f3 General de l\u2019Estat.","og_url":"https:\/\/www.practicbcn.com\/ca\/oposicions-gace-2026\/","og_site_name":"academia oposiciones Barcelona","article_published_time":"2026-01-12T15:24:41+00:00","article_modified_time":"2026-01-12T15:24:47+00:00","og_image":[{"width":1280,"height":853,"url":"https:\/\/www.practicbcn.com\/wp-content\/uploads\/2025\/10\/laptop-2557586_1280.jpg","type":"image\/jpeg"}],"author":"cantu","twitter_card":"summary_large_image","twitter_misc":{"Escrit per":"cantu","Temps estimat de lectura":"6 minuts"},"schema":{"@context":"https:\/\/schema.org","@graph":[{"@type":"Article","@id":"https:\/\/www.practicbcn.com\/ca\/oposicions-gace-2026\/#article","isPartOf":{"@id":"https:\/\/www.practicbcn.com\/ca\/oposicions-gace-2026\/"},"author":{"name":"cantu","@id":"https:\/\/www.practicbcn.com\/ca\/#\/schema\/person\/b1bf6fae906bb2caf24a3ed0699b35a1"},"headline":"Oposicions GACE 2026","datePublished":"2026-01-12T15:24:41+00:00","dateModified":"2026-01-12T15:24:47+00:00","mainEntityOfPage":{"@id":"https:\/\/www.practicbcn.com\/ca\/oposicions-gace-2026\/"},"wordCount":1138,"publisher":{"@id":"https:\/\/www.practicbcn.com\/ca\/#organization"},"image":{"@id":"https:\/\/www.practicbcn.com\/ca\/oposicions-gace-2026\/#primaryimage"},"thumbnailUrl":"https:\/\/www.practicbcn.com\/wp-content\/uploads\/2025\/10\/laptop-2557586_1280.jpg","articleSection":["2026","Estatales"],"inLanguage":"ca"},{"@type":"WebPage","@id":"https:\/\/www.practicbcn.com\/ca\/oposicions-gace-2026\/","url":"https:\/\/www.practicbcn.com\/ca\/oposicions-gace-2026\/","name":"Oposicions GACE 2026 - academia oposiciones Barcelona","isPartOf":{"@id":"https:\/\/www.practicbcn.com\/ca\/#website"},"primaryImageOfPage":{"@id":"https:\/\/www.practicbcn.com\/ca\/oposicions-gace-2026\/#primaryimage"},"image":{"@id":"https:\/\/www.practicbcn.com\/ca\/oposicions-gace-2026\/#primaryimage"},"thumbnailUrl":"https:\/\/www.practicbcn.com\/wp-content\/uploads\/2025\/10\/laptop-2557586_1280.jpg","datePublished":"2026-01-12T15:24:41+00:00","dateModified":"2026-01-12T15:24:47+00:00","description":"Les oposicions de Gesti\u00f3 de l\u2019Administraci\u00f3 Civil de l\u2019Estat (GACE) s\u00f3n una de les convocat\u00f2ries m\u00e9s rellevants dins l\u2019\u00e0mbit de l\u2019Administraci\u00f3 General de l\u2019Estat.","breadcrumb":{"@id":"https:\/\/www.practicbcn.com\/ca\/oposicions-gace-2026\/#breadcrumb"},"inLanguage":"ca","potentialAction":[{"@type":"ReadAction","target":["https:\/\/www.practicbcn.com\/ca\/oposicions-gace-2026\/"]}]},{"@type":"ImageObject","inLanguage":"ca","@id":"https:\/\/www.practicbcn.com\/ca\/oposicions-gace-2026\/#primaryimage","url":"https:\/\/www.practicbcn.com\/wp-content\/uploads\/2025\/10\/laptop-2557586_1280.jpg","contentUrl":"https:\/\/www.practicbcn.com\/wp-content\/uploads\/2025\/10\/laptop-2557586_1280.jpg","width":1280,"height":853,"caption":"TQuan ser\u00e0 l\u2019examen d\u2019Auxiliar Administratiu de la Generalitat el 2026?"},{"@type":"BreadcrumbList","@id":"https:\/\/www.practicbcn.com\/ca\/oposicions-gace-2026\/#breadcrumb","itemListElement":[{"@type":"ListItem","position":1,"name":"Portada","item":"https:\/\/www.practicbcn.com\/ca\/"},{"@type":"ListItem","position":2,"name":"Oposicions GACE 2026"}]},{"@type":"WebSite","@id":"https:\/\/www.practicbcn.com\/ca\/#website","url":"https:\/\/www.practicbcn.com\/ca\/","name":"academia oposiciones Barcelona","description":"academia oposiciones Barcelona PracticBCN Preparaci\u00f3n de opositores","publisher":{"@id":"https:\/\/www.practicbcn.com\/ca\/#organization"},"potentialAction":[{"@type":"SearchAction","target":{"@type":"EntryPoint","urlTemplate":"https:\/\/www.practicbcn.com\/ca\/?s={search_term_string}"},"query-input":{"@type":"PropertyValueSpecification","valueRequired":true,"valueName":"search_term_string"}}],"inLanguage":"ca"},{"@type":"Organization","@id":"https:\/\/www.practicbcn.com\/ca\/#organization","name":"Practic BCN","url":"https:\/\/www.practicbcn.com\/ca\/","logo":{"@type":"ImageObject","inLanguage":"ca","@id":"https:\/\/www.practicbcn.com\/ca\/#\/schema\/logo\/image\/","url":"https:\/\/www.practicbcn.com\/wp-content\/uploads\/2018\/01\/LOGO-PRACTIC.jpg","contentUrl":"https:\/\/www.practicbcn.com\/wp-content\/uploads\/2018\/01\/LOGO-PRACTIC.jpg","width":679,"height":676,"caption":"Practic BCN"},"image":{"@id":"https:\/\/www.practicbcn.com\/ca\/#\/schema\/logo\/image\/"}},{"@type":"Person","@id":"https:\/\/www.practicbcn.com\/ca\/#\/schema\/person\/b1bf6fae906bb2caf24a3ed0699b35a1","name":"cantu","image":{"@type":"ImageObject","inLanguage":"ca","@id":"https:\/\/secure.gravatar.com\/avatar\/9bf69246e68f8fa9721cc29ec236bd9daee6f76dfca26b3ddd7625676a5c2f9c?s=96&d=mm&r=g","url":"https:\/\/secure.gravatar.com\/avatar\/9bf69246e68f8fa9721cc29ec236bd9daee6f76dfca26b3ddd7625676a5c2f9c?s=96&d=mm&r=g","contentUrl":"https:\/\/secure.gravatar.com\/avatar\/9bf69246e68f8fa9721cc29ec236bd9daee6f76dfca26b3ddd7625676a5c2f9c?s=96&d=mm&r=g","caption":"cantu"}}]}},"_links":{"self":[{"href":"https:\/\/www.practicbcn.com\/ca\/wp-json\/wp\/v2\/posts\/27327","targetHints":{"allow":["GET"]}}],"collection":[{"href":"https:\/\/www.practicbcn.com\/ca\/wp-json\/wp\/v2\/posts"}],"about":[{"href":"https:\/\/www.practicbcn.com\/ca\/wp-json\/wp\/v2\/types\/post"}],"author":[{"embeddable":true,"href":"https:\/\/www.practicbcn.com\/ca\/wp-json\/wp\/v2\/users\/3"}],"replies":[{"embeddable":true,"href":"https:\/\/www.practicbcn.com\/ca\/wp-json\/wp\/v2\/comments?post=27327"}],"version-history":[{"count":0,"href":"https:\/\/www.practicbcn.com\/ca\/wp-json\/wp\/v2\/posts\/27327\/revisions"}],"wp:featuredmedia":[{"embeddable":true,"href":"https:\/\/www.practicbcn.com\/ca\/wp-json\/wp\/v2\/media\/26949"}],"wp:attachment":[{"href":"https:\/\/www.practicbcn.com\/ca\/wp-json\/wp\/v2\/media?parent=27327"}],"wp:term":[{"taxonomy":"category","embeddable":true,"href":"https:\/\/www.practicbcn.com\/ca\/wp-json\/wp\/v2\/categories?post=27327"},{"taxonomy":"post_tag","embeddable":true,"href":"https:\/\/www.practicbcn.com\/ca\/wp-json\/wp\/v2\/tags?post=27327"}],"curies":[{"name":"wp","href":"https:\/\/api.w.org\/{rel}","templated":true}]}}