{"id":27322,"date":"2026-01-12T15:14:53","date_gmt":"2026-01-12T15:14:53","guid":{"rendered":"https:\/\/www.practicbcn.com\/?p=27322"},"modified":"2026-01-12T15:14:59","modified_gmt":"2026-01-12T15:14:59","slug":"oposiciones-auxilio-judicial-2026","status":"publish","type":"post","link":"https:\/\/www.practicbcn.com\/ca\/oposiciones-auxilio-judicial-2026\/","title":{"rendered":"Oposiciones Auxilio Judicial 2026"},"content":{"rendered":"<p>[et_pb_section fb_built=&#8221;1&#8243; _builder_version=&#8221;4.16&#8243; _module_preset=&#8221;default&#8221; global_colors_info=&#8221;{}&#8221;][et_pb_row column_structure=&#8221;3_5,2_5&#8243; _builder_version=&#8221;4.16&#8243; _module_preset=&#8221;default&#8221; global_colors_info=&#8221;{}&#8221;][et_pb_column type=&#8221;3_5&#8243; _builder_version=&#8221;4.16&#8243; _module_preset=&#8221;default&#8221; global_colors_info=&#8221;{}&#8221;][et_pb_text _builder_version=&#8221;4.27.4&#8243; _module_preset=&#8221;default&#8221; hover_enabled=&#8221;0&#8243; global_colors_info=&#8221;{}&#8221; sticky_enabled=&#8221;0&#8243;]<\/p>\n<p data-start=\"186\" data-end=\"532\">Las<a href=\"https:\/\/www.practicbcn.com\/academia-oposiciones-auxilio-judicial-en-barcelona\/\"> <strong data-start=\"190\" data-end=\"230\">oposiciones de Auxilio Judicial 2026<\/strong><\/a> son una de las convocatorias m\u00e1s importantes dentro del sistema de acceso a la Administraci\u00f3n de Justicia en Espa\u00f1a. Su objetivo es seleccionar personal para el <strong data-start=\"392\" data-end=\"422\">Cuerpo de Auxilio Judicial<\/strong>, encargado de realizar funciones esenciales de apoyo administrativo y operativo en los juzgados y tribunales.<\/p>\n<p data-start=\"534\" data-end=\"758\">Este art\u00edculo te ofrece toda la informaci\u00f3n que necesitas para conocer c\u00f3mo es la convocatoria, qu\u00e9 requisitos se exigen, c\u00f3mo es el examen, qu\u00e9 funciones desempe\u00f1a este cuerpo y consejos pr\u00e1cticos para prepararte con \u00e9xito.<\/p>\n<h2 data-start=\"1419\" data-end=\"1454\">\u00a0<\/h2>\n<h2 data-start=\"1419\" data-end=\"1454\">Plazas convocadas y evoluci\u00f3n<\/h2>\n<p data-start=\"1456\" data-end=\"1764\">La convocatoria de <strong data-start=\"1475\" data-end=\"1500\">Auxilio Judicial 2026<\/strong> pertenece a la <strong data-start=\"1516\" data-end=\"1549\">Oferta de Empleo P\u00fablico 2025<\/strong>, publicada en el BOE. En esta ocasi\u00f3n, se han convocado <strong data-start=\"1606\" data-end=\"1620\">425 plazas<\/strong> por el sistema de <strong data-start=\"1639\" data-end=\"1655\">acceso libre<\/strong>, lo que representa una gran oportunidad para quienes desean una plaza fija en la Administraci\u00f3n de Justicia.<\/p>\n<h3 data-start=\"1766\" data-end=\"1810\">Evoluci\u00f3n de convocatorias anteriores<\/h3>\n<p data-start=\"1812\" data-end=\"1920\">Conocer c\u00f3mo han evolucionado las plazas convocadas ayuda a ver la tendencia en la oferta de empleo p\u00fablico:<\/p>\n<div class=\"TyagGW_tableContainer\">\n<div class=\"group TyagGW_tableWrapper flex w-fit flex-col-reverse\" tabindex=\"-1\">\n<table class=\"w-fit min-w-(--thread-content-width)\" data-start=\"1922\" data-end=\"2201\">\n<thead data-start=\"1922\" data-end=\"1953\">\n<tr data-start=\"1922\" data-end=\"1953\">\n<th data-start=\"1922\" data-end=\"1928\" data-col-size=\"sm\">A\u00f1o<\/th>\n<th data-start=\"1928\" data-end=\"1943\" data-col-size=\"sm\">Convocatoria<\/th>\n<th data-start=\"1943\" data-end=\"1953\" data-col-size=\"sm\">Plazas<\/th>\n<\/tr>\n<\/thead>\n<tbody data-start=\"1986\" data-end=\"2201\">\n<tr data-start=\"1986\" data-end=\"2021\">\n<td data-start=\"1986\" data-end=\"1993\" data-col-size=\"sm\">2019<\/td>\n<td data-start=\"1993\" data-end=\"2012\" data-col-size=\"sm\">Auxilio Judicial<\/td>\n<td data-start=\"2012\" data-end=\"2021\" data-col-size=\"sm\">1.127<\/td>\n<\/tr>\n<tr data-start=\"2022\" data-end=\"2057\">\n<td data-start=\"2022\" data-end=\"2029\" data-col-size=\"sm\">2020<\/td>\n<td data-start=\"2029\" data-end=\"2048\" data-col-size=\"sm\">Auxilio Judicial<\/td>\n<td data-start=\"2048\" data-end=\"2057\" data-col-size=\"sm\">1.221<\/td>\n<\/tr>\n<tr data-start=\"2058\" data-end=\"2093\">\n<td data-start=\"2058\" data-end=\"2065\" data-col-size=\"sm\">2021<\/td>\n<td data-start=\"2065\" data-end=\"2084\" data-col-size=\"sm\">Auxilio Judicial<\/td>\n<td data-start=\"2084\" data-end=\"2093\" data-col-size=\"sm\">1.858<\/td>\n<\/tr>\n<tr data-start=\"2094\" data-end=\"2129\">\n<td data-start=\"2094\" data-end=\"2101\" data-col-size=\"sm\">2022<\/td>\n<td data-start=\"2101\" data-end=\"2120\" data-col-size=\"sm\">Auxilio Judicial<\/td>\n<td data-start=\"2120\" data-end=\"2129\" data-col-size=\"sm\">2.690<\/td>\n<\/tr>\n<tr data-start=\"2130\" data-end=\"2163\">\n<td data-start=\"2130\" data-end=\"2137\" data-col-size=\"sm\">2023<\/td>\n<td data-start=\"2137\" data-end=\"2156\" data-col-size=\"sm\">Auxilio Judicial<\/td>\n<td data-start=\"2156\" data-end=\"2163\" data-col-size=\"sm\">525<\/td>\n<\/tr>\n<tr data-start=\"2164\" data-end=\"2201\">\n<td data-start=\"2164\" data-end=\"2171\" data-col-size=\"sm\">2025<\/td>\n<td data-start=\"2171\" data-end=\"2190\" data-col-size=\"sm\">Auxilio Judicial<\/td>\n<td data-start=\"2190\" data-end=\"2201\" data-col-size=\"sm\"><strong data-start=\"2192\" data-end=\"2199\">425<\/strong><\/td>\n<\/tr>\n<\/tbody>\n<\/table>\n<\/div>\n<\/div>\n<p data-start=\"2203\" data-end=\"2318\"><em data-start=\"2203\" data-end=\"2318\">Nota: los datos pueden variar seg\u00fan modificaciones oficiales publicadas en el BOE o resoluciones complementarias.<\/em><\/p>\n<h2 data-start=\"2325\" data-end=\"2378\">\u00a0<\/h2>\n<h2 data-start=\"2325\" data-end=\"2378\">\u00bfQu\u00e9 funciones realiza un Auxiliar Judicial?<\/h2>\n<p data-start=\"2380\" data-end=\"2492\">El Auxiliar Judicial desempe\u00f1a funciones clave en los \u00f3rganos judiciales. Algunas de sus principales tareas son:<\/p>\n<ul data-start=\"2494\" data-end=\"2897\">\n<li data-start=\"2494\" data-end=\"2559\">\n<p data-start=\"2496\" data-end=\"2559\">Realizar <strong data-start=\"2505\" data-end=\"2540\">actuaciones de auxilio judicial<\/strong> en los procesos.<\/p>\n<\/li>\n<li data-start=\"2560\" data-end=\"2623\">\n<p data-start=\"2562\" data-end=\"2623\">Gesti\u00f3n de <strong data-start=\"2573\" data-end=\"2609\">entradas y salidas de documentos<\/strong> judiciales.<\/p>\n<\/li>\n<li data-start=\"2624\" data-end=\"2685\">\n<p data-start=\"2626\" data-end=\"2685\"><strong data-start=\"2626\" data-end=\"2650\">Registro de escritos<\/strong>, documentaci\u00f3n y notificaciones.<\/p>\n<\/li>\n<li data-start=\"2686\" data-end=\"2804\">\n<p data-start=\"2688\" data-end=\"2804\">Participar en la <strong data-start=\"2705\" data-end=\"2801\">organizaci\u00f3n de salas de vistas y comunicaci\u00f3n con letrados, fiscales, procuradores y partes<\/strong>.<\/p>\n<\/li>\n<li data-start=\"2805\" data-end=\"2897\">\n<p data-start=\"2807\" data-end=\"2897\">Colaborar con los funcionarios en tareas de archivo, digitalizaci\u00f3n y atenci\u00f3n al p\u00fablico.<\/p>\n<\/li>\n<\/ul>\n<h2 data-start=\"2904\" data-end=\"2961\">\u00a0<\/h2>\n<h2 data-start=\"2904\" data-end=\"2961\">Requisitos para presentarse a Auxilio Judicial 2026<\/h2>\n<p data-start=\"2963\" data-end=\"3085\">Para poder inscribirse en las oposiciones de Auxilio Judicial 2026 es preciso cumplir los siguientes requisitos generales:<\/p>\n<ol data-start=\"3087\" data-end=\"3785\">\n<li data-start=\"3087\" data-end=\"3269\">\n<p data-start=\"3090\" data-end=\"3269\"><strong data-start=\"3090\" data-end=\"3107\">Nacionalidad:<\/strong> Espa\u00f1ola o pertenecer a un Estado miembro de la Uni\u00f3n Europea (o tener permiso de residencia y trabajo en Espa\u00f1a dentro de los supuestos recogidos legalmente).<\/p>\n<\/li>\n<li data-start=\"3270\" data-end=\"3319\">\n<p data-start=\"3273\" data-end=\"3319\"><strong data-start=\"3273\" data-end=\"3289\">Edad m\u00ednima:<\/strong> Haber cumplido <strong data-start=\"3305\" data-end=\"3316\">18 a\u00f1os<\/strong>.<\/p>\n<\/li>\n<li data-start=\"3320\" data-end=\"3383\">\n<p data-start=\"3323\" data-end=\"3383\"><strong data-start=\"3323\" data-end=\"3339\">Edad m\u00e1xima:<\/strong> No superar la edad de jubilaci\u00f3n forzosa.<\/p>\n<\/li>\n<li data-start=\"3384\" data-end=\"3501\">\n<p data-start=\"3387\" data-end=\"3501\"><strong data-start=\"3387\" data-end=\"3402\">Titulaci\u00f3n:<\/strong> Poseer el <strong data-start=\"3413\" data-end=\"3477\">t\u00edtulo de Graduado en Educaci\u00f3n Secundaria Obligatoria (ESO)<\/strong>, o equivalente legal.<\/p>\n<\/li>\n<li data-start=\"3502\" data-end=\"3623\">\n<p data-start=\"3505\" data-end=\"3623\"><strong data-start=\"3505\" data-end=\"3529\">Capacidad funcional:<\/strong> Contar con la <strong data-start=\"3544\" data-end=\"3575\">capacidad f\u00edsica y ps\u00edquica<\/strong> necesaria para el desempe\u00f1o de las funciones.<\/p>\n<\/li>\n<li data-start=\"3624\" data-end=\"3785\">\n<p data-start=\"3627\" data-end=\"3785\"><strong data-start=\"3627\" data-end=\"3655\">No estar inhabilitado\/a:<\/strong> No haber sido separado\/a del servicio en las administraciones p\u00fablicas ni estar inhabilitado\/a judicialmente para empleo p\u00fablico.<\/p>\n<\/li>\n<\/ol>\n<p data-start=\"3787\" data-end=\"3922\">Adem\u00e1s, factores como experiencia previa, cursos o formaci\u00f3n complementaria suelen valorarse en la fase de concurso cuando corresponda.<\/p>\n<h2 data-start=\"3929\" data-end=\"3968\">\u00a0<\/h2>\n<h2 data-start=\"3929\" data-end=\"3968\">Estructura del proceso selectivo<\/h2>\n<p data-start=\"3970\" data-end=\"4052\">El proceso de selecci\u00f3n de Auxilio Judicial 2026 consta de tres fases principales:<\/p>\n<h3 data-start=\"4054\" data-end=\"4106\"><strong data-start=\"4062\" data-end=\"4106\">Fase de examen (prueba de conocimientos)<\/strong><\/h3>\n<p data-start=\"4108\" data-end=\"4182\">La primera prueba es, normalmente, un <strong data-start=\"4146\" data-end=\"4166\">examen tipo test<\/strong>, compuesto por:<\/p>\n<ul data-start=\"4184\" data-end=\"4346\">\n<li data-start=\"4184\" data-end=\"4230\">\n<p data-start=\"4186\" data-end=\"4230\"><strong data-start=\"4186\" data-end=\"4228\">90 preguntas sobre el temario oficial.<\/strong><\/p>\n<\/li>\n<li data-start=\"4231\" data-end=\"4266\">\n<p data-start=\"4233\" data-end=\"4266\"><strong data-start=\"4233\" data-end=\"4264\">10 preguntas psicot\u00e9cnicas.<\/strong><\/p>\n<\/li>\n<li data-start=\"4267\" data-end=\"4346\">\n<p data-start=\"4269\" data-end=\"4346\">Duraci\u00f3n aproximada: entre <strong data-start=\"4296\" data-end=\"4316\">90 y 120 minutos<\/strong> (seg\u00fan convocatoria oficial).<\/p>\n<\/li>\n<\/ul>\n<p data-start=\"4348\" data-end=\"4486\">Las preguntas eval\u00faan temas de legislaci\u00f3n, organizaci\u00f3n judicial, procedimientos y normativa b\u00e1sica que forman parte del temario oficial.<\/p>\n<h3 data-start=\"4493\" data-end=\"4526\"><strong data-start=\"4501\" data-end=\"4526\">Valoraci\u00f3n de m\u00e9ritos<\/strong><\/h3>\n<p data-start=\"4528\" data-end=\"4565\">En esta fase se punt\u00faan m\u00e9ritos como:<\/p>\n<ul data-start=\"4567\" data-end=\"4766\">\n<li data-start=\"4567\" data-end=\"4601\">\n<p data-start=\"4569\" data-end=\"4601\">Formaci\u00f3n acad\u00e9mica adicional.<\/p>\n<\/li>\n<li data-start=\"4602\" data-end=\"4648\">\n<p data-start=\"4604\" data-end=\"4648\">Cursos especializados en materia jur\u00eddica.<\/p>\n<\/li>\n<li data-start=\"4649\" data-end=\"4718\">\n<p data-start=\"4651\" data-end=\"4718\">Experiencia profesional relacionada con el \u00e1mbito de la justicia.<\/p>\n<\/li>\n<li data-start=\"4719\" data-end=\"4766\">\n<p data-start=\"4721\" data-end=\"4766\">Otros m\u00e9ritos que establezca la convocatoria.<\/p>\n<\/li>\n<\/ul>\n<h3 data-start=\"4773\" data-end=\"4806\"><strong data-start=\"4781\" data-end=\"4806\">Reconocimiento m\u00e9dico<\/strong><\/h3>\n<p data-start=\"4808\" data-end=\"4997\">Tras superar las fases anteriores, los aspirantes deber\u00e1n superar un reconocimiento m\u00e9dico que certifique que tienen las condiciones f\u00edsicas y mentales necesarias para desempe\u00f1ar el puesto.<\/p>\n<h2 data-start=\"5004\" data-end=\"5047\">\u00a0<\/h2>\n<h2 data-start=\"5004\" data-end=\"5047\">Temario oficial Auxilio Judicial 2026<\/h2>\n<p data-start=\"5049\" data-end=\"5155\">El <strong data-start=\"5052\" data-end=\"5083\">temario de Auxilio Judicial<\/strong> est\u00e1 compuesto por una serie de temas que abarcan las siguientes \u00e1reas:<\/p>\n<h3 data-start=\"5157\" data-end=\"5198\">Organizaci\u00f3n judicial y del Estado<\/h3>\n<ul data-start=\"5199\" data-end=\"5332\">\n<li data-start=\"5199\" data-end=\"5236\">\n<p data-start=\"5201\" data-end=\"5236\">La Constituci\u00f3n Espa\u00f1ola de 1978.<\/p>\n<\/li>\n<li data-start=\"5237\" data-end=\"5265\">\n<p data-start=\"5239\" data-end=\"5265\">Organizaci\u00f3n del Estado.<\/p>\n<\/li>\n<li data-start=\"5266\" data-end=\"5295\">\n<p data-start=\"5268\" data-end=\"5295\">\u00d3rganos jurisdiccionales.<\/p>\n<\/li>\n<li data-start=\"5296\" data-end=\"5332\">\n<p data-start=\"5298\" data-end=\"5332\">El Poder Judicial y su estructura.<\/p>\n<\/li>\n<\/ul>\n<h3 data-start=\"5334\" data-end=\"5386\">Sistema judicial y administraci\u00f3n de justicia<\/h3>\n<ul data-start=\"5387\" data-end=\"5494\">\n<li data-start=\"5387\" data-end=\"5417\">\n<p data-start=\"5389\" data-end=\"5417\">El Ministerio de Justicia.<\/p>\n<\/li>\n<li data-start=\"5418\" data-end=\"5454\">\n<p data-start=\"5420\" data-end=\"5454\">Organizaci\u00f3n del Registro Civil.<\/p>\n<\/li>\n<li data-start=\"5455\" data-end=\"5494\">\n<p data-start=\"5457\" data-end=\"5494\">Estatuto Org\u00e1nico del Poder Judicial.<\/p>\n<\/li>\n<\/ul>\n<h3 data-start=\"5496\" data-end=\"5539\">Procesos judiciales y procedimientos<\/h3>\n<ul data-start=\"5540\" data-end=\"5640\">\n<li data-start=\"5540\" data-end=\"5558\">\n<p data-start=\"5542\" data-end=\"5558\">Proceso civil.<\/p>\n<\/li>\n<li data-start=\"5559\" data-end=\"5577\">\n<p data-start=\"5561\" data-end=\"5577\">Proceso penal.<\/p>\n<\/li>\n<li data-start=\"5578\" data-end=\"5617\">\n<p data-start=\"5580\" data-end=\"5617\">Proceso contencioso\u2011administrativo.<\/p>\n<\/li>\n<li data-start=\"5618\" data-end=\"5640\">\n<p data-start=\"5620\" data-end=\"5640\">Procesos especiales.<\/p>\n<\/li>\n<\/ul>\n<h3 data-start=\"5642\" data-end=\"5688\">Auxilio judicial y funciones operativas<\/h3>\n<ul data-start=\"5689\" data-end=\"5825\">\n<li data-start=\"5689\" data-end=\"5725\">\n<p data-start=\"5691\" data-end=\"5725\">Actuaciones de auxilio judicial.<\/p>\n<\/li>\n<li data-start=\"5726\" data-end=\"5759\">\n<p data-start=\"5728\" data-end=\"5759\">Notificaciones y diligencias.<\/p>\n<\/li>\n<li data-start=\"5760\" data-end=\"5783\">\n<p data-start=\"5762\" data-end=\"5783\">Actuaci\u00f3n en salas.<\/p>\n<\/li>\n<li data-start=\"5784\" data-end=\"5825\">\n<p data-start=\"5786\" data-end=\"5825\">Documentaci\u00f3n y gesti\u00f3n de expedientes.<\/p>\n<\/li>\n<\/ul>\n<h3 data-start=\"5827\" data-end=\"5875\">Derecho en materia de protecci\u00f3n de datos<\/h3>\n<ul data-start=\"5876\" data-end=\"5991\">\n<li data-start=\"5876\" data-end=\"5925\">\n<p data-start=\"5878\" data-end=\"5925\">Principios de protecci\u00f3n de datos personales.<\/p>\n<\/li>\n<li data-start=\"5926\" data-end=\"5991\">\n<p data-start=\"5928\" data-end=\"5991\">Aplicaci\u00f3n de normas de confidencialidad en el \u00e1mbito judicial.<\/p>\n<\/li>\n<\/ul>\n<h2 data-start=\"6655\" data-end=\"6681\">Inscripci\u00f3n y plazos<\/h2>\n<p data-start=\"6683\" data-end=\"6984\">El plazo para presentar las solicitudes, en la convocatoria de Auxilio Judicial 2026, se extendi\u00f3 desde <strong data-start=\"6787\" data-end=\"6830\">el 31 de diciembre hasta el 29 de enero<\/strong> seg\u00fan la publicaci\u00f3n oficial. Es crucial revisar las bases completas de la convocatoria en el <strong data-start=\"6925\" data-end=\"6932\">BOE<\/strong> para confirmar fechas, plazos y requisitos exactos.<\/p>\n<p data-start=\"7426\" data-end=\"7827\">Las <strong data-start=\"7430\" data-end=\"7470\">oposiciones de Auxilio Judicial 2026<\/strong> ofrecen una magn\u00edfica oportunidad para acceder a un empleo p\u00fablico estable en la <strong data-start=\"7552\" data-end=\"7582\">Administraci\u00f3n de Justicia<\/strong> con plazas distribuidas por todo el territorio espa\u00f1ol. Con una preparaci\u00f3n rigurosa, temario actualizado, pr\u00e1ctica de ex\u00e1menes y una estrategia de estudio bien planificada, podr\u00e1s incrementar tus posibilidades de conseguir una de estas plazas.<\/p>\n<p>[\/et_pb_text][\/et_pb_column][et_pb_column type=&#8221;2_5&#8243; _builder_version=&#8221;4.16&#8243; _module_preset=&#8221;default&#8221; global_colors_info=&#8221;{}&#8221;][et_pb_code admin_label=&#8221;formulario&#8221; _builder_version=&#8221;4.27.4&#8243; _module_preset=&#8221;default&#8221; global_module=&#8221;26217&#8243; saved_tabs=&#8221;all&#8221; global_colors_info=&#8221;{}&#8221;]<\/p>\n<h3><strong>Solicita informaci\u00f3n sin compromiso<\/strong><\/h3>\n<p><\/center><!\u2013- [et_pb_br_holder] -\u2013><!-- [et_pb_line_break_holder] --><iframe loading=\"lazy\" src=\"https:\/\/www.practicbcn.com\/formulario\/form.php\" width=\"400\" height=\"650\" frameborder=\"0\" scrolling=\"no\"><\/iframe>[\/et_pb_code][et_pb_text admin_label=&#8221;opiniones&#8221; _builder_version=&#8221;4.27.4&#8243; _module_preset=&#8221;default&#8221; global_module=&#8221;26218&#8243; saved_tabs=&#8221;all&#8221; global_colors_info=&#8221;{}&#8221;]<\/p>\n<h3 style=\"text-align: center;\"><strong>OPINIONES<\/strong><\/h3>\n<p><img loading=\"lazy\" decoding=\"async\" class=\"wp-image-26215 alignnone size-full\" src=\"https:\/\/www.practicbcn.com\/wp-content\/uploads\/2025\/05\/5.png.webp\" alt=\"\" width=\"96\" height=\"15\" \/><br \/>Daros las gracias por este a\u00f1o de formaci\u00f3n, por vuestra atenci\u00f3n y profesionalidad. He conseguido un sue\u00f1o. La semana que viene firmo mi contrato con Correos. Os recomiendo sin duda alguna este centro de formaci\u00f3n.<\/p>\n<p><strong>Alberto L\u00f3pez<\/strong><\/p>\n<p>&nbsp;<\/p>\n<p><img loading=\"lazy\" decoding=\"async\" class=\"wp-image-26215 alignnone size-full\" src=\"https:\/\/www.practicbcn.com\/wp-content\/uploads\/2025\/05\/5.png.webp\" alt=\"\" width=\"96\" height=\"15\" \/><br \/>Muy buena atenci\u00f3n y genial preparaci\u00f3n para las oposiciones.<br \/>El personal es muy atento y competente, ofreciendo un servicio de calidad.<br \/>Te proporcionan las herramientas necesarias para presentarte a la oposici\u00f3n y poder obtener un resultado satisfactorio<\/p>\n<p><strong>Marc Lloren\u00e7<\/strong><\/p>\n<p>&nbsp;<\/p>\n<p><img loading=\"lazy\" decoding=\"async\" class=\"wp-image-26215 alignnone size-full\" src=\"https:\/\/www.practicbcn.com\/wp-content\/uploads\/2025\/05\/5.png.webp\" alt=\"\" width=\"96\" height=\"15\" \/><br \/>Llevo unos meses como alumna y mi experiencia es excelente. Estoy muy agradecida porque los profesores hacen un seguimiento personalizado y resuelven todas las dudas. Adem\u00e1s, ponen a nuestra disposici\u00f3n todo el material necesario, de forma bien organizada, para que la formaci\u00f3n sea completa y disponible en cualquier horario.<\/p>\n<p><strong>Silvia<\/strong><\/p>\n<p>&nbsp;<\/p>\n<p>[\/et_pb_text][\/et_pb_column][\/et_pb_row][\/et_pb_section]<\/p>\n","protected":false},"excerpt":{"rendered":"<p>Tens dubtes sobre qu\u00e8 \u00e9s un subaltern? Quines funcions desenvolupa? Si necessita alguna habilitat o capacitat espec\u00edfica? Coneix aqu\u00ed tot i m\u00e9s sobre els subalterns i el proc\u00e9s de les seves oposicions.<\/p>\n","protected":false},"author":3,"featured_media":26957,"comment_status":"closed","ping_status":"closed","sticky":false,"template":"","format":"standard","meta":{"_et_pb_use_builder":"on","_et_pb_old_content":"<p>[et_pb_section fb_built=\"1\" _builder_version=\"4.16\" _module_preset=\"default\" global_colors_info=\"{}\"][et_pb_row _builder_version=\"4.16\" _module_preset=\"default\" global_colors_info=\"{}\" column_structure=\"3_5,2_5\"][et_pb_column type=\"3_5\" _builder_version=\"4.16\" _module_preset=\"default\" global_colors_info=\"{}\"][et_pb_text _builder_version=\"4.16\" _module_preset=\"default\" global_colors_info=\"{}\"]<\/p><p style=\"text-align: justify;\"><span style=\"font-size: 12pt;\"><span style=\"font-weight: 400;\">Quan pensem en les<\/span><strong><em>f uncions del subaltern<\/em><\/strong><span style=\"font-weight: 400;\">, ens ve al capdavant la vigil\u00e0ncia d'un edifici p\u00fablic i el seu manteniment. Per\u00f2 ser subaltern \u00e9s molt m\u00e9s que aix\u00f2<\/span><\/span><\/p><p style=\"text-align: justify;\"><span style=\"font-weight: 400; font-size: 12pt;\">La seva professi\u00f3 suposa un servei i atenci\u00f3 al p\u00fablic. Amb diverses tasques importants. Si vols con\u00e8ixer el lloc de subaltern: funcions, compet\u00e8ncies i oposicions a superar per fer-te amb una pla\u00e7a, continua llegint aquest post.<\/span><\/p><p>\u00a0<\/p><h2 style=\"text-align: justify;\"><span style=\"font-weight: 400;\">A qu\u00e8 es dedica un subaltern?<\/span><\/h2><p style=\"text-align: justify;\"><img class=\"alignright wp-image-13029 size-full\" style=\"text-align: justify;\" src=\"https:\/\/www.practicbcn.com\/wp-content\/uploads\/2021\/03\/POST-08_03_2021-12_03_2021.png\" alt=\"funcions-del-subaltern\" width=\"500\" height=\"310\" \/><\/p><p style=\"text-align: justify;\"><span style=\"font-size: 12pt;\"><span style=\"font-weight: 400;\">Abans de comen\u00e7ar a<\/span> <span style=\"font-weight: 400;\">estudiar les oposicions de subaltern<\/span><span style=\"font-weight: 400;\">, et recomanem que coneguis en qu\u00e8 consisteix el seu treball.<\/span><\/span><\/p><p style=\"text-align: justify;\"><span style=\"font-size: 12pt;\"><span style=\"font-weight: 400;\">En primer lloc, has de saber que com a subaltern ser\u00e0s un<\/span> <b>funcionari p\u00fablic.<\/b><span style=\"font-weight: 400;\">. T'encarregar\u00e0s de la gesti\u00f3, el control i la vigil\u00e0ncia d'ajuntaments, diputacions, centres c\u00edvics, museus\u2026<\/span><\/span><\/p><p style=\"text-align: justify;\"><span style=\"font-weight: 400; font-size: 12pt;\">Assumir\u00e0s tasques importants. La teva missi\u00f3 \u00e9s el correcte funcionament de la instituci\u00f3. Per\u00f2 a m\u00e9s ser\u00e0s la cara visible d'aquesta. Els visitants i usuaris dirigiran els seus dubtes cap a tu. Ja que ets al primer que veuran.<\/span><\/p><p style=\"text-align: justify;\"><span style=\"font-weight: 400; font-size: 12pt;\">Les <strong>funcions del subaltern<\/strong> poden variar. En funci\u00f3 del lloc al qual siguis destinat, tindr\u00e0s unes prioritats o altres. Fins i tot pot canviar depenent de la comunitat aut\u00f2noma.<\/span><\/p><p style=\"text-align: justify;\"><span style=\"font-weight: 400; font-size: 12pt;\">Per\u00f2 existeixen diverses funcions, que haur\u00e0s de realitzar independentment del teu dest\u00ed.<\/span><\/p><p>\u00a0<\/p><h2 style=\"text-align: justify;\"><span style=\"font-weight: 400;\">Quines s\u00f3n les principals funcions del subaltern?<\/span><\/h2><p>\u00a0<\/p><ul><li style=\"text-align: justify;\"><span style=\"font-size: 12pt;\"><b>Assegurar les instal\u00b7lacions, el mobiliari i el material.<\/b><span style=\"font-weight: 400;\"> Com a subaltern haur\u00e0s de garantir l'ordre i el bon \u00fas de les instal\u00b7lacions. En altres paraules, evitar les males pr\u00e0ctiques dels visitants per a la conservaci\u00f3 de la infraestructura.<\/span><\/span><\/li><li style=\"text-align: justify;\"><span style=\"font-size: 12pt;\"><b>Vigilar l'edifici.<\/b><span style=\"font-weight: 400;\"> Et pots encarregar de l'entrada al recinte. A m\u00e9s de controlar a les persones que accedeixen a les instal\u00b7lacions, informar-les quan tinguin dubtes i cridar la seva atenci\u00f3 quan no es comportin.<\/span><\/span><\/li><li style=\"text-align: justify;\"><span style=\"font-size: 12pt;\"><b>Rebre i distribuir documents, objectius i correspond\u00e8ncia.<\/b><span style=\"font-weight: 400;\"> Haur\u00e0s d'estar atent a la recepci\u00f3 de cartes, documents\u2026 A m\u00e9s de lliurar-los als seus destinataris o departaments corresponents dins de la instituci\u00f3.<\/span><\/span><\/li><li style=\"text-align: justify;\"><span style=\"font-size: 12pt;\"><b>Custodiar les claus de despatxos i oficines.<\/b><span style=\"font-weight: 400;\"> Tindr\u00e0s acc\u00e9s a totes les sales de l'edifici, per la qual cosa deur\u00e0s saber quina sala obre cada clau. Aix\u00ed com tenir-les sempre a m\u00e0, per si cal disposar d'elles.<\/span><\/span><\/li><li style=\"text-align: justify;\"><span style=\"font-size: 12pt;\"><b>Resoldre els dubtes dels usuaris.<\/b><span style=\"font-weight: 400;\"> L'atenci\u00f3 al p\u00fablic \u00e9s una labor important, haur\u00e0s de tractar de resoldre tots els dubtes que els usuaris tinguin de les depend\u00e8ncies p\u00fabliques, o saber orientar-los a les persones que resoldran els seus dubtes.<\/span><\/span><\/li><li style=\"text-align: justify;\"><span style=\"font-size: 12pt;\"><b>Con\u00e8ixer l'inventari i controlar les seves exist\u00e8ncies<\/b><span style=\"font-weight: 400;\">. Haur\u00e0s de portar un control dels materials i provisions fonamentals.<\/span><\/span><\/li><li style=\"text-align: justify;\"><span style=\"font-size: 12pt;\"><b>Utilitzar fotocopiadores.<\/b><span style=\"font-weight: 400;\"> La funci\u00f3 de reprografia \u00e9s teva. T'encarregar\u00e0s de fotocopiar i enquadernar quan calgui.<\/span><\/span><\/li><li style=\"text-align: justify;\"><span style=\"font-size: 12pt;\"><b>Trasllat de material o mobiliari.<\/b><span style=\"font-weight: 400;\"> L'\u00faltima funci\u00f3 general que far\u00e0s ser\u00e0 col\u00b7locar o recol\u00b7locar material i mobiliari per habilitar sales i crear espai quan se celebrin actes p\u00fablics.<\/span><\/span><\/li><\/ul><p>\u00a0<\/p><p style=\"text-align: center;\">[bctt tweet=\"Tens dubtes sobre qu\u00e8 \u00e9s un subaltern? Quines funcions desenvolupa? Si necessita alguna habilitat o capacitat espec\u00edfica? Coneix aqu\u00ed tot i m\u00e9s sobre els subalterns i el proc\u00e9s de les oposicions.\" username=\"practicbcn\"]<\/p><p>\u00a0<\/p><h2 style=\"text-align: justify;\"><span style=\"font-weight: 400;\">Oposicions Subaltern<\/span><\/h2><p>\u00a0<\/p><p style=\"text-align: justify;\"><span style=\"font-size: 12pt;\"><span style=\"font-weight: 400;\">Si est\u00e0s capacitat per realitzar les <strong>funcions del subaltern<\/strong> i desitges treballar en una entitat p\u00fablica amb una ocupaci\u00f3 fixa, \u00e9s hora que et preparis les oposicions. Per con\u00e8ixer tot sobre el proc\u00e9s selectiu et recomanem que consultis l'<\/span><span style=\"font-weight: 400;\">apartat de subaltern en la web de la Generalitat.<\/span><\/span><\/p><p style=\"text-align: justify;\"><span style=\"font-weight: 400; font-size: 12pt;\">Per a aix\u00f2 haur\u00e0s d'estudiar un temari compost de quatre blocs, on adquirir\u00e0s coneixements de dret constitucional, administratiu, la llei de r\u00e8gim local, prevenci\u00f3 de riscos laborals i cultura general. La fase d'oposici\u00f3 consta de dues proves. Seguida d'una fase de concurs.<\/span><\/p><p>\u00a0<\/p><h3 style=\"text-align: justify;\"><span style=\"font-weight: 400;\">Primera prova<\/span><\/h3><p>\u00a0<\/p><p style=\"text-align: justify;\"><span style=\"font-weight: 400; font-size: 12pt;\">L'examen de l'oposici\u00f3 est\u00e0 compost per tres exercicis que has de superar:<\/span><\/p><ol style=\"text-align: justify;\"><li><span style=\"font-weight: 400; font-size: 12pt;\">Un q\u00fcestionari tipus test, amb preguntes alternatives sobretot el programa (el temari de l'oposici\u00f3).<\/span><\/li><li><span style=\"font-weight: 400; font-size: 12pt;\">Un exercici escrit, on haur\u00e0s de contestar a preguntes de cultura general i algun exercici de matem\u00e0tiques.<\/span><\/li><li><span style=\"font-weight: 400; font-size: 12pt;\">Resoldre diversos sup\u00f2sits pr\u00e0ctics, relacionats amb les <strong>funcions del subaltern<\/strong>.<\/span><\/li><\/ol><p style=\"text-align: justify;\"><span style=\"font-weight: 400; font-size: 12pt;\">Recorda que tots aquests exercicis s\u00f3n obligatoris i eliminatoris, per la qual cosa per aconseguir la teva pla\u00e7a m\u00ednim haur\u00e0s d'aprovar totes les parts.<\/span><\/p><p>\u00a0<\/p><h3 style=\"text-align: justify;\"><span style=\"font-weight: 400;\">Segona prova<\/span><\/h3><p>\u00a0<\/p><p style=\"text-align: justify;\"><span style=\"font-weight: 400; font-size: 12pt;\">La segona prova de les oposicions de subaltern estar\u00e0 formada per ex\u00e0mens de llengua catalana i castellana.<\/span><\/p><p style=\"text-align: justify;\"><span style=\"font-weight: 400; font-size: 12pt;\">Aquests ex\u00e0mens no haur\u00e0s de realitzar-los si pots acreditar un nivell B2 de catal\u00e0. I si disposes de la nacionalitat espanyola.<\/span><\/p><ul><li style=\"text-align: justify;\"><span style=\"font-size: 12pt;\"><span style=\"font-weight: 400;\">Prova de coneixements de la llengua catalana. \u00c9s aquest exercici, haur\u00e0s de redactar una carta formal de 100 paraules, una nota de 50 i resoldre diversos exercicis de gram\u00e0tica i vocabulari. <\/span><\/span><span style=\"font-weight: 400; font-size: 12pt;\">A m\u00e9s, haur\u00e0s de llegir un text en veu alta, i mantenir una petita conversa.<\/span><\/li><li style=\"text-align: justify;\"><span style=\"font-size: 12pt;\"><span style=\"font-weight: 400;\">Prova de coneixements del castell\u00e0. Aquest exercici \u00e9s m\u00e9s simple. \u00danicament haur\u00e0s de fer una redacci\u00f3 de 150 paraules en 45 minuts i mantenir una conversa de 15 amb el tribunal qualificador.<\/span><\/span><\/li><\/ul><p style=\"text-align: justify;\"><span style=\"font-weight: 400; font-size: 12pt;\">Com aquestes proves no s\u00f3n obligat\u00f2ries per tothom, la seva qualificaci\u00f3 no ser\u00e0 per punts. Si no que es valorar\u00e0 entre apte i no apte.<\/span><\/p><p>\u00a0<\/p><h3 style=\"text-align: justify;\"><span style=\"font-weight: 400;\">Concurs de m\u00e8rits<\/span><\/h3><p>\u00a0<\/p><p style=\"text-align: justify;\"><span style=\"font-weight: 400; font-size: 12pt;\">Una vegada acabada la fase d'ex\u00e0mens, el Tribunal valorar\u00e0 els m\u00e8rits aportats a les oposicions.<\/span><\/p><p style=\"text-align: justify;\"><span style=\"font-weight: 400; font-size: 12pt;\">En funci\u00f3 dels m\u00e8rits que lliuris podr\u00e0s <b>puntuar fins a 66,6 punts<\/b>. Es valorar\u00e0 l'experi\u00e8ncia en llocs similars. A m\u00e9s tamb\u00e9 seran valorades les teves compet\u00e8ncies tecnol\u00f2giques.<\/span><\/p><p style=\"text-align: justify;\"><span style=\"font-weight: 400; font-size: 12pt;\">Els m\u00e8rits han de ser acreditats en el termini de 10 dies h\u00e0bils des del dia que es publiquin els resultats de l'oposici\u00f3.<\/span><\/p><p>\u00a0<\/p><h2 style=\"text-align: justify;\"><span style=\"font-weight: 400;\">Requisits per complir les funcions del subaltern<\/span><\/h2><p>\u00a0<\/p><p style=\"text-align: justify;\"><span style=\"font-weight: 400; font-size: 12pt;\">Igual que la resta de funcionaris de l'estat, per treballar com a subaltern haur\u00e0s de complir uns requisits m\u00ednims, abans de presentar-te a l'oposici\u00f3:<\/span><\/p><ul><li style=\"text-align: justify;\"><span style=\"font-size: 12pt;\"><span style=\"font-weight: 400;\">Tenir nacionalitat espanyola, perm\u00eds de resid\u00e8ncia i treball o ser membre de la Uni\u00f3 Europea.<\/span><\/span><\/li><li style=\"text-align: justify;\"><span style=\"font-size: 12pt;\"><span style=\"font-weight: 400;\">Ser major d'edat i no trobar-se en edat for\u00e7osa de jubilaci\u00f3.<\/span><\/span><\/li><li style=\"text-align: justify;\"><span style=\"font-size: 12pt;\"><span style=\"font-weight: 400;\">Tenir els estudis primaris, graduat escolar, o FP de Primer Grau.<\/span><\/span><\/li><li style=\"text-align: justify;\"><span style=\"font-size: 12pt;\"><span style=\"font-weight: 400;\">No tenir limitacions f\u00edsiques o ps\u00edquiques que impedeixin l'acompliment de les<\/span> <strong>funcions del subaltern<\/strong><span style=\"font-weight: 400;\">.<\/span><\/span><\/li><li style=\"text-align: justify;\"><span style=\"font-size: 12pt;\"><span style=\"font-weight: 400;\">No haver estat separat mitjan\u00e7ant expedient disciplinari de qualsevol administraci\u00f3 p\u00fablica. Ni tampoc estar inhabilitat per l'acompliment de les funcions p\u00fabliques.<\/span><\/span><\/li><\/ul><p style=\"text-align: justify;\"><span style=\"font-weight: 400; font-size: 12pt;\">A m\u00e9s de la formaci\u00f3 m\u00ednima i l'oposici\u00f3 aprovada, haur\u00e0s de comptar amb unes certes habilitats personals.<\/span><\/p><p>\u00a0<\/p><h3 style=\"text-align: justify;\"><span style=\"font-weight: 400;\">Habilitats personals per ser subaltern<\/span><\/h3><p>\u00a0<\/p><p style=\"text-align: justify;\"><span style=\"font-weight: 400; font-size: 12pt;\">Per treballar en aquest lloc haur\u00e0s de ser una persona emp\u00e0tica, amb bons dots comunicatius.<\/span><\/p><p style=\"text-align: justify;\"><span style=\"font-weight: 400; font-size: 12pt;\">Tamb\u00e9 has de ser una persona proactiva, disposat a fer qualsevol tasca per a la qual es precisi la teva ajuda. Ser organitzat i saber gestionar b\u00e9 tot el necessari per al manteniment de l'entitat.<\/span><\/p><p style=\"text-align: justify;\"><span style=\"font-weight: 400; font-size: 12pt;\">En definitiva, si vols ser un subaltern de primera, haur\u00e0s de complir amb aquestes sis compet\u00e8ncies:<\/span><\/p><h4 style=\"text-align: justify;\"><span style=\"font-weight: 400;\">Adaptabilitat<\/span><\/h4><p>\u00a0<\/p><p style=\"text-align: justify;\"><span style=\"font-weight: 400; font-size: 12pt;\">Ser capa\u00e7 d'adaptar-te a qualsevol situaci\u00f3. Acceptar els canvis, i saber donar un nou enfocament a les rutines.<\/span><\/p><p style=\"text-align: justify;\"><span style=\"font-weight: 400; font-size: 12pt;\">Cap canvi ha d'afectar al fet que realitzis de manera \u00f2ptima les <strong>funcions del subaltern<\/strong>.<\/span><\/p><p>\u00a0<\/p><h4 style=\"text-align: justify;\"><span style=\"font-weight: 400;\">Comprom\u00eds<\/span><\/h4><p>\u00a0<\/p><p style=\"text-align: justify;\"><span style=\"font-weight: 400; font-size: 12pt;\">Has d'estar comprom\u00e8s amb l'organitzaci\u00f3 en la qual treballes. A m\u00e9s d'amb el servei p\u00fablic que ofereixes.<\/span><\/p><p style=\"text-align: justify;\"><span style=\"font-weight: 400; font-size: 12pt;\">Per a aix\u00f2, \u00e9s necessari que comprenguis les caracter\u00edstiques de l'administraci\u00f3 p\u00fablica. Comparteixis els seus valors i duguis a terme els seus principis \u00e8tics en la teva professi\u00f3.<\/span><\/p><p>\u00a0<\/p><h4 style=\"text-align: justify;\"><span style=\"font-weight: 400;\">Comunicaci\u00f3<\/span><\/h4><p>\u00a0<\/p><p style=\"text-align: justify;\"><span style=\"font-weight: 400; font-size: 12pt;\">Has de ser capa\u00e7 de transmetre, de manera clara i concisa tot el necessari. Adaptant tu llenguatge depenent de la persona o grup de persones a les quals et dirigeixis.<\/span><\/p><p style=\"text-align: justify;\"><span style=\"font-weight: 400; font-size: 12pt;\">A m\u00e9s, has de ser pacient amb els visitants, contestar els seus dubtes, encara que tots et realitzin la mateixa, i sempre ser una persona extremadament amable amb ells.<\/span><\/p><p>\u00a0<\/p><h4 style=\"text-align: justify;\"><span style=\"font-weight: 400;\">Organitzaci\u00f3 i planificaci\u00f3<\/span><\/h4><p>\u00a0<\/p><p style=\"text-align: justify;\"><span style=\"font-weight: 400; font-size: 12pt;\">S\u00f3n moltes les tasques di\u00e0ries que has de realitzar. Per aix\u00f2, has de tenir criteri i saber organitzar-te.<\/span><\/p><p style=\"text-align: justify;\"><span style=\"font-weight: 400; font-size: 12pt;\">Recorda sempre classificar les tasques en funci\u00f3 de les prioritats, i posar terminis per a complir-les.<\/span><\/p><p>\u00a0<\/p><h4 style=\"text-align: justify;\"><span style=\"font-weight: 400;\">Prevenir i solucionar conflictes<\/span><\/h4><p>\u00a0<\/p><p style=\"text-align: justify;\"><span style=\"font-weight: 400; font-size: 12pt;\">Has de saber controlar el teu comportament en situacions delicades. A vegades pots viure situacions l\u00edmits que et portin a l'estr\u00e8s i l'ansietat.<\/span><\/p><p style=\"text-align: justify;\"><span style=\"font-weight: 400; font-size: 12pt;\">Has d'aparentar calma sempre, i intervenir en aquells problemes que ho requereixin. Per als visitants ets una figura d'autoritat, i has de saber fer-te valer quan es genera un conflicte amb ells.<\/span><\/p><p>\u00a0<\/p><h4 style=\"text-align: justify;\"><span style=\"font-weight: 400;\">Treball en equip<\/span><\/h4><p>\u00a0<\/p><p style=\"text-align: justify;\"><span style=\"font-weight: 400; font-size: 12pt;\">Finalment, \u00e9s vital per ocupar aquest lloc saber treballar en equip i col\u00b7laborar amb el grup. Una actitud participativa, dinamitzar\u00e0 el teu treball, i el facilitar\u00e0.<\/span><\/p><p style=\"text-align: justify;\"><span style=\"font-weight: 400; font-size: 12pt;\">Ha d'existir una bona cohesi\u00f3 entre els teus companys i tu.<\/span><\/p><p>\u00a0<\/p><h2 style=\"text-align: justify;\"><span style=\"font-weight: 400;\">Apr\u00e8n les funcions del subaltern amb Pr\u00e0ctic<\/span><\/h2><p>\u00a0<\/p><p style=\"text-align: justify;\"><span style=\"font-weight: 400; font-size: 12pt;\">Aconseguir un treball per a tota la vida, ben remunerat i amb vacances, \u00e9s a les teves mans. I a Pr\u00e0ctic volem ajudar-te.<\/span><\/p><p style=\"text-align: justify;\"><span style=\"font-weight: 400; font-size: 12pt;\">Si compleixes amb els requisits i aptituds per pert\u00e0nyer al cos de subalterns de la Generalitat, no el dubtis m\u00e9s!<\/span><\/p><p style=\"text-align: justify;\"><span style=\"font-weight: 400; font-size: 12pt;\"><b>Apunta't a Pr\u00e0ctic<\/b> i aconsegueix el millor temari per aprovar l'oposici\u00f3. A m\u00e9s, estar\u00e0s guiat per un grup de professionals experts en la mat\u00e8ria que t'ajudaran a treure la millor nota en l'examen.<\/span><\/p><p style=\"text-align: justify;\"><span style=\"font-weight: 400; font-size: 12pt;\">No t'ho pensis m\u00e9s, demana m\u00e9s informaci\u00f3 emplenant el seg\u00fcent formulari i deixa que t'ajudem a aconseguir la teva pla\u00e7a de funcionari.<\/span><\/p><p>[\/et_pb_text][\/et_pb_column][et_pb_column type=\"2_5\" _builder_version=\"4.16\" _module_preset=\"default\" global_colors_info=\"{}\"][et_pb_code admin_label=\"Cup\u00f3\" _builder_version=\"4.27.4\" _module_preset=\"default\" global_colors_info=\"{}\" global_module=\"26264\" theme_builder_area=\"post_content\"]<\/p><center><\/center><h3><strong>Demana informaci\u00f3 sense comprom\u00eds<\/strong><\/h3><p><br \/><!-- [et_pb_line_break_holder] --><iframe src=\"https:\/\/www.practicbcn.com\/formulario\/form.php\" width=\"400\" height=\"650\" frameborder=\"0\" scrolling=\"no\" data-mce-fragment=\"1\"><\/iframe>[\/et_pb_code][et_pb_text admin_label=\"opinions\" _builder_version=\"4.27.4\" _module_preset=\"default\" global_colors_info=\"{}\" global_module=\"26265\" theme_builder_area=\"post_content\"]<\/p><h3 style=\"text-align: center;\"><strong>OPINIONS<\/strong><\/h3><p><img class=\"wp-image-26215 alignnone size-full\" src=\"https:\/\/www.practicbcn.com\/wp-content\/uploads\/2025\/05\/5.png.webp\" alt=\"\" width=\"96\" height=\"15\" \/><br \/>Donar-vos les gr\u00e0cies per aquest any de formaci\u00f3, per la vostra atenci\u00f3 i professionalitat. He aconseguit un somni. La setmana que ve signo el meu contracte amb Correus. Us recomano sens dubte aquest centre de formaci\u00f3.<\/p><p><strong>Alberto L\u00f3pez<\/strong><\/p><p>\u00a0<\/p><p><img class=\"wp-image-26215 alignnone size-full\" src=\"https:\/\/www.practicbcn.com\/wp-content\/uploads\/2025\/05\/5.png.webp\" alt=\"\" width=\"96\" height=\"15\" \/><br \/>Molt bona atenci\u00f3 i genial preparaci\u00f3 per a les oposicions.<br \/>El personal \u00e9s molt atent i competent, oferint un servei de qualitat.<br \/>Et proporcionen les eines necess\u00e0ries per presentar-te a l'oposici\u00f3 i poder obtenir un resultat satisfactori<\/p><p><strong>Marc Lloren\u00e7<\/strong><\/p><p>\u00a0<\/p><p><img class=\"wp-image-26215 alignnone size-full\" src=\"https:\/\/www.practicbcn.com\/wp-content\/uploads\/2025\/05\/5.png.webp\" alt=\"\" width=\"96\" height=\"15\" \/><br \/>Porto uns mesos com a alumna i la meva experi\u00e8ncia \u00e9s excel\u00b7lent. Estic molt agra\u00efda perqu\u00e8 els professors fan un seguiment personalitzat i resolen tots els dubtes. A m\u00e9s, posen a la nostra disposici\u00f3 tot el material necessari, de manera ben organitzada, perqu\u00e8 la formaci\u00f3 sigui completa i disponible en qualsevol horari.<\/p><p><strong>Silvia<\/strong><\/p><p>\u00a0<\/p><p>[\/et_pb_text][\/et_pb_column][\/et_pb_row][\/et_pb_section][et_pb_section fb_built=\"1\" _builder_version=\"4.16\" _module_preset=\"default\" background_color=\"#009aa5\" min_height=\"254.9px\" custom_margin=\"||||false|false\" custom_padding=\"0px||0px||true|false\" top_divider_height_tablet=\"\" top_divider_height_phone=\"\" top_divider_height_last_edited=\"on|phone\" locked=\"off\" global_colors_info=\"{}\"][et_pb_row column_structure=\"1_3,1_3,1_3\" use_custom_gutter=\"on\" gutter_width=\"1\" make_equal=\"on\" _builder_version=\"4.16\" _module_preset=\"default\" width=\"100%\" max_width=\"2560px\" min_height=\"257.9px\" custom_margin=\"||||false|false\" custom_padding=\"0px||0px||false|false\" global_colors_info=\"{}\"][et_pb_column type=\"1_3\" _builder_version=\"4.16\" _module_preset=\"default\" global_colors_info=\"{}\"][et_pb_image src=\"https:\/\/www.practicbcn.com\/wp-content\/uploads\/2021\/08\/circulo-06_2-06.png\" alt=\"practic-barcelona-oposiciones\" title_text=\"practic-barcelona-oposiciones\" src_tablet=\"https:\/\/www.practicbcn.com\/wp-content\/uploads\/2021\/09\/practic-barcelona-oposiciones.png\" src_phone=\"https:\/\/www.practicbcn.com\/wp-content\/uploads\/2021\/09\/practic-barcelona-oposiciones.png\" src_last_edited=\"on|tablet\" _builder_version=\"4.16\" _module_preset=\"default\" custom_margin=\"||||false|false\" custom_margin_tablet=\"||0px||false|false\" custom_margin_phone=\"||0px||false|false\" custom_margin_last_edited=\"on|tablet\" global_colors_info=\"{}\"][\/et_pb_image][\/et_pb_column][et_pb_column type=\"1_3\" _builder_version=\"4.16\" _module_preset=\"default\" global_colors_info=\"{}\"][et_pb_text _builder_version=\"4.19.1\" _module_preset=\"default\" header_font=\"Montserrat||||||||\" header_2_font=\"Montserrat|900|||||||\" header_2_text_align=\"center\" header_2_text_color=\"#FFFFFF\" header_2_font_size=\"50px\" header_2_line_height=\"1.2em\" custom_margin=\"105px|-63px|105px|-134px|true|false\" custom_margin_tablet=\"0px||0px||true|false\" custom_margin_phone=\"0px||0px||true|false\" custom_margin_last_edited=\"on|tablet\" custom_padding=\"|0px||||\" header_2_font_size_tablet=\"45px\" header_2_font_size_phone=\"40px\" header_2_font_size_last_edited=\"on|tablet\" global_colors_info=\"{}\"]<\/p><h2 style=\"text-align: center;\">Consigue tu pla\u00e7a amb Practic<\/h2><p>[\/et_pb_text][\/et_pb_column][et_pb_column type=\"1_3\" _builder_version=\"4.16\" _module_preset=\"default\" global_colors_info=\"{}\"][et_pb_image src=\"https:\/\/www.practicbcn.com\/wp-content\/uploads\/2021\/08\/LINEAS_2-07.png\" alt=\"Solicita informaci\u00f3n Practic Barcelona\" title_text=\"Solicita informaci\u00f3n Practic Barcelona\" _builder_version=\"4.16\" _module_preset=\"default\" custom_margin=\"37px||||false|false\" custom_margin_tablet=\"-50px||||false|false\" custom_margin_phone=\"-45px||||false|false\" custom_margin_last_edited=\"on|tablet\" global_colors_info=\"{}\"][\/et_pb_image][\/et_pb_column][\/et_pb_row][\/et_pb_section][et_pb_section fb_built=\"1\" admin_label=\"Formulario\" _builder_version=\"4.16\" _module_preset=\"default\" min_height=\"335.1px\" custom_padding=\"0px||0px||true|false\" locked=\"off\" global_colors_info=\"{}\"][et_pb_row custom_padding_last_edited=\"on|phone\" _builder_version=\"4.16\" _module_preset=\"default\" width_tablet=\"90%\" width_phone=\"90%\" width_last_edited=\"on|phone\" custom_padding_tablet=\"\" custom_padding_phone=\"0px||0px||true|false\" global_colors_info=\"{}\"][et_pb_column type=\"4_4\" _builder_version=\"4.16\" _module_preset=\"default\" global_colors_info=\"{}\"][et_pb_text _builder_version=\"4.16\" _module_preset=\"default\" text_font=\"Montserrat|900|||||||\" text_text_color=\"#009aa5\" text_font_size=\"48px\" text_line_height=\"1.2em\" header_2_font=\"Montserrat|900|||||||\" header_2_text_color=\"#009aa5\" header_2_font_size=\"46px\" text_orientation=\"center\" text_font_size_tablet=\"\" text_font_size_phone=\"23px\" text_font_size_last_edited=\"on|phone\" global_colors_info=\"{}\"]<\/p><p>Sol\u00b7licita informaci\u00f3 gratu\u00efta i sense comprom\u00eds<\/p><p>[\/et_pb_text][\/et_pb_column][\/et_pb_row][et_pb_row _builder_version=\"4.16\" _module_preset=\"default\" width_tablet=\"\" width_phone=\"100%\" width_last_edited=\"on|phone\" border_color_all=\"#000000\" global_colors_info=\"{}\"][et_pb_column type=\"4_4\" _builder_version=\"4.16\" _module_preset=\"default\" global_colors_info=\"{}\"][et_pb_code _builder_version=\"4.16\" _module_preset=\"default\" text_orientation=\"center\" global_colors_info=\"{}\"]<iframe src=\"https:\/\/www.practicbcn.com\/formulario2\/form2_cat.php\" width=\"400\" height=\"650\" frameborder=\"0\" scrolling=\"no\" data-mce-fragment=\"1\"><\/iframe>[\/et_pb_code][et_pb_toggle title=\"RGPD Llei de Protecci\u00f3 de Dades\" open_toggle_text_color=\"#000000\" open_toggle_background_color=\"#ffffff\" closed_toggle_text_color=\"#000000\" closed_toggle_background_color=\"#ffffff\" icon_color=\"#5499A3\" open_icon_color=\"#5499A3\" disabled_on=\"off|off|off\" _builder_version=\"4.16\" title_text_color=\"#000000\" body_text_color=\"#000000\" custom_margin_tablet=\"\" custom_margin_phone=\"|20px||20px|false|true\" custom_margin_last_edited=\"on|phone\" custom_padding_tablet=\"\" custom_padding_phone=\"||||false|false\" custom_padding_last_edited=\"on|phone\" z_index_tablet=\"500\" title_text_shadow_horizontal_length_tablet=\"0px\" title_text_shadow_vertical_length_tablet=\"0px\" title_text_shadow_blur_strength_tablet=\"1px\" closed_title_text_shadow_horizontal_length_tablet=\"0px\" closed_title_text_shadow_vertical_length_tablet=\"0px\" closed_title_text_shadow_blur_strength_tablet=\"1px\" body_text_shadow_horizontal_length_tablet=\"0px\" body_text_shadow_vertical_length_tablet=\"0px\" body_text_shadow_blur_strength_tablet=\"1px\" body_link_text_shadow_horizontal_length_tablet=\"0px\" body_link_text_shadow_vertical_length_tablet=\"0px\" body_link_text_shadow_blur_strength_tablet=\"1px\" body_ul_text_shadow_horizontal_length_tablet=\"0px\" body_ul_text_shadow_vertical_length_tablet=\"0px\" body_ul_text_shadow_blur_strength_tablet=\"1px\" body_ol_text_shadow_horizontal_length_tablet=\"0px\" body_ol_text_shadow_vertical_length_tablet=\"0px\" body_ol_text_shadow_blur_strength_tablet=\"1px\" body_quote_text_shadow_horizontal_length_tablet=\"0px\" body_quote_text_shadow_vertical_length_tablet=\"0px\" body_quote_text_shadow_blur_strength_tablet=\"1px\" border_color_all=\"#000000\" box_shadow_horizontal_tablet=\"0px\" box_shadow_vertical_tablet=\"0px\" box_shadow_blur_tablet=\"40px\" box_shadow_spread_tablet=\"0px\" text_shadow_horizontal_length_tablet=\"0px\" text_shadow_vertical_length_tablet=\"0px\" text_shadow_blur_strength_tablet=\"1px\" global_colors_info=\"{}\"]<\/p><p>COMPLIMENT LLEI DE PROTECCI\u00d3 DE DADES 2018 RPGD<br \/>Responsable: CENTRE FORMATIU PRACTIC UNIC BCN 774 , S.L.U CIF: B87963914<br \/>Finalitat: Proporcionar informaci\u00f3 sobre els nostres serveis.<br \/>Legitimaci\u00f3: Consentiment de l'interessat.<br \/>Destinataris: No se cediran dades a tercers, excepte obligaci\u00f3 legal.<br \/>Drets: Accedir, rectificar, suprimir les dades i altres drets, com s'explica en la informaci\u00f3 addicional.<br \/>Informaci\u00f3 addicional: <a href=\"https:\/\/www.practicbcn.com\/aviso-legal-rgpd\/\">Pol\u00edtica de privacitat i RGPD<\/a>.<\/p><p>[\/et_pb_toggle][\/et_pb_column][\/et_pb_row][\/et_pb_section]<\/p>","_et_gb_content_width":"","footnotes":""},"categories":[253,229],"tags":[],"class_list":["post-27322","post","type-post","status-publish","format-standard","has-post-thumbnail","hentry","category-253","category-estatales"],"yoast_head":"<!-- This site is optimized with the Yoast SEO Premium plugin v22.8 (Yoast SEO v27.2) - https:\/\/yoast.com\/product\/yoast-seo-premium-wordpress\/ -->\n<title>Oposiciones Auxilio Judicial 2026 - academia oposiciones Barcelona<\/title>\n<meta name=\"description\" content=\"Toda la informaci\u00f3n que necesitas para conocer c\u00f3mo es la convocatoria, qu\u00e9 requisitos se exigen, c\u00f3mo es el examen, qu\u00e9 funciones desempe\u00f1a este cuerpo y consejos pr\u00e1cticos para prepararte con \u00e9xito.\" \/>\n<meta name=\"robots\" content=\"index, follow, max-snippet:-1, max-image-preview:large, max-video-preview:-1\" \/>\n<link rel=\"canonical\" href=\"https:\/\/www.practicbcn.com\/ca\/oposiciones-auxilio-judicial-2026\/\" \/>\n<meta property=\"og:locale\" content=\"ca_ES\" \/>\n<meta property=\"og:type\" content=\"article\" \/>\n<meta property=\"og:title\" content=\"Oposiciones Auxilio Judicial 2026\" \/>\n<meta property=\"og:description\" content=\"Toda la informaci\u00f3n que necesitas para conocer c\u00f3mo es la convocatoria, qu\u00e9 requisitos se exigen, c\u00f3mo es el examen, qu\u00e9 funciones desempe\u00f1a este cuerpo y consejos pr\u00e1cticos para prepararte con \u00e9xito.\" \/>\n<meta property=\"og:url\" content=\"https:\/\/www.practicbcn.com\/ca\/oposiciones-auxilio-judicial-2026\/\" \/>\n<meta property=\"og:site_name\" content=\"academia oposiciones Barcelona\" \/>\n<meta property=\"article:published_time\" content=\"2026-01-12T15:14:53+00:00\" \/>\n<meta property=\"article:modified_time\" content=\"2026-01-12T15:14:59+00:00\" \/>\n<meta property=\"og:image\" content=\"https:\/\/www.practicbcn.com\/wp-content\/uploads\/2025\/10\/hammer-802298_1280.jpg\" \/>\n\t<meta property=\"og:image:width\" content=\"1280\" \/>\n\t<meta property=\"og:image:height\" content=\"960\" \/>\n\t<meta property=\"og:image:type\" content=\"image\/jpeg\" \/>\n<meta name=\"author\" content=\"cantu\" \/>\n<meta name=\"twitter:card\" content=\"summary_large_image\" \/>\n<meta name=\"twitter:label1\" content=\"Escrit per\" \/>\n\t<meta name=\"twitter:data1\" content=\"cantu\" \/>\n\t<meta name=\"twitter:label2\" content=\"Temps estimat de lectura\" \/>\n\t<meta name=\"twitter:data2\" content=\"5 minuts\" \/>\n<script type=\"application\/ld+json\" class=\"yoast-schema-graph\">{\"@context\":\"https:\/\/schema.org\",\"@graph\":[{\"@type\":\"Article\",\"@id\":\"https:\/\/www.practicbcn.com\/ca\/oposiciones-auxilio-judicial-2026\/#article\",\"isPartOf\":{\"@id\":\"https:\/\/www.practicbcn.com\/ca\/oposiciones-auxilio-judicial-2026\/\"},\"author\":{\"name\":\"cantu\",\"@id\":\"https:\/\/www.practicbcn.com\/ca\/#\/schema\/person\/b1bf6fae906bb2caf24a3ed0699b35a1\"},\"headline\":\"Oposiciones Auxilio Judicial 2026\",\"datePublished\":\"2026-01-12T15:14:53+00:00\",\"dateModified\":\"2026-01-12T15:14:59+00:00\",\"mainEntityOfPage\":{\"@id\":\"https:\/\/www.practicbcn.com\/ca\/oposiciones-auxilio-judicial-2026\/\"},\"wordCount\":1101,\"publisher\":{\"@id\":\"https:\/\/www.practicbcn.com\/ca\/#organization\"},\"image\":{\"@id\":\"https:\/\/www.practicbcn.com\/ca\/oposiciones-auxilio-judicial-2026\/#primaryimage\"},\"thumbnailUrl\":\"https:\/\/www.practicbcn.com\/wp-content\/uploads\/2025\/10\/hammer-802298_1280.jpg\",\"articleSection\":[\"2026\",\"Estatales\"],\"inLanguage\":\"ca\"},{\"@type\":\"WebPage\",\"@id\":\"https:\/\/www.practicbcn.com\/ca\/oposiciones-auxilio-judicial-2026\/\",\"url\":\"https:\/\/www.practicbcn.com\/ca\/oposiciones-auxilio-judicial-2026\/\",\"name\":\"Oposiciones Auxilio Judicial 2026 - academia oposiciones Barcelona\",\"isPartOf\":{\"@id\":\"https:\/\/www.practicbcn.com\/ca\/#website\"},\"primaryImageOfPage\":{\"@id\":\"https:\/\/www.practicbcn.com\/ca\/oposiciones-auxilio-judicial-2026\/#primaryimage\"},\"image\":{\"@id\":\"https:\/\/www.practicbcn.com\/ca\/oposiciones-auxilio-judicial-2026\/#primaryimage\"},\"thumbnailUrl\":\"https:\/\/www.practicbcn.com\/wp-content\/uploads\/2025\/10\/hammer-802298_1280.jpg\",\"datePublished\":\"2026-01-12T15:14:53+00:00\",\"dateModified\":\"2026-01-12T15:14:59+00:00\",\"description\":\"Toda la informaci\u00f3n que necesitas para conocer c\u00f3mo es la convocatoria, qu\u00e9 requisitos se exigen, c\u00f3mo es el examen, qu\u00e9 funciones desempe\u00f1a este cuerpo y consejos pr\u00e1cticos para prepararte con \u00e9xito.\",\"breadcrumb\":{\"@id\":\"https:\/\/www.practicbcn.com\/ca\/oposiciones-auxilio-judicial-2026\/#breadcrumb\"},\"inLanguage\":\"ca\",\"potentialAction\":[{\"@type\":\"ReadAction\",\"target\":[\"https:\/\/www.practicbcn.com\/ca\/oposiciones-auxilio-judicial-2026\/\"]}]},{\"@type\":\"ImageObject\",\"inLanguage\":\"ca\",\"@id\":\"https:\/\/www.practicbcn.com\/ca\/oposiciones-auxilio-judicial-2026\/#primaryimage\",\"url\":\"https:\/\/www.practicbcn.com\/wp-content\/uploads\/2025\/10\/hammer-802298_1280.jpg\",\"contentUrl\":\"https:\/\/www.practicbcn.com\/wp-content\/uploads\/2025\/10\/hammer-802298_1280.jpg\",\"width\":1280,\"height\":960,\"caption\":\"Quan ser\u00e0 l\u2019examen de Tramitaci\u00f3 Procesal 2026?\"},{\"@type\":\"BreadcrumbList\",\"@id\":\"https:\/\/www.practicbcn.com\/ca\/oposiciones-auxilio-judicial-2026\/#breadcrumb\",\"itemListElement\":[{\"@type\":\"ListItem\",\"position\":1,\"name\":\"Portada\",\"item\":\"https:\/\/www.practicbcn.com\/ca\/\"},{\"@type\":\"ListItem\",\"position\":2,\"name\":\"Oposiciones Auxilio Judicial 2026\"}]},{\"@type\":\"WebSite\",\"@id\":\"https:\/\/www.practicbcn.com\/ca\/#website\",\"url\":\"https:\/\/www.practicbcn.com\/ca\/\",\"name\":\"academia oposiciones Barcelona\",\"description\":\"academia oposiciones Barcelona PracticBCN Preparaci\u00f3n de opositores\",\"publisher\":{\"@id\":\"https:\/\/www.practicbcn.com\/ca\/#organization\"},\"potentialAction\":[{\"@type\":\"SearchAction\",\"target\":{\"@type\":\"EntryPoint\",\"urlTemplate\":\"https:\/\/www.practicbcn.com\/ca\/?s={search_term_string}\"},\"query-input\":{\"@type\":\"PropertyValueSpecification\",\"valueRequired\":true,\"valueName\":\"search_term_string\"}}],\"inLanguage\":\"ca\"},{\"@type\":\"Organization\",\"@id\":\"https:\/\/www.practicbcn.com\/ca\/#organization\",\"name\":\"Practic BCN\",\"url\":\"https:\/\/www.practicbcn.com\/ca\/\",\"logo\":{\"@type\":\"ImageObject\",\"inLanguage\":\"ca\",\"@id\":\"https:\/\/www.practicbcn.com\/ca\/#\/schema\/logo\/image\/\",\"url\":\"https:\/\/www.practicbcn.com\/wp-content\/uploads\/2018\/01\/LOGO-PRACTIC.jpg\",\"contentUrl\":\"https:\/\/www.practicbcn.com\/wp-content\/uploads\/2018\/01\/LOGO-PRACTIC.jpg\",\"width\":679,\"height\":676,\"caption\":\"Practic BCN\"},\"image\":{\"@id\":\"https:\/\/www.practicbcn.com\/ca\/#\/schema\/logo\/image\/\"}},{\"@type\":\"Person\",\"@id\":\"https:\/\/www.practicbcn.com\/ca\/#\/schema\/person\/b1bf6fae906bb2caf24a3ed0699b35a1\",\"name\":\"cantu\",\"image\":{\"@type\":\"ImageObject\",\"inLanguage\":\"ca\",\"@id\":\"https:\/\/secure.gravatar.com\/avatar\/9bf69246e68f8fa9721cc29ec236bd9daee6f76dfca26b3ddd7625676a5c2f9c?s=96&d=mm&r=g\",\"url\":\"https:\/\/secure.gravatar.com\/avatar\/9bf69246e68f8fa9721cc29ec236bd9daee6f76dfca26b3ddd7625676a5c2f9c?s=96&d=mm&r=g\",\"contentUrl\":\"https:\/\/secure.gravatar.com\/avatar\/9bf69246e68f8fa9721cc29ec236bd9daee6f76dfca26b3ddd7625676a5c2f9c?s=96&d=mm&r=g\",\"caption\":\"cantu\"}}]}<\/script>\n<!-- \/ Yoast SEO Premium plugin. -->","yoast_head_json":{"title":"Oposiciones Auxilio Judicial 2026 - academia oposiciones Barcelona","description":"Toda la informaci\u00f3n que necesitas para conocer c\u00f3mo es la convocatoria, qu\u00e9 requisitos se exigen, c\u00f3mo es el examen, qu\u00e9 funciones desempe\u00f1a este cuerpo y consejos pr\u00e1cticos para prepararte con \u00e9xito.","robots":{"index":"index","follow":"follow","max-snippet":"max-snippet:-1","max-image-preview":"max-image-preview:large","max-video-preview":"max-video-preview:-1"},"canonical":"https:\/\/www.practicbcn.com\/ca\/oposiciones-auxilio-judicial-2026\/","og_locale":"ca_ES","og_type":"article","og_title":"Oposiciones Auxilio Judicial 2026","og_description":"Toda la informaci\u00f3n que necesitas para conocer c\u00f3mo es la convocatoria, qu\u00e9 requisitos se exigen, c\u00f3mo es el examen, qu\u00e9 funciones desempe\u00f1a este cuerpo y consejos pr\u00e1cticos para prepararte con \u00e9xito.","og_url":"https:\/\/www.practicbcn.com\/ca\/oposiciones-auxilio-judicial-2026\/","og_site_name":"academia oposiciones Barcelona","article_published_time":"2026-01-12T15:14:53+00:00","article_modified_time":"2026-01-12T15:14:59+00:00","og_image":[{"width":1280,"height":960,"url":"https:\/\/www.practicbcn.com\/wp-content\/uploads\/2025\/10\/hammer-802298_1280.jpg","type":"image\/jpeg"}],"author":"cantu","twitter_card":"summary_large_image","twitter_misc":{"Escrit per":"cantu","Temps estimat de lectura":"5 minuts"},"schema":{"@context":"https:\/\/schema.org","@graph":[{"@type":"Article","@id":"https:\/\/www.practicbcn.com\/ca\/oposiciones-auxilio-judicial-2026\/#article","isPartOf":{"@id":"https:\/\/www.practicbcn.com\/ca\/oposiciones-auxilio-judicial-2026\/"},"author":{"name":"cantu","@id":"https:\/\/www.practicbcn.com\/ca\/#\/schema\/person\/b1bf6fae906bb2caf24a3ed0699b35a1"},"headline":"Oposiciones Auxilio Judicial 2026","datePublished":"2026-01-12T15:14:53+00:00","dateModified":"2026-01-12T15:14:59+00:00","mainEntityOfPage":{"@id":"https:\/\/www.practicbcn.com\/ca\/oposiciones-auxilio-judicial-2026\/"},"wordCount":1101,"publisher":{"@id":"https:\/\/www.practicbcn.com\/ca\/#organization"},"image":{"@id":"https:\/\/www.practicbcn.com\/ca\/oposiciones-auxilio-judicial-2026\/#primaryimage"},"thumbnailUrl":"https:\/\/www.practicbcn.com\/wp-content\/uploads\/2025\/10\/hammer-802298_1280.jpg","articleSection":["2026","Estatales"],"inLanguage":"ca"},{"@type":"WebPage","@id":"https:\/\/www.practicbcn.com\/ca\/oposiciones-auxilio-judicial-2026\/","url":"https:\/\/www.practicbcn.com\/ca\/oposiciones-auxilio-judicial-2026\/","name":"Oposiciones Auxilio Judicial 2026 - academia oposiciones Barcelona","isPartOf":{"@id":"https:\/\/www.practicbcn.com\/ca\/#website"},"primaryImageOfPage":{"@id":"https:\/\/www.practicbcn.com\/ca\/oposiciones-auxilio-judicial-2026\/#primaryimage"},"image":{"@id":"https:\/\/www.practicbcn.com\/ca\/oposiciones-auxilio-judicial-2026\/#primaryimage"},"thumbnailUrl":"https:\/\/www.practicbcn.com\/wp-content\/uploads\/2025\/10\/hammer-802298_1280.jpg","datePublished":"2026-01-12T15:14:53+00:00","dateModified":"2026-01-12T15:14:59+00:00","description":"Toda la informaci\u00f3n que necesitas para conocer c\u00f3mo es la convocatoria, qu\u00e9 requisitos se exigen, c\u00f3mo es el examen, qu\u00e9 funciones desempe\u00f1a este cuerpo y consejos pr\u00e1cticos para prepararte con \u00e9xito.","breadcrumb":{"@id":"https:\/\/www.practicbcn.com\/ca\/oposiciones-auxilio-judicial-2026\/#breadcrumb"},"inLanguage":"ca","potentialAction":[{"@type":"ReadAction","target":["https:\/\/www.practicbcn.com\/ca\/oposiciones-auxilio-judicial-2026\/"]}]},{"@type":"ImageObject","inLanguage":"ca","@id":"https:\/\/www.practicbcn.com\/ca\/oposiciones-auxilio-judicial-2026\/#primaryimage","url":"https:\/\/www.practicbcn.com\/wp-content\/uploads\/2025\/10\/hammer-802298_1280.jpg","contentUrl":"https:\/\/www.practicbcn.com\/wp-content\/uploads\/2025\/10\/hammer-802298_1280.jpg","width":1280,"height":960,"caption":"Quan ser\u00e0 l\u2019examen de Tramitaci\u00f3 Procesal 2026?"},{"@type":"BreadcrumbList","@id":"https:\/\/www.practicbcn.com\/ca\/oposiciones-auxilio-judicial-2026\/#breadcrumb","itemListElement":[{"@type":"ListItem","position":1,"name":"Portada","item":"https:\/\/www.practicbcn.com\/ca\/"},{"@type":"ListItem","position":2,"name":"Oposiciones Auxilio Judicial 2026"}]},{"@type":"WebSite","@id":"https:\/\/www.practicbcn.com\/ca\/#website","url":"https:\/\/www.practicbcn.com\/ca\/","name":"academia oposiciones Barcelona","description":"academia oposiciones Barcelona PracticBCN Preparaci\u00f3n de opositores","publisher":{"@id":"https:\/\/www.practicbcn.com\/ca\/#organization"},"potentialAction":[{"@type":"SearchAction","target":{"@type":"EntryPoint","urlTemplate":"https:\/\/www.practicbcn.com\/ca\/?s={search_term_string}"},"query-input":{"@type":"PropertyValueSpecification","valueRequired":true,"valueName":"search_term_string"}}],"inLanguage":"ca"},{"@type":"Organization","@id":"https:\/\/www.practicbcn.com\/ca\/#organization","name":"Practic BCN","url":"https:\/\/www.practicbcn.com\/ca\/","logo":{"@type":"ImageObject","inLanguage":"ca","@id":"https:\/\/www.practicbcn.com\/ca\/#\/schema\/logo\/image\/","url":"https:\/\/www.practicbcn.com\/wp-content\/uploads\/2018\/01\/LOGO-PRACTIC.jpg","contentUrl":"https:\/\/www.practicbcn.com\/wp-content\/uploads\/2018\/01\/LOGO-PRACTIC.jpg","width":679,"height":676,"caption":"Practic BCN"},"image":{"@id":"https:\/\/www.practicbcn.com\/ca\/#\/schema\/logo\/image\/"}},{"@type":"Person","@id":"https:\/\/www.practicbcn.com\/ca\/#\/schema\/person\/b1bf6fae906bb2caf24a3ed0699b35a1","name":"cantu","image":{"@type":"ImageObject","inLanguage":"ca","@id":"https:\/\/secure.gravatar.com\/avatar\/9bf69246e68f8fa9721cc29ec236bd9daee6f76dfca26b3ddd7625676a5c2f9c?s=96&d=mm&r=g","url":"https:\/\/secure.gravatar.com\/avatar\/9bf69246e68f8fa9721cc29ec236bd9daee6f76dfca26b3ddd7625676a5c2f9c?s=96&d=mm&r=g","contentUrl":"https:\/\/secure.gravatar.com\/avatar\/9bf69246e68f8fa9721cc29ec236bd9daee6f76dfca26b3ddd7625676a5c2f9c?s=96&d=mm&r=g","caption":"cantu"}}]}},"_links":{"self":[{"href":"https:\/\/www.practicbcn.com\/ca\/wp-json\/wp\/v2\/posts\/27322","targetHints":{"allow":["GET"]}}],"collection":[{"href":"https:\/\/www.practicbcn.com\/ca\/wp-json\/wp\/v2\/posts"}],"about":[{"href":"https:\/\/www.practicbcn.com\/ca\/wp-json\/wp\/v2\/types\/post"}],"author":[{"embeddable":true,"href":"https:\/\/www.practicbcn.com\/ca\/wp-json\/wp\/v2\/users\/3"}],"replies":[{"embeddable":true,"href":"https:\/\/www.practicbcn.com\/ca\/wp-json\/wp\/v2\/comments?post=27322"}],"version-history":[{"count":0,"href":"https:\/\/www.practicbcn.com\/ca\/wp-json\/wp\/v2\/posts\/27322\/revisions"}],"wp:featuredmedia":[{"embeddable":true,"href":"https:\/\/www.practicbcn.com\/ca\/wp-json\/wp\/v2\/media\/26957"}],"wp:attachment":[{"href":"https:\/\/www.practicbcn.com\/ca\/wp-json\/wp\/v2\/media?parent=27322"}],"wp:term":[{"taxonomy":"category","embeddable":true,"href":"https:\/\/www.practicbcn.com\/ca\/wp-json\/wp\/v2\/categories?post=27322"},{"taxonomy":"post_tag","embeddable":true,"href":"https:\/\/www.practicbcn.com\/ca\/wp-json\/wp\/v2\/tags?post=27322"}],"curies":[{"name":"wp","href":"https:\/\/api.w.org\/{rel}","templated":true}]}}