{"id":26979,"date":"2025-10-13T16:57:43","date_gmt":"2025-10-13T16:57:43","guid":{"rendered":"https:\/\/www.practicbcn.com\/?p=26979"},"modified":"2025-10-13T16:57:52","modified_gmt":"2025-10-13T16:57:52","slug":"sou-funcionari-grup-c1","status":"publish","type":"post","link":"https:\/\/www.practicbcn.com\/ca\/sou-funcionari-grup-c1\/","title":{"rendered":"Sou funcionari grup C1"},"content":{"rendered":"<p>[et_pb_section fb_built=&#8221;1&#8243; _builder_version=&#8221;4.16&#8243; _module_preset=&#8221;default&#8221; global_colors_info=&#8221;{}&#8221;][et_pb_row column_structure=&#8221;3_5,2_5&#8243; _builder_version=&#8221;4.16&#8243; _module_preset=&#8221;default&#8221; global_colors_info=&#8221;{}&#8221;][et_pb_column type=&#8221;3_5&#8243; _builder_version=&#8221;4.16&#8243; _module_preset=&#8221;default&#8221; global_colors_info=&#8221;{}&#8221;][et_pb_text _builder_version=&#8221;4.27.4&#8243; _module_preset=&#8221;default&#8221; hover_enabled=&#8221;0&#8243; global_colors_info=&#8221;{}&#8221; sticky_enabled=&#8221;0&#8243;]<\/p>\n<p data-start=\"407\" data-end=\"796\">Vols saber <strong data-start=\"418\" data-end=\"459\">quant cobra un funcionari del grup C1<\/strong> a Catalunya o a l\u2019Administraci\u00f3 General de l\u2019Estat?<br data-start=\"511\" data-end=\"514\" \/>Les places del <strong data-start=\"529\" data-end=\"540\">grup C1<\/strong> s\u00f3n unes de les m\u00e9s sol\u00b7licitades dins de les oposicions p\u00fabliques, ja que nom\u00e9s requereixen el <strong data-start=\"637\" data-end=\"700\">t\u00edtol de Batxillerat o de T\u00e8cnic\/a de Formaci\u00f3 Professional<\/strong> i ofereixen una <strong data-start=\"717\" data-end=\"754\">remuneraci\u00f3 estable i competitiva<\/strong>, amb possibilitats de promoci\u00f3 interna.<\/p>\n<p data-start=\"798\" data-end=\"987\">En aquest article t\u2019expliquem <strong data-start=\"828\" data-end=\"874\">quin \u00e9s el sou d\u2019un funcionari del grup C1<\/strong>, quins <strong data-start=\"882\" data-end=\"907\">complements salarials<\/strong> pot rebre i com pot variar segons el lloc de destinaci\u00f3 i els anys de servei.<\/p>\n<h2 data-start=\"994\" data-end=\"1043\">\u00a0<\/h2>\n<h2 data-start=\"994\" data-end=\"1043\">Qu\u00e8 \u00e9s el grup C1 dins la funci\u00f3 p\u00fablica?<\/h2>\n<p data-start=\"1045\" data-end=\"1246\">El <strong data-start=\"1048\" data-end=\"1059\">grup C1<\/strong> forma part de la classificaci\u00f3 professional que estableix l\u2019<strong data-start=\"1120\" data-end=\"1164\">Estatut B\u00e0sic de l\u2019Empleat P\u00fablic (EBEP)<\/strong> i agrupa els llocs de treball que requereixen <strong data-start=\"1211\" data-end=\"1243\">nivell mitj\u00e0 de qualificaci\u00f3<\/strong>.<\/p>\n<p data-start=\"1248\" data-end=\"1287\">Per accedir-hi cal tenir com a m\u00ednim:<\/p>\n<ul data-start=\"1288\" data-end=\"1391\">\n<li data-start=\"1288\" data-end=\"1322\">\n<p data-start=\"1290\" data-end=\"1322\">El <strong data-start=\"1293\" data-end=\"1317\">t\u00edtol de Batxillerat<\/strong>, o<\/p>\n<\/li>\n<li data-start=\"1323\" data-end=\"1391\">\n<p data-start=\"1325\" data-end=\"1391\">Un <strong data-start=\"1328\" data-end=\"1388\">t\u00edtol de t\u00e8cnic\/a de Formaci\u00f3 Professional de Grau Mitj\u00e0<\/strong>.<\/p>\n<\/li>\n<\/ul>\n<p data-start=\"1393\" data-end=\"1599\">Els <strong data-start=\"1397\" data-end=\"1424\">funcionaris del grup C1<\/strong> desenvolupen tasques <strong data-start=\"1446\" data-end=\"1495\">administratives, t\u00e8cniques i de gesti\u00f3 b\u00e0sica<\/strong>, i sovint treballen en oficines, departaments de gesti\u00f3, serveis d\u2019atenci\u00f3 ciutadana o suport t\u00e8cnic.<\/p>\n<h3 data-start=\"1601\" data-end=\"1638\">Exemples de llocs del grup C1:<\/h3>\n<ul data-start=\"1639\" data-end=\"1840\">\n<li data-start=\"1639\" data-end=\"1691\">\n<p data-start=\"1641\" data-end=\"1691\">Administratiu\/va de la Generalitat de Catalunya.<\/p>\n<\/li>\n<li data-start=\"1692\" data-end=\"1749\">\n<p data-start=\"1694\" data-end=\"1749\">Tramitador\/a processal a l\u2019Administraci\u00f3 de Just\u00edcia.<\/p>\n<\/li>\n<li data-start=\"1750\" data-end=\"1791\">\n<p data-start=\"1752\" data-end=\"1791\">Agent tributari o gestor\/a d\u2019hisenda.<\/p>\n<\/li>\n<li data-start=\"1792\" data-end=\"1840\">\n<p data-start=\"1794\" data-end=\"1840\">Policies locals o funcionaris d\u2019ajuntaments.<\/p>\n<\/li>\n<\/ul>\n<h2 data-start=\"1847\" data-end=\"1891\">\u00a0<\/h2>\n<h2 data-start=\"1847\" data-end=\"1891\">Sou base d\u2019un funcionari del grup C1<\/h2>\n<p data-start=\"1893\" data-end=\"2035\">El <strong data-start=\"1896\" data-end=\"1908\">sou base<\/strong> est\u00e0 establert anualment als <strong data-start=\"1938\" data-end=\"1980\">Pressupostos Generals de l\u2019Estat (PGE)<\/strong> i \u00e9s com\u00fa per a totes les administracions p\u00fabliques.<\/p>\n<p data-start=\"2037\" data-end=\"2192\">Per al <strong data-start=\"2044\" data-end=\"2052\">2025<\/strong>, el sou base d\u2019un funcionari del <strong data-start=\"2086\" data-end=\"2097\">grup C1<\/strong> \u00e9s aproximadament de <strong data-start=\"2119\" data-end=\"2138\">11.600 \u20ac anuals<\/strong>, equivalents a uns <strong data-start=\"2158\" data-end=\"2176\">970 \u20ac mensuals<\/strong> en 14 pagues.<\/p>\n<p data-start=\"2194\" data-end=\"2355\">Aquest import \u00e9s nom\u00e9s el punt de partida, ja que al salari base s\u2019hi afegeixen diversos <strong data-start=\"2283\" data-end=\"2310\">complements retributius<\/strong> que poden augmentar notablement la n\u00f2mina.<\/p>\n<h2 data-start=\"2362\" data-end=\"2391\">\u00a0<\/h2>\n<h2 data-start=\"2362\" data-end=\"2391\">Complements salarials<\/h2>\n<p data-start=\"2393\" data-end=\"2477\">El <strong data-start=\"2396\" data-end=\"2437\">sou total d\u2019un funcionari del grup C1<\/strong> est\u00e0 format per diferents components:<\/p>\n<div class=\"_tableContainer_1rjym_1\">\n<div class=\"group _tableWrapper_1rjym_13 flex w-fit flex-col-reverse\" tabindex=\"-1\">\n<table class=\"w-fit min-w-(--thread-content-width)\" data-start=\"2479\" data-end=\"3111\">\n<thead data-start=\"2479\" data-end=\"2534\">\n<tr data-start=\"2479\" data-end=\"2534\">\n<th data-start=\"2479\" data-end=\"2501\" data-col-size=\"sm\">Tipus de complement<\/th>\n<th data-start=\"2501\" data-end=\"2514\" data-col-size=\"md\">Descripci\u00f3<\/th>\n<th data-start=\"2514\" data-end=\"2534\" data-col-size=\"sm\">Import aproximat<\/th>\n<\/tr>\n<\/thead>\n<tbody data-start=\"2593\" data-end=\"3111\">\n<tr data-start=\"2593\" data-end=\"2667\">\n<td data-start=\"2593\" data-end=\"2608\" data-col-size=\"sm\"><strong data-start=\"2595\" data-end=\"2607\">Sou base<\/strong><\/td>\n<td data-start=\"2608\" data-end=\"2654\" data-col-size=\"md\">Fixat pels Pressupostos Generals de l\u2019Estat<\/td>\n<td data-start=\"2654\" data-end=\"2667\" data-col-size=\"sm\">970 \u20ac\/mes<\/td>\n<\/tr>\n<tr data-start=\"2668\" data-end=\"2762\">\n<td data-start=\"2668\" data-end=\"2699\" data-col-size=\"sm\"><strong data-start=\"2670\" data-end=\"2698\">Complement de destinaci\u00f3<\/strong><\/td>\n<td data-start=\"2699\" data-end=\"2743\" data-col-size=\"md\">Dep\u00e8n del nivell del lloc (nivells 15-22)<\/td>\n<td data-start=\"2743\" data-end=\"2762\" data-col-size=\"sm\">250 \u2013 500 \u20ac\/mes<\/td>\n<\/tr>\n<tr data-start=\"2763\" data-end=\"2863\">\n<td data-start=\"2763\" data-end=\"2790\" data-col-size=\"sm\"><strong data-start=\"2765\" data-end=\"2789\">Complement espec\u00edfic<\/strong><\/td>\n<td data-start=\"2790\" data-end=\"2844\" data-col-size=\"md\">Recompensa la dificultat o responsabilitat del lloc<\/td>\n<td data-start=\"2844\" data-end=\"2863\" data-col-size=\"sm\">200 \u2013 600 \u20ac\/mes<\/td>\n<\/tr>\n<tr data-start=\"2864\" data-end=\"2928\">\n<td data-start=\"2864\" data-end=\"2879\" data-col-size=\"sm\"><strong data-start=\"2866\" data-end=\"2878\">Triennis<\/strong><\/td>\n<td data-start=\"2879\" data-end=\"2912\" data-col-size=\"md\">Suma per cada 3 anys de servei<\/td>\n<td data-start=\"2912\" data-end=\"2928\" data-col-size=\"sm\">35 \u20ac\/trienni<\/td>\n<\/tr>\n<tr data-start=\"2929\" data-end=\"3031\">\n<td data-start=\"2929\" data-end=\"2958\" data-col-size=\"sm\"><strong data-start=\"2931\" data-end=\"2957\">Pagues extraordin\u00e0ries<\/strong><\/td>\n<td data-start=\"2958\" data-end=\"2991\" data-col-size=\"md\">Dues a l\u2019any (juny i desembre)<\/td>\n<td data-start=\"2991\" data-end=\"3031\" data-col-size=\"sm\">Equivalents al sou base + destinaci\u00f3<\/td>\n<\/tr>\n<tr data-start=\"3032\" data-end=\"3111\">\n<td data-start=\"3032\" data-end=\"3057\" data-col-size=\"sm\"><strong data-start=\"3034\" data-end=\"3056\">Altres complements<\/strong><\/td>\n<td data-start=\"3057\" data-end=\"3099\" data-col-size=\"md\">Productivitat, nocturnitat, torns, etc.<\/td>\n<td data-start=\"3099\" data-end=\"3111\" data-col-size=\"sm\">Variable<\/td>\n<\/tr>\n<\/tbody>\n<\/table>\n<\/div>\n<\/div>\n<p data-start=\"3113\" data-end=\"3270\">En total, el <strong data-start=\"3129\" data-end=\"3176\">sou mensual net d\u2019un funcionari del grup C1<\/strong> pot oscil\u00b7lar entre <strong data-start=\"3197\" data-end=\"3216\">1.500 i 1.900 \u20ac<\/strong>, segons el lloc de treball i els anys d\u2019antiguitat.<\/p>\n<h2 data-start=\"3277\" data-end=\"3310\">\u00a0<\/h2>\n<h2 data-start=\"3277\" data-end=\"3310\">Exemple de n\u00f2mina mensual<\/h2>\n<p data-start=\"3312\" data-end=\"3466\">Per fer-nos una idea m\u00e9s clara, veiem un exemple d\u2019un <strong data-start=\"3366\" data-end=\"3414\">funcionari C1 de la Generalitat de Catalunya<\/strong> amb 6 anys d\u2019antiguitat i destinaci\u00f3 a Barcelona:<\/p>\n<div class=\"_tableContainer_1rjym_1\">\n<div class=\"group _tableWrapper_1rjym_13 flex w-fit flex-col-reverse\" tabindex=\"-1\">\n<table class=\"w-fit min-w-(--thread-content-width)\" data-start=\"3468\" data-end=\"3796\">\n<thead data-start=\"3468\" data-end=\"3505\">\n<tr data-start=\"3468\" data-end=\"3505\">\n<th data-start=\"3468\" data-end=\"3480\" data-col-size=\"sm\">Conceptes<\/th>\n<th data-start=\"3480\" data-end=\"3505\" data-col-size=\"sm\">Import brut aproximat<\/th>\n<\/tr>\n<\/thead>\n<tbody data-start=\"3545\" data-end=\"3796\">\n<tr data-start=\"3545\" data-end=\"3565\">\n<td data-start=\"3545\" data-end=\"3556\" data-col-size=\"sm\">Sou base<\/td>\n<td data-start=\"3556\" data-end=\"3565\" data-col-size=\"sm\">970 \u20ac<\/td>\n<\/tr>\n<tr data-start=\"3566\" data-end=\"3614\">\n<td data-start=\"3566\" data-end=\"3605\" data-col-size=\"sm\">Complement de destinaci\u00f3 (nivell 18)<\/td>\n<td data-start=\"3605\" data-end=\"3614\" data-col-size=\"sm\">370 \u20ac<\/td>\n<\/tr>\n<tr data-start=\"3615\" data-end=\"3647\">\n<td data-start=\"3615\" data-end=\"3638\" data-col-size=\"sm\">Complement espec\u00edfic<\/td>\n<td data-start=\"3638\" data-end=\"3647\" data-col-size=\"sm\">400 \u20ac<\/td>\n<\/tr>\n<tr data-start=\"3648\" data-end=\"3671\">\n<td data-start=\"3648\" data-end=\"3663\" data-col-size=\"sm\">Triennis (2)<\/td>\n<td data-start=\"3663\" data-end=\"3671\" data-col-size=\"sm\">70 \u20ac<\/td>\n<\/tr>\n<tr data-start=\"3672\" data-end=\"3704\">\n<td data-start=\"3672\" data-end=\"3696\" data-col-size=\"sm\">Productivitat mitjana<\/td>\n<td data-start=\"3696\" data-end=\"3704\" data-col-size=\"sm\">60 \u20ac<\/td>\n<\/tr>\n<tr data-start=\"3705\" data-end=\"3745\">\n<td data-start=\"3705\" data-end=\"3730\" data-col-size=\"sm\"><strong data-start=\"3707\" data-end=\"3729\">Total brut mensual<\/strong><\/td>\n<td data-start=\"3730\" data-end=\"3745\" data-col-size=\"sm\"><strong data-start=\"3732\" data-end=\"3743\">1.870 \u20ac<\/strong><\/td>\n<\/tr>\n<tr data-start=\"3746\" data-end=\"3796\">\n<td data-start=\"3746\" data-end=\"3781\" data-col-size=\"sm\"><strong data-start=\"3748\" data-end=\"3780\">Sou net aproximat (amb IRPF)<\/strong><\/td>\n<td data-start=\"3781\" data-end=\"3796\" data-col-size=\"sm\"><strong data-start=\"3783\" data-end=\"3794\">1.550 \u20ac<\/strong><\/td>\n<\/tr>\n<\/tbody>\n<\/table>\n<\/div>\n<\/div>\n<h2 data-start=\"3803\" data-end=\"3845\">\u00a0<\/h2>\n<h2 data-start=\"3803\" data-end=\"3845\">Difer\u00e8ncies segons l\u2019administraci\u00f3<\/h2>\n<p data-start=\"3847\" data-end=\"3998\">Tot i que el sou base \u00e9s igual per a totes les administracions p\u00fabliques, hi ha <strong data-start=\"3927\" data-end=\"3952\">difer\u00e8ncies salarials<\/strong> segons l\u2019organisme o la comunitat aut\u00f2noma:<\/p>\n<ul data-start=\"4000\" data-end=\"4321\">\n<li data-start=\"4000\" data-end=\"4114\">\n<p data-start=\"4002\" data-end=\"4114\"><strong data-start=\"4002\" data-end=\"4031\">Generalitat de Catalunya:<\/strong> salaris m\u00e9s elevats en funcions t\u00e8cniques o de gesti\u00f3, especialment a Barcelona.<\/p>\n<\/li>\n<li data-start=\"4115\" data-end=\"4214\">\n<p data-start=\"4117\" data-end=\"4214\"><strong data-start=\"4117\" data-end=\"4146\">Administraci\u00f3 de l\u2019Estat:<\/strong> n\u00f2mines lleugerament inferiors per\u00f2 amb m\u00e9s opcions de mobilitat.<\/p>\n<\/li>\n<li data-start=\"4215\" data-end=\"4321\">\n<p data-start=\"4217\" data-end=\"4321\"><strong data-start=\"4217\" data-end=\"4255\">Administraci\u00f3 local (ajuntaments):<\/strong> poden tenir complements espec\u00edfics m\u00e9s alts segons el municipi.<\/p>\n<\/li>\n<\/ul>\n<p data-start=\"4323\" data-end=\"4436\">En alguns casos, un administratiu del grup C1 en un gran ajuntament pot arribar als <strong data-start=\"4407\" data-end=\"4433\">2.000 \u20ac mensuals bruts<\/strong>.<\/p>\n<h2 data-start=\"4443\" data-end=\"4480\">\u00a0<\/h2>\n<h2 data-start=\"4443\" data-end=\"4480\">Antiguitat i promoci\u00f3 interna<\/h2>\n<p data-start=\"4482\" data-end=\"4796\">Els funcionaris del grup C1 poden <strong data-start=\"4516\" data-end=\"4556\">augmentar el seu salari amb el temps<\/strong> gr\u00e0cies als <strong data-start=\"4569\" data-end=\"4581\">triennis<\/strong> (cada tres anys de servei).<br data-start=\"4609\" data-end=\"4612\" \/>A m\u00e9s, poden <strong data-start=\"4625\" data-end=\"4658\">ascendir per promoci\u00f3 interna<\/strong> a cossos de grup superior, com el <strong data-start=\"4693\" data-end=\"4704\">grup A2<\/strong>, que requereix estudis universitaris i ofereix sous que superen els <strong data-start=\"4773\" data-end=\"4793\">2.000 \u20ac mensuals<\/strong>.<\/p>\n<p data-start=\"4798\" data-end=\"4943\">Tamb\u00e9 existeix la possibilitat de <strong data-start=\"4832\" data-end=\"4868\">millorar el nivell de destinaci\u00f3<\/strong>, accedint a llocs amb m\u00e9s responsabilitat i millor complement espec\u00edfic.<\/p>\n<h2 data-start=\"4950\" data-end=\"4998\">\u00a0<\/h2>\n<h2 data-start=\"4950\" data-end=\"4998\">Avantatges de ser funcionari del grup C1<\/h2>\n<p data-start=\"5000\" data-end=\"5092\">A m\u00e9s del sou estable, treballar com a funcionari del grup C1 ofereix nombrosos beneficis:<\/p>\n<p data-start=\"5094\" data-end=\"5508\"><strong data-start=\"5096\" data-end=\"5120\">Estabilitat laboral:<\/strong> pla\u00e7a fixa i seguretat professional.<br data-start=\"5157\" data-end=\"5160\" \/><strong data-start=\"5162\" data-end=\"5187\">Conciliaci\u00f3 familiar:<\/strong> horaris regulars i permisos retribu\u00efts.<br data-start=\"5227\" data-end=\"5230\" \/><strong data-start=\"5232\" data-end=\"5260\">Vacances i dies lliures:<\/strong> m\u00e9s de 40 dies anuals entre vacances i assumptes propis.<br data-start=\"5317\" data-end=\"5320\" \/><strong data-start=\"5322\" data-end=\"5344\">Formaci\u00f3 cont\u00ednua:<\/strong> cursos gratu\u00efts i opcions de desenvolupament professional.<br data-start=\"5403\" data-end=\"5406\" \/><strong data-start=\"5408\" data-end=\"5457\">Pla de pensions i seguretat social garantida.<\/strong><br data-start=\"5457\" data-end=\"5460\" \/><strong data-start=\"5462\" data-end=\"5506\">Promoci\u00f3 interna i mobilitat geogr\u00e0fica.<\/strong><\/p>\n<h2 data-start=\"5515\" data-end=\"5547\">\u00a0<\/h2>\n<h2 data-start=\"5515\" data-end=\"5547\">Perspectives per al 2026<\/h2>\n<p data-start=\"5549\" data-end=\"5781\">Segons els Pressupostos i la pol\u00edtica de recursos humans de l\u2019Estat i de la Generalitat, es preveu un <strong data-start=\"5651\" data-end=\"5706\">increment salarial d\u2019entre el 2 i el 3% per al 2026<\/strong>, aix\u00ed com noves ofertes p\u00fabliques d\u2019ocupaci\u00f3 amb centenars de places C1.<\/p>\n<p data-start=\"5783\" data-end=\"5946\">Aix\u00f2 converteix el grup C1 en una <strong data-start=\"5817\" data-end=\"5841\">opci\u00f3 molt atractiva<\/strong> per a opositors que busquen estabilitat, bon sou i oportunitats de creixement dins de l\u2019Administraci\u00f3.<\/p>\n<p data-start=\"5975\" data-end=\"6173\">El <strong data-start=\"5978\" data-end=\"6013\">sou d\u2019un funcionari del grup C1<\/strong> \u00e9s un dels m\u00e9s equilibrats dins de la funci\u00f3 p\u00fablica: estable, competitiu i amb m\u00faltiples complements que permeten augmentar els ingressos amb l\u2019experi\u00e8ncia.<\/p>\n<p data-start=\"6175\" data-end=\"6341\">Amb un <strong data-start=\"6182\" data-end=\"6225\">sou net mensual d\u2019entre 1.500 i 1.900 \u20ac<\/strong>, m\u00e9s dues pagues extra i diversos beneficis socials, \u00e9s una de les categories m\u00e9s sol\u00b7licitades a les oposicions.<\/p>\n<p data-start=\"6343\" data-end=\"6596\">Si est\u00e0s pensant a preparar una oposici\u00f3 per accedir al grup C1, \u00e9s recomanable fer-ho amb una <strong data-start=\"6438\" data-end=\"6465\">acad\u00e8mia especialitzada<\/strong>, com <strong data-start=\"6471\" data-end=\"6488\">Centre Innova<\/strong>, que ofereix temaris actualitzats, simulacres i assessorament personalitzat per aconseguir la teva pla\u00e7a.<\/p>\n<p>[\/et_pb_text][\/et_pb_column][et_pb_column type=&#8221;2_5&#8243; _builder_version=&#8221;4.16&#8243; _module_preset=&#8221;default&#8221; global_colors_info=&#8221;{}&#8221;][et_pb_code admin_label=&#8221;formulario&#8221; _builder_version=&#8221;4.27.4&#8243; _module_preset=&#8221;default&#8221; global_module=&#8221;26217&#8243; saved_tabs=&#8221;all&#8221; global_colors_info=&#8221;{}&#8221;]<img decoding=\"async\" src=\"https:\/\/www.practicbcn.com\/wp-content\/uploads\/2025\/07\/OFERTA-ESPECIAL-OPOSICIONES-VERANO-2025-scaled.jpg\"><!\u2013- [et_pb_br_holder] -\u2013><!-- [et_pb_line_break_holder] --><\/p>\n<h3><strong>Solicita informaci\u00f3n sin compromiso<\/strong><\/h3>\n<p><\/center><!\u2013- [et_pb_br_holder] -\u2013><!-- [et_pb_line_break_holder] --><iframe loading=\"lazy\" src=\"https:\/\/www.practicbcn.com\/formulario\/form.php\" width=\"400\" height=\"650\" frameborder=\"0\" scrolling=\"no\"><\/iframe>[\/et_pb_code][et_pb_text admin_label=&#8221;opiniones&#8221; _builder_version=&#8221;4.27.4&#8243; _module_preset=&#8221;default&#8221; global_module=&#8221;26218&#8243; saved_tabs=&#8221;all&#8221; global_colors_info=&#8221;{}&#8221;]<\/p>\n<h3 style=\"text-align: center;\"><strong>OPINIONES<\/strong><\/h3>\n<p><img loading=\"lazy\" decoding=\"async\" class=\"wp-image-26215 alignnone size-full\" src=\"https:\/\/www.practicbcn.com\/wp-content\/uploads\/2025\/05\/5.png.webp\" alt=\"\" width=\"96\" height=\"15\" \/><br \/>Daros las gracias por este a\u00f1o de formaci\u00f3n, por vuestra atenci\u00f3n y profesionalidad. He conseguido un sue\u00f1o. La semana que viene firmo mi contrato con Correos. Os recomiendo sin duda alguna este centro de formaci\u00f3n.<\/p>\n<p><strong>Alberto L\u00f3pez<\/strong><\/p>\n<p>&nbsp;<\/p>\n<p><img loading=\"lazy\" decoding=\"async\" class=\"wp-image-26215 alignnone size-full\" src=\"https:\/\/www.practicbcn.com\/wp-content\/uploads\/2025\/05\/5.png.webp\" alt=\"\" width=\"96\" height=\"15\" \/><br \/>Muy buena atenci\u00f3n y genial preparaci\u00f3n para las oposiciones.<br \/>El personal es muy atento y competente, ofreciendo un servicio de calidad.<br \/>Te proporcionan las herramientas necesarias para presentarte a la oposici\u00f3n y poder obtener un resultado satisfactorio<\/p>\n<p><strong>Marc Lloren\u00e7<\/strong><\/p>\n<p>&nbsp;<\/p>\n<p><img loading=\"lazy\" decoding=\"async\" class=\"wp-image-26215 alignnone size-full\" src=\"https:\/\/www.practicbcn.com\/wp-content\/uploads\/2025\/05\/5.png.webp\" alt=\"\" width=\"96\" height=\"15\" \/><br \/>Llevo unos meses como alumna y mi experiencia es excelente. Estoy muy agradecida porque los profesores hacen un seguimiento personalizado y resuelven todas las dudas. Adem\u00e1s, ponen a nuestra disposici\u00f3n todo el material necesario, de forma bien organizada, para que la formaci\u00f3n sea completa y disponible en cualquier horario.<\/p>\n<p><strong>Silvia<\/strong><\/p>\n<p>&nbsp;<\/p>\n<p>[\/et_pb_text][\/et_pb_column][\/et_pb_row][\/et_pb_section]<\/p>\n","protected":false},"excerpt":{"rendered":"<p>Tens dubtes sobre qu\u00e8 \u00e9s un subaltern? Quines funcions desenvolupa? Si necessita alguna habilitat o capacitat espec\u00edfica? Coneix aqu\u00ed tot i m\u00e9s sobre els subalterns i el proc\u00e9s de les seves oposicions.<\/p>\n","protected":false},"author":3,"featured_media":26778,"comment_status":"closed","ping_status":"closed","sticky":false,"template":"","format":"standard","meta":{"_et_pb_use_builder":"on","_et_pb_old_content":"<p>[et_pb_section fb_built=\"1\" _builder_version=\"4.16\" _module_preset=\"default\" global_colors_info=\"{}\"][et_pb_row _builder_version=\"4.16\" _module_preset=\"default\" global_colors_info=\"{}\" column_structure=\"3_5,2_5\"][et_pb_column type=\"3_5\" _builder_version=\"4.16\" _module_preset=\"default\" global_colors_info=\"{}\"][et_pb_text _builder_version=\"4.16\" _module_preset=\"default\" global_colors_info=\"{}\"]<\/p><p style=\"text-align: justify;\"><span style=\"font-size: 12pt;\"><span style=\"font-weight: 400;\">Quan pensem en les<\/span><strong><em>f uncions del subaltern<\/em><\/strong><span style=\"font-weight: 400;\">, ens ve al capdavant la vigil\u00e0ncia d'un edifici p\u00fablic i el seu manteniment. Per\u00f2 ser subaltern \u00e9s molt m\u00e9s que aix\u00f2<\/span><\/span><\/p><p style=\"text-align: justify;\"><span style=\"font-weight: 400; font-size: 12pt;\">La seva professi\u00f3 suposa un servei i atenci\u00f3 al p\u00fablic. Amb diverses tasques importants. Si vols con\u00e8ixer el lloc de subaltern: funcions, compet\u00e8ncies i oposicions a superar per fer-te amb una pla\u00e7a, continua llegint aquest post.<\/span><\/p><p>\u00a0<\/p><h2 style=\"text-align: justify;\"><span style=\"font-weight: 400;\">A qu\u00e8 es dedica un subaltern?<\/span><\/h2><p style=\"text-align: justify;\"><img class=\"alignright wp-image-13029 size-full\" style=\"text-align: justify;\" src=\"https:\/\/www.practicbcn.com\/wp-content\/uploads\/2021\/03\/POST-08_03_2021-12_03_2021.png\" alt=\"funcions-del-subaltern\" width=\"500\" height=\"310\" \/><\/p><p style=\"text-align: justify;\"><span style=\"font-size: 12pt;\"><span style=\"font-weight: 400;\">Abans de comen\u00e7ar a<\/span> <span style=\"font-weight: 400;\">estudiar les oposicions de subaltern<\/span><span style=\"font-weight: 400;\">, et recomanem que coneguis en qu\u00e8 consisteix el seu treball.<\/span><\/span><\/p><p style=\"text-align: justify;\"><span style=\"font-size: 12pt;\"><span style=\"font-weight: 400;\">En primer lloc, has de saber que com a subaltern ser\u00e0s un<\/span> <b>funcionari p\u00fablic.<\/b><span style=\"font-weight: 400;\">. T'encarregar\u00e0s de la gesti\u00f3, el control i la vigil\u00e0ncia d'ajuntaments, diputacions, centres c\u00edvics, museus\u2026<\/span><\/span><\/p><p style=\"text-align: justify;\"><span style=\"font-weight: 400; font-size: 12pt;\">Assumir\u00e0s tasques importants. La teva missi\u00f3 \u00e9s el correcte funcionament de la instituci\u00f3. Per\u00f2 a m\u00e9s ser\u00e0s la cara visible d'aquesta. Els visitants i usuaris dirigiran els seus dubtes cap a tu. Ja que ets al primer que veuran.<\/span><\/p><p style=\"text-align: justify;\"><span style=\"font-weight: 400; font-size: 12pt;\">Les <strong>funcions del subaltern<\/strong> poden variar. En funci\u00f3 del lloc al qual siguis destinat, tindr\u00e0s unes prioritats o altres. Fins i tot pot canviar depenent de la comunitat aut\u00f2noma.<\/span><\/p><p style=\"text-align: justify;\"><span style=\"font-weight: 400; font-size: 12pt;\">Per\u00f2 existeixen diverses funcions, que haur\u00e0s de realitzar independentment del teu dest\u00ed.<\/span><\/p><p>\u00a0<\/p><h2 style=\"text-align: justify;\"><span style=\"font-weight: 400;\">Quines s\u00f3n les principals funcions del subaltern?<\/span><\/h2><p>\u00a0<\/p><ul><li style=\"text-align: justify;\"><span style=\"font-size: 12pt;\"><b>Assegurar les instal\u00b7lacions, el mobiliari i el material.<\/b><span style=\"font-weight: 400;\"> Com a subaltern haur\u00e0s de garantir l'ordre i el bon \u00fas de les instal\u00b7lacions. En altres paraules, evitar les males pr\u00e0ctiques dels visitants per a la conservaci\u00f3 de la infraestructura.<\/span><\/span><\/li><li style=\"text-align: justify;\"><span style=\"font-size: 12pt;\"><b>Vigilar l'edifici.<\/b><span style=\"font-weight: 400;\"> Et pots encarregar de l'entrada al recinte. A m\u00e9s de controlar a les persones que accedeixen a les instal\u00b7lacions, informar-les quan tinguin dubtes i cridar la seva atenci\u00f3 quan no es comportin.<\/span><\/span><\/li><li style=\"text-align: justify;\"><span style=\"font-size: 12pt;\"><b>Rebre i distribuir documents, objectius i correspond\u00e8ncia.<\/b><span style=\"font-weight: 400;\"> Haur\u00e0s d'estar atent a la recepci\u00f3 de cartes, documents\u2026 A m\u00e9s de lliurar-los als seus destinataris o departaments corresponents dins de la instituci\u00f3.<\/span><\/span><\/li><li style=\"text-align: justify;\"><span style=\"font-size: 12pt;\"><b>Custodiar les claus de despatxos i oficines.<\/b><span style=\"font-weight: 400;\"> Tindr\u00e0s acc\u00e9s a totes les sales de l'edifici, per la qual cosa deur\u00e0s saber quina sala obre cada clau. Aix\u00ed com tenir-les sempre a m\u00e0, per si cal disposar d'elles.<\/span><\/span><\/li><li style=\"text-align: justify;\"><span style=\"font-size: 12pt;\"><b>Resoldre els dubtes dels usuaris.<\/b><span style=\"font-weight: 400;\"> L'atenci\u00f3 al p\u00fablic \u00e9s una labor important, haur\u00e0s de tractar de resoldre tots els dubtes que els usuaris tinguin de les depend\u00e8ncies p\u00fabliques, o saber orientar-los a les persones que resoldran els seus dubtes.<\/span><\/span><\/li><li style=\"text-align: justify;\"><span style=\"font-size: 12pt;\"><b>Con\u00e8ixer l'inventari i controlar les seves exist\u00e8ncies<\/b><span style=\"font-weight: 400;\">. Haur\u00e0s de portar un control dels materials i provisions fonamentals.<\/span><\/span><\/li><li style=\"text-align: justify;\"><span style=\"font-size: 12pt;\"><b>Utilitzar fotocopiadores.<\/b><span style=\"font-weight: 400;\"> La funci\u00f3 de reprografia \u00e9s teva. T'encarregar\u00e0s de fotocopiar i enquadernar quan calgui.<\/span><\/span><\/li><li style=\"text-align: justify;\"><span style=\"font-size: 12pt;\"><b>Trasllat de material o mobiliari.<\/b><span style=\"font-weight: 400;\"> L'\u00faltima funci\u00f3 general que far\u00e0s ser\u00e0 col\u00b7locar o recol\u00b7locar material i mobiliari per habilitar sales i crear espai quan se celebrin actes p\u00fablics.<\/span><\/span><\/li><\/ul><p>\u00a0<\/p><p style=\"text-align: center;\">[bctt tweet=\"Tens dubtes sobre qu\u00e8 \u00e9s un subaltern? Quines funcions desenvolupa? Si necessita alguna habilitat o capacitat espec\u00edfica? Coneix aqu\u00ed tot i m\u00e9s sobre els subalterns i el proc\u00e9s de les oposicions.\" username=\"practicbcn\"]<\/p><p>\u00a0<\/p><h2 style=\"text-align: justify;\"><span style=\"font-weight: 400;\">Oposicions Subaltern<\/span><\/h2><p>\u00a0<\/p><p style=\"text-align: justify;\"><span style=\"font-size: 12pt;\"><span style=\"font-weight: 400;\">Si est\u00e0s capacitat per realitzar les <strong>funcions del subaltern<\/strong> i desitges treballar en una entitat p\u00fablica amb una ocupaci\u00f3 fixa, \u00e9s hora que et preparis les oposicions. Per con\u00e8ixer tot sobre el proc\u00e9s selectiu et recomanem que consultis l'<\/span><span style=\"font-weight: 400;\">apartat de subaltern en la web de la Generalitat.<\/span><\/span><\/p><p style=\"text-align: justify;\"><span style=\"font-weight: 400; font-size: 12pt;\">Per a aix\u00f2 haur\u00e0s d'estudiar un temari compost de quatre blocs, on adquirir\u00e0s coneixements de dret constitucional, administratiu, la llei de r\u00e8gim local, prevenci\u00f3 de riscos laborals i cultura general. La fase d'oposici\u00f3 consta de dues proves. Seguida d'una fase de concurs.<\/span><\/p><p>\u00a0<\/p><h3 style=\"text-align: justify;\"><span style=\"font-weight: 400;\">Primera prova<\/span><\/h3><p>\u00a0<\/p><p style=\"text-align: justify;\"><span style=\"font-weight: 400; font-size: 12pt;\">L'examen de l'oposici\u00f3 est\u00e0 compost per tres exercicis que has de superar:<\/span><\/p><ol style=\"text-align: justify;\"><li><span style=\"font-weight: 400; font-size: 12pt;\">Un q\u00fcestionari tipus test, amb preguntes alternatives sobretot el programa (el temari de l'oposici\u00f3).<\/span><\/li><li><span style=\"font-weight: 400; font-size: 12pt;\">Un exercici escrit, on haur\u00e0s de contestar a preguntes de cultura general i algun exercici de matem\u00e0tiques.<\/span><\/li><li><span style=\"font-weight: 400; font-size: 12pt;\">Resoldre diversos sup\u00f2sits pr\u00e0ctics, relacionats amb les <strong>funcions del subaltern<\/strong>.<\/span><\/li><\/ol><p style=\"text-align: justify;\"><span style=\"font-weight: 400; font-size: 12pt;\">Recorda que tots aquests exercicis s\u00f3n obligatoris i eliminatoris, per la qual cosa per aconseguir la teva pla\u00e7a m\u00ednim haur\u00e0s d'aprovar totes les parts.<\/span><\/p><p>\u00a0<\/p><h3 style=\"text-align: justify;\"><span style=\"font-weight: 400;\">Segona prova<\/span><\/h3><p>\u00a0<\/p><p style=\"text-align: justify;\"><span style=\"font-weight: 400; font-size: 12pt;\">La segona prova de les oposicions de subaltern estar\u00e0 formada per ex\u00e0mens de llengua catalana i castellana.<\/span><\/p><p style=\"text-align: justify;\"><span style=\"font-weight: 400; font-size: 12pt;\">Aquests ex\u00e0mens no haur\u00e0s de realitzar-los si pots acreditar un nivell B2 de catal\u00e0. I si disposes de la nacionalitat espanyola.<\/span><\/p><ul><li style=\"text-align: justify;\"><span style=\"font-size: 12pt;\"><span style=\"font-weight: 400;\">Prova de coneixements de la llengua catalana. \u00c9s aquest exercici, haur\u00e0s de redactar una carta formal de 100 paraules, una nota de 50 i resoldre diversos exercicis de gram\u00e0tica i vocabulari. <\/span><\/span><span style=\"font-weight: 400; font-size: 12pt;\">A m\u00e9s, haur\u00e0s de llegir un text en veu alta, i mantenir una petita conversa.<\/span><\/li><li style=\"text-align: justify;\"><span style=\"font-size: 12pt;\"><span style=\"font-weight: 400;\">Prova de coneixements del castell\u00e0. Aquest exercici \u00e9s m\u00e9s simple. \u00danicament haur\u00e0s de fer una redacci\u00f3 de 150 paraules en 45 minuts i mantenir una conversa de 15 amb el tribunal qualificador.<\/span><\/span><\/li><\/ul><p style=\"text-align: justify;\"><span style=\"font-weight: 400; font-size: 12pt;\">Com aquestes proves no s\u00f3n obligat\u00f2ries per tothom, la seva qualificaci\u00f3 no ser\u00e0 per punts. Si no que es valorar\u00e0 entre apte i no apte.<\/span><\/p><p>\u00a0<\/p><h3 style=\"text-align: justify;\"><span style=\"font-weight: 400;\">Concurs de m\u00e8rits<\/span><\/h3><p>\u00a0<\/p><p style=\"text-align: justify;\"><span style=\"font-weight: 400; font-size: 12pt;\">Una vegada acabada la fase d'ex\u00e0mens, el Tribunal valorar\u00e0 els m\u00e8rits aportats a les oposicions.<\/span><\/p><p style=\"text-align: justify;\"><span style=\"font-weight: 400; font-size: 12pt;\">En funci\u00f3 dels m\u00e8rits que lliuris podr\u00e0s <b>puntuar fins a 66,6 punts<\/b>. Es valorar\u00e0 l'experi\u00e8ncia en llocs similars. A m\u00e9s tamb\u00e9 seran valorades les teves compet\u00e8ncies tecnol\u00f2giques.<\/span><\/p><p style=\"text-align: justify;\"><span style=\"font-weight: 400; font-size: 12pt;\">Els m\u00e8rits han de ser acreditats en el termini de 10 dies h\u00e0bils des del dia que es publiquin els resultats de l'oposici\u00f3.<\/span><\/p><p>\u00a0<\/p><h2 style=\"text-align: justify;\"><span style=\"font-weight: 400;\">Requisits per complir les funcions del subaltern<\/span><\/h2><p>\u00a0<\/p><p style=\"text-align: justify;\"><span style=\"font-weight: 400; font-size: 12pt;\">Igual que la resta de funcionaris de l'estat, per treballar com a subaltern haur\u00e0s de complir uns requisits m\u00ednims, abans de presentar-te a l'oposici\u00f3:<\/span><\/p><ul><li style=\"text-align: justify;\"><span style=\"font-size: 12pt;\"><span style=\"font-weight: 400;\">Tenir nacionalitat espanyola, perm\u00eds de resid\u00e8ncia i treball o ser membre de la Uni\u00f3 Europea.<\/span><\/span><\/li><li style=\"text-align: justify;\"><span style=\"font-size: 12pt;\"><span style=\"font-weight: 400;\">Ser major d'edat i no trobar-se en edat for\u00e7osa de jubilaci\u00f3.<\/span><\/span><\/li><li style=\"text-align: justify;\"><span style=\"font-size: 12pt;\"><span style=\"font-weight: 400;\">Tenir els estudis primaris, graduat escolar, o FP de Primer Grau.<\/span><\/span><\/li><li style=\"text-align: justify;\"><span style=\"font-size: 12pt;\"><span style=\"font-weight: 400;\">No tenir limitacions f\u00edsiques o ps\u00edquiques que impedeixin l'acompliment de les<\/span> <strong>funcions del subaltern<\/strong><span style=\"font-weight: 400;\">.<\/span><\/span><\/li><li style=\"text-align: justify;\"><span style=\"font-size: 12pt;\"><span style=\"font-weight: 400;\">No haver estat separat mitjan\u00e7ant expedient disciplinari de qualsevol administraci\u00f3 p\u00fablica. Ni tampoc estar inhabilitat per l'acompliment de les funcions p\u00fabliques.<\/span><\/span><\/li><\/ul><p style=\"text-align: justify;\"><span style=\"font-weight: 400; font-size: 12pt;\">A m\u00e9s de la formaci\u00f3 m\u00ednima i l'oposici\u00f3 aprovada, haur\u00e0s de comptar amb unes certes habilitats personals.<\/span><\/p><p>\u00a0<\/p><h3 style=\"text-align: justify;\"><span style=\"font-weight: 400;\">Habilitats personals per ser subaltern<\/span><\/h3><p>\u00a0<\/p><p style=\"text-align: justify;\"><span style=\"font-weight: 400; font-size: 12pt;\">Per treballar en aquest lloc haur\u00e0s de ser una persona emp\u00e0tica, amb bons dots comunicatius.<\/span><\/p><p style=\"text-align: justify;\"><span style=\"font-weight: 400; font-size: 12pt;\">Tamb\u00e9 has de ser una persona proactiva, disposat a fer qualsevol tasca per a la qual es precisi la teva ajuda. Ser organitzat i saber gestionar b\u00e9 tot el necessari per al manteniment de l'entitat.<\/span><\/p><p style=\"text-align: justify;\"><span style=\"font-weight: 400; font-size: 12pt;\">En definitiva, si vols ser un subaltern de primera, haur\u00e0s de complir amb aquestes sis compet\u00e8ncies:<\/span><\/p><h4 style=\"text-align: justify;\"><span style=\"font-weight: 400;\">Adaptabilitat<\/span><\/h4><p>\u00a0<\/p><p style=\"text-align: justify;\"><span style=\"font-weight: 400; font-size: 12pt;\">Ser capa\u00e7 d'adaptar-te a qualsevol situaci\u00f3. Acceptar els canvis, i saber donar un nou enfocament a les rutines.<\/span><\/p><p style=\"text-align: justify;\"><span style=\"font-weight: 400; font-size: 12pt;\">Cap canvi ha d'afectar al fet que realitzis de manera \u00f2ptima les <strong>funcions del subaltern<\/strong>.<\/span><\/p><p>\u00a0<\/p><h4 style=\"text-align: justify;\"><span style=\"font-weight: 400;\">Comprom\u00eds<\/span><\/h4><p>\u00a0<\/p><p style=\"text-align: justify;\"><span style=\"font-weight: 400; font-size: 12pt;\">Has d'estar comprom\u00e8s amb l'organitzaci\u00f3 en la qual treballes. A m\u00e9s d'amb el servei p\u00fablic que ofereixes.<\/span><\/p><p style=\"text-align: justify;\"><span style=\"font-weight: 400; font-size: 12pt;\">Per a aix\u00f2, \u00e9s necessari que comprenguis les caracter\u00edstiques de l'administraci\u00f3 p\u00fablica. Comparteixis els seus valors i duguis a terme els seus principis \u00e8tics en la teva professi\u00f3.<\/span><\/p><p>\u00a0<\/p><h4 style=\"text-align: justify;\"><span style=\"font-weight: 400;\">Comunicaci\u00f3<\/span><\/h4><p>\u00a0<\/p><p style=\"text-align: justify;\"><span style=\"font-weight: 400; font-size: 12pt;\">Has de ser capa\u00e7 de transmetre, de manera clara i concisa tot el necessari. Adaptant tu llenguatge depenent de la persona o grup de persones a les quals et dirigeixis.<\/span><\/p><p style=\"text-align: justify;\"><span style=\"font-weight: 400; font-size: 12pt;\">A m\u00e9s, has de ser pacient amb els visitants, contestar els seus dubtes, encara que tots et realitzin la mateixa, i sempre ser una persona extremadament amable amb ells.<\/span><\/p><p>\u00a0<\/p><h4 style=\"text-align: justify;\"><span style=\"font-weight: 400;\">Organitzaci\u00f3 i planificaci\u00f3<\/span><\/h4><p>\u00a0<\/p><p style=\"text-align: justify;\"><span style=\"font-weight: 400; font-size: 12pt;\">S\u00f3n moltes les tasques di\u00e0ries que has de realitzar. Per aix\u00f2, has de tenir criteri i saber organitzar-te.<\/span><\/p><p style=\"text-align: justify;\"><span style=\"font-weight: 400; font-size: 12pt;\">Recorda sempre classificar les tasques en funci\u00f3 de les prioritats, i posar terminis per a complir-les.<\/span><\/p><p>\u00a0<\/p><h4 style=\"text-align: justify;\"><span style=\"font-weight: 400;\">Prevenir i solucionar conflictes<\/span><\/h4><p>\u00a0<\/p><p style=\"text-align: justify;\"><span style=\"font-weight: 400; font-size: 12pt;\">Has de saber controlar el teu comportament en situacions delicades. A vegades pots viure situacions l\u00edmits que et portin a l'estr\u00e8s i l'ansietat.<\/span><\/p><p style=\"text-align: justify;\"><span style=\"font-weight: 400; font-size: 12pt;\">Has d'aparentar calma sempre, i intervenir en aquells problemes que ho requereixin. Per als visitants ets una figura d'autoritat, i has de saber fer-te valer quan es genera un conflicte amb ells.<\/span><\/p><p>\u00a0<\/p><h4 style=\"text-align: justify;\"><span style=\"font-weight: 400;\">Treball en equip<\/span><\/h4><p>\u00a0<\/p><p style=\"text-align: justify;\"><span style=\"font-weight: 400; font-size: 12pt;\">Finalment, \u00e9s vital per ocupar aquest lloc saber treballar en equip i col\u00b7laborar amb el grup. Una actitud participativa, dinamitzar\u00e0 el teu treball, i el facilitar\u00e0.<\/span><\/p><p style=\"text-align: justify;\"><span style=\"font-weight: 400; font-size: 12pt;\">Ha d'existir una bona cohesi\u00f3 entre els teus companys i tu.<\/span><\/p><p>\u00a0<\/p><h2 style=\"text-align: justify;\"><span style=\"font-weight: 400;\">Apr\u00e8n les funcions del subaltern amb Pr\u00e0ctic<\/span><\/h2><p>\u00a0<\/p><p style=\"text-align: justify;\"><span style=\"font-weight: 400; font-size: 12pt;\">Aconseguir un treball per a tota la vida, ben remunerat i amb vacances, \u00e9s a les teves mans. I a Pr\u00e0ctic volem ajudar-te.<\/span><\/p><p style=\"text-align: justify;\"><span style=\"font-weight: 400; font-size: 12pt;\">Si compleixes amb els requisits i aptituds per pert\u00e0nyer al cos de subalterns de la Generalitat, no el dubtis m\u00e9s!<\/span><\/p><p style=\"text-align: justify;\"><span style=\"font-weight: 400; font-size: 12pt;\"><b>Apunta't a Pr\u00e0ctic<\/b> i aconsegueix el millor temari per aprovar l'oposici\u00f3. A m\u00e9s, estar\u00e0s guiat per un grup de professionals experts en la mat\u00e8ria que t'ajudaran a treure la millor nota en l'examen.<\/span><\/p><p style=\"text-align: justify;\"><span style=\"font-weight: 400; font-size: 12pt;\">No t'ho pensis m\u00e9s, demana m\u00e9s informaci\u00f3 emplenant el seg\u00fcent formulari i deixa que t'ajudem a aconseguir la teva pla\u00e7a de funcionari.<\/span><\/p><p>[\/et_pb_text][\/et_pb_column][et_pb_column type=\"2_5\" _builder_version=\"4.16\" _module_preset=\"default\" global_colors_info=\"{}\"][et_pb_code admin_label=\"Cup\u00f3\" _builder_version=\"4.27.4\" _module_preset=\"default\" global_colors_info=\"{}\" global_module=\"26264\" theme_builder_area=\"post_content\"]<\/p><center><\/center><h3><strong>Demana informaci\u00f3 sense comprom\u00eds<\/strong><\/h3><p><br \/><!-- [et_pb_line_break_holder] --><iframe src=\"https:\/\/www.practicbcn.com\/formulario\/form.php\" width=\"400\" height=\"650\" frameborder=\"0\" scrolling=\"no\" data-mce-fragment=\"1\"><\/iframe>[\/et_pb_code][et_pb_text admin_label=\"opinions\" _builder_version=\"4.27.4\" _module_preset=\"default\" global_colors_info=\"{}\" global_module=\"26265\" theme_builder_area=\"post_content\"]<\/p><h3 style=\"text-align: center;\"><strong>OPINIONS<\/strong><\/h3><p><img class=\"wp-image-26215 alignnone size-full\" src=\"https:\/\/www.practicbcn.com\/wp-content\/uploads\/2025\/05\/5.png.webp\" alt=\"\" width=\"96\" height=\"15\" \/><br \/>Donar-vos les gr\u00e0cies per aquest any de formaci\u00f3, per la vostra atenci\u00f3 i professionalitat. He aconseguit un somni. La setmana que ve signo el meu contracte amb Correus. Us recomano sens dubte aquest centre de formaci\u00f3.<\/p><p><strong>Alberto L\u00f3pez<\/strong><\/p><p>\u00a0<\/p><p><img class=\"wp-image-26215 alignnone size-full\" src=\"https:\/\/www.practicbcn.com\/wp-content\/uploads\/2025\/05\/5.png.webp\" alt=\"\" width=\"96\" height=\"15\" \/><br \/>Molt bona atenci\u00f3 i genial preparaci\u00f3 per a les oposicions.<br \/>El personal \u00e9s molt atent i competent, oferint un servei de qualitat.<br \/>Et proporcionen les eines necess\u00e0ries per presentar-te a l'oposici\u00f3 i poder obtenir un resultat satisfactori<\/p><p><strong>Marc Lloren\u00e7<\/strong><\/p><p>\u00a0<\/p><p><img class=\"wp-image-26215 alignnone size-full\" src=\"https:\/\/www.practicbcn.com\/wp-content\/uploads\/2025\/05\/5.png.webp\" alt=\"\" width=\"96\" height=\"15\" \/><br \/>Porto uns mesos com a alumna i la meva experi\u00e8ncia \u00e9s excel\u00b7lent. Estic molt agra\u00efda perqu\u00e8 els professors fan un seguiment personalitzat i resolen tots els dubtes. A m\u00e9s, posen a la nostra disposici\u00f3 tot el material necessari, de manera ben organitzada, perqu\u00e8 la formaci\u00f3 sigui completa i disponible en qualsevol horari.<\/p><p><strong>Silvia<\/strong><\/p><p>\u00a0<\/p><p>[\/et_pb_text][\/et_pb_column][\/et_pb_row][\/et_pb_section][et_pb_section fb_built=\"1\" _builder_version=\"4.16\" _module_preset=\"default\" background_color=\"#009aa5\" min_height=\"254.9px\" custom_margin=\"||||false|false\" custom_padding=\"0px||0px||true|false\" top_divider_height_tablet=\"\" top_divider_height_phone=\"\" top_divider_height_last_edited=\"on|phone\" locked=\"off\" global_colors_info=\"{}\"][et_pb_row column_structure=\"1_3,1_3,1_3\" use_custom_gutter=\"on\" gutter_width=\"1\" make_equal=\"on\" _builder_version=\"4.16\" _module_preset=\"default\" width=\"100%\" max_width=\"2560px\" min_height=\"257.9px\" custom_margin=\"||||false|false\" custom_padding=\"0px||0px||false|false\" global_colors_info=\"{}\"][et_pb_column type=\"1_3\" _builder_version=\"4.16\" _module_preset=\"default\" global_colors_info=\"{}\"][et_pb_image src=\"https:\/\/www.practicbcn.com\/wp-content\/uploads\/2021\/08\/circulo-06_2-06.png\" alt=\"practic-barcelona-oposiciones\" title_text=\"practic-barcelona-oposiciones\" src_tablet=\"https:\/\/www.practicbcn.com\/wp-content\/uploads\/2021\/09\/practic-barcelona-oposiciones.png\" src_phone=\"https:\/\/www.practicbcn.com\/wp-content\/uploads\/2021\/09\/practic-barcelona-oposiciones.png\" src_last_edited=\"on|tablet\" _builder_version=\"4.16\" _module_preset=\"default\" custom_margin=\"||||false|false\" custom_margin_tablet=\"||0px||false|false\" custom_margin_phone=\"||0px||false|false\" custom_margin_last_edited=\"on|tablet\" global_colors_info=\"{}\"][\/et_pb_image][\/et_pb_column][et_pb_column type=\"1_3\" _builder_version=\"4.16\" _module_preset=\"default\" global_colors_info=\"{}\"][et_pb_text _builder_version=\"4.19.1\" _module_preset=\"default\" header_font=\"Montserrat||||||||\" header_2_font=\"Montserrat|900|||||||\" header_2_text_align=\"center\" header_2_text_color=\"#FFFFFF\" header_2_font_size=\"50px\" header_2_line_height=\"1.2em\" custom_margin=\"105px|-63px|105px|-134px|true|false\" custom_margin_tablet=\"0px||0px||true|false\" custom_margin_phone=\"0px||0px||true|false\" custom_margin_last_edited=\"on|tablet\" custom_padding=\"|0px||||\" header_2_font_size_tablet=\"45px\" header_2_font_size_phone=\"40px\" header_2_font_size_last_edited=\"on|tablet\" global_colors_info=\"{}\"]<\/p><h2 style=\"text-align: center;\">Consigue tu pla\u00e7a amb Practic<\/h2><p>[\/et_pb_text][\/et_pb_column][et_pb_column type=\"1_3\" _builder_version=\"4.16\" _module_preset=\"default\" global_colors_info=\"{}\"][et_pb_image src=\"https:\/\/www.practicbcn.com\/wp-content\/uploads\/2021\/08\/LINEAS_2-07.png\" alt=\"Solicita informaci\u00f3n Practic Barcelona\" title_text=\"Solicita informaci\u00f3n Practic Barcelona\" _builder_version=\"4.16\" _module_preset=\"default\" custom_margin=\"37px||||false|false\" custom_margin_tablet=\"-50px||||false|false\" custom_margin_phone=\"-45px||||false|false\" custom_margin_last_edited=\"on|tablet\" global_colors_info=\"{}\"][\/et_pb_image][\/et_pb_column][\/et_pb_row][\/et_pb_section][et_pb_section fb_built=\"1\" admin_label=\"Formulario\" _builder_version=\"4.16\" _module_preset=\"default\" min_height=\"335.1px\" custom_padding=\"0px||0px||true|false\" locked=\"off\" global_colors_info=\"{}\"][et_pb_row custom_padding_last_edited=\"on|phone\" _builder_version=\"4.16\" _module_preset=\"default\" width_tablet=\"90%\" width_phone=\"90%\" width_last_edited=\"on|phone\" custom_padding_tablet=\"\" custom_padding_phone=\"0px||0px||true|false\" global_colors_info=\"{}\"][et_pb_column type=\"4_4\" _builder_version=\"4.16\" _module_preset=\"default\" global_colors_info=\"{}\"][et_pb_text _builder_version=\"4.16\" _module_preset=\"default\" text_font=\"Montserrat|900|||||||\" text_text_color=\"#009aa5\" text_font_size=\"48px\" text_line_height=\"1.2em\" header_2_font=\"Montserrat|900|||||||\" header_2_text_color=\"#009aa5\" header_2_font_size=\"46px\" text_orientation=\"center\" text_font_size_tablet=\"\" text_font_size_phone=\"23px\" text_font_size_last_edited=\"on|phone\" global_colors_info=\"{}\"]<\/p><p>Sol\u00b7licita informaci\u00f3 gratu\u00efta i sense comprom\u00eds<\/p><p>[\/et_pb_text][\/et_pb_column][\/et_pb_row][et_pb_row _builder_version=\"4.16\" _module_preset=\"default\" width_tablet=\"\" width_phone=\"100%\" width_last_edited=\"on|phone\" border_color_all=\"#000000\" global_colors_info=\"{}\"][et_pb_column type=\"4_4\" _builder_version=\"4.16\" _module_preset=\"default\" global_colors_info=\"{}\"][et_pb_code _builder_version=\"4.16\" _module_preset=\"default\" text_orientation=\"center\" global_colors_info=\"{}\"]<iframe src=\"https:\/\/www.practicbcn.com\/formulario2\/form2_cat.php\" width=\"400\" height=\"650\" frameborder=\"0\" scrolling=\"no\" data-mce-fragment=\"1\"><\/iframe>[\/et_pb_code][et_pb_toggle title=\"RGPD Llei de Protecci\u00f3 de Dades\" open_toggle_text_color=\"#000000\" open_toggle_background_color=\"#ffffff\" closed_toggle_text_color=\"#000000\" closed_toggle_background_color=\"#ffffff\" icon_color=\"#5499A3\" open_icon_color=\"#5499A3\" disabled_on=\"off|off|off\" _builder_version=\"4.16\" title_text_color=\"#000000\" body_text_color=\"#000000\" custom_margin_tablet=\"\" custom_margin_phone=\"|20px||20px|false|true\" custom_margin_last_edited=\"on|phone\" custom_padding_tablet=\"\" custom_padding_phone=\"||||false|false\" custom_padding_last_edited=\"on|phone\" z_index_tablet=\"500\" title_text_shadow_horizontal_length_tablet=\"0px\" title_text_shadow_vertical_length_tablet=\"0px\" title_text_shadow_blur_strength_tablet=\"1px\" closed_title_text_shadow_horizontal_length_tablet=\"0px\" closed_title_text_shadow_vertical_length_tablet=\"0px\" closed_title_text_shadow_blur_strength_tablet=\"1px\" body_text_shadow_horizontal_length_tablet=\"0px\" body_text_shadow_vertical_length_tablet=\"0px\" body_text_shadow_blur_strength_tablet=\"1px\" body_link_text_shadow_horizontal_length_tablet=\"0px\" body_link_text_shadow_vertical_length_tablet=\"0px\" body_link_text_shadow_blur_strength_tablet=\"1px\" body_ul_text_shadow_horizontal_length_tablet=\"0px\" body_ul_text_shadow_vertical_length_tablet=\"0px\" body_ul_text_shadow_blur_strength_tablet=\"1px\" body_ol_text_shadow_horizontal_length_tablet=\"0px\" body_ol_text_shadow_vertical_length_tablet=\"0px\" body_ol_text_shadow_blur_strength_tablet=\"1px\" body_quote_text_shadow_horizontal_length_tablet=\"0px\" body_quote_text_shadow_vertical_length_tablet=\"0px\" body_quote_text_shadow_blur_strength_tablet=\"1px\" border_color_all=\"#000000\" box_shadow_horizontal_tablet=\"0px\" box_shadow_vertical_tablet=\"0px\" box_shadow_blur_tablet=\"40px\" box_shadow_spread_tablet=\"0px\" text_shadow_horizontal_length_tablet=\"0px\" text_shadow_vertical_length_tablet=\"0px\" text_shadow_blur_strength_tablet=\"1px\" global_colors_info=\"{}\"]<\/p><p>COMPLIMENT LLEI DE PROTECCI\u00d3 DE DADES 2018 RPGD<br \/>Responsable: CENTRE FORMATIU PRACTIC UNIC BCN 774 , S.L.U CIF: B87963914<br \/>Finalitat: Proporcionar informaci\u00f3 sobre els nostres serveis.<br \/>Legitimaci\u00f3: Consentiment de l'interessat.<br \/>Destinataris: No se cediran dades a tercers, excepte obligaci\u00f3 legal.<br \/>Drets: Accedir, rectificar, suprimir les dades i altres drets, com s'explica en la informaci\u00f3 addicional.<br \/>Informaci\u00f3 addicional: <a href=\"https:\/\/www.practicbcn.com\/aviso-legal-rgpd\/\">Pol\u00edtica de privacitat i RGPD<\/a>.<\/p><p>[\/et_pb_toggle][\/et_pb_column][\/et_pb_row][\/et_pb_section]<\/p>","_et_gb_content_width":"","footnotes":""},"categories":[230,10],"tags":[],"class_list":["post-26979","post","type-post","status-publish","format-standard","has-post-thumbnail","hentry","category-generalitat","category-noticias"],"yoast_head":"<!-- This site is optimized with the Yoast SEO Premium plugin v22.8 (Yoast SEO v27.2) - https:\/\/yoast.com\/product\/yoast-seo-premium-wordpress\/ -->\n<title>Sou funcionari grup C1 - academia oposiciones Barcelona<\/title>\n<meta name=\"description\" content=\"En aquest article t\u2019expliquem quin \u00e9s el sou d\u2019un funcionari del grup C1, quins complements salarials pot rebre i com pot variar segons el lloc de destinaci\u00f3 i els anys de servei.\" \/>\n<meta name=\"robots\" content=\"index, follow, max-snippet:-1, max-image-preview:large, max-video-preview:-1\" \/>\n<link rel=\"canonical\" href=\"https:\/\/www.practicbcn.com\/ca\/sou-funcionari-grup-c1\/\" \/>\n<meta property=\"og:locale\" content=\"ca_ES\" \/>\n<meta property=\"og:type\" content=\"article\" \/>\n<meta property=\"og:title\" content=\"Sou funcionari grup C1\" \/>\n<meta property=\"og:description\" content=\"En aquest article t\u2019expliquem quin \u00e9s el sou d\u2019un funcionari del grup C1, quins complements salarials pot rebre i com pot variar segons el lloc de destinaci\u00f3 i els anys de servei.\" \/>\n<meta property=\"og:url\" content=\"https:\/\/www.practicbcn.com\/ca\/sou-funcionari-grup-c1\/\" \/>\n<meta property=\"og:site_name\" content=\"academia oposiciones Barcelona\" \/>\n<meta property=\"article:published_time\" content=\"2025-10-13T16:57:43+00:00\" \/>\n<meta property=\"article:modified_time\" content=\"2025-10-13T16:57:52+00:00\" \/>\n<meta property=\"og:image\" content=\"https:\/\/www.practicbcn.com\/wp-content\/uploads\/2025\/08\/banknotes-6856420_12801.jpg\" \/>\n\t<meta property=\"og:image:width\" content=\"1280\" \/>\n\t<meta property=\"og:image:height\" content=\"853\" \/>\n\t<meta property=\"og:image:type\" content=\"image\/jpeg\" \/>\n<meta name=\"author\" content=\"cantu\" \/>\n<meta name=\"twitter:card\" content=\"summary_large_image\" \/>\n<meta name=\"twitter:label1\" content=\"Escrit per\" \/>\n\t<meta name=\"twitter:data1\" content=\"cantu\" \/>\n\t<meta name=\"twitter:label2\" content=\"Temps estimat de lectura\" \/>\n\t<meta name=\"twitter:data2\" content=\"6 minuts\" \/>\n<script type=\"application\/ld+json\" class=\"yoast-schema-graph\">{\"@context\":\"https:\/\/schema.org\",\"@graph\":[{\"@type\":\"Article\",\"@id\":\"https:\/\/www.practicbcn.com\/ca\/sou-funcionari-grup-c1\/#article\",\"isPartOf\":{\"@id\":\"https:\/\/www.practicbcn.com\/ca\/sou-funcionari-grup-c1\/\"},\"author\":{\"name\":\"cantu\",\"@id\":\"https:\/\/www.practicbcn.com\/ca\/#\/schema\/person\/b1bf6fae906bb2caf24a3ed0699b35a1\"},\"headline\":\"Sou funcionari grup C1\",\"datePublished\":\"2025-10-13T16:57:43+00:00\",\"dateModified\":\"2025-10-13T16:57:52+00:00\",\"mainEntityOfPage\":{\"@id\":\"https:\/\/www.practicbcn.com\/ca\/sou-funcionari-grup-c1\/\"},\"wordCount\":1184,\"publisher\":{\"@id\":\"https:\/\/www.practicbcn.com\/ca\/#organization\"},\"image\":{\"@id\":\"https:\/\/www.practicbcn.com\/ca\/sou-funcionari-grup-c1\/#primaryimage\"},\"thumbnailUrl\":\"https:\/\/www.practicbcn.com\/wp-content\/uploads\/2025\/08\/banknotes-6856420_12801.jpg\",\"articleSection\":[\"generalitat\",\"noticias\"],\"inLanguage\":\"ca\"},{\"@type\":\"WebPage\",\"@id\":\"https:\/\/www.practicbcn.com\/ca\/sou-funcionari-grup-c1\/\",\"url\":\"https:\/\/www.practicbcn.com\/ca\/sou-funcionari-grup-c1\/\",\"name\":\"Sou funcionari grup C1 - academia oposiciones Barcelona\",\"isPartOf\":{\"@id\":\"https:\/\/www.practicbcn.com\/ca\/#website\"},\"primaryImageOfPage\":{\"@id\":\"https:\/\/www.practicbcn.com\/ca\/sou-funcionari-grup-c1\/#primaryimage\"},\"image\":{\"@id\":\"https:\/\/www.practicbcn.com\/ca\/sou-funcionari-grup-c1\/#primaryimage\"},\"thumbnailUrl\":\"https:\/\/www.practicbcn.com\/wp-content\/uploads\/2025\/08\/banknotes-6856420_12801.jpg\",\"datePublished\":\"2025-10-13T16:57:43+00:00\",\"dateModified\":\"2025-10-13T16:57:52+00:00\",\"description\":\"En aquest article t\u2019expliquem quin \u00e9s el sou d\u2019un funcionari del grup C1, quins complements salarials pot rebre i com pot variar segons el lloc de destinaci\u00f3 i els anys de servei.\",\"breadcrumb\":{\"@id\":\"https:\/\/www.practicbcn.com\/ca\/sou-funcionari-grup-c1\/#breadcrumb\"},\"inLanguage\":\"ca\",\"potentialAction\":[{\"@type\":\"ReadAction\",\"target\":[\"https:\/\/www.practicbcn.com\/ca\/sou-funcionari-grup-c1\/\"]}]},{\"@type\":\"ImageObject\",\"inLanguage\":\"ca\",\"@id\":\"https:\/\/www.practicbcn.com\/ca\/sou-funcionari-grup-c1\/#primaryimage\",\"url\":\"https:\/\/www.practicbcn.com\/wp-content\/uploads\/2025\/08\/banknotes-6856420_12801.jpg\",\"contentUrl\":\"https:\/\/www.practicbcn.com\/wp-content\/uploads\/2025\/08\/banknotes-6856420_12801.jpg\",\"width\":1280,\"height\":853,\"caption\":\"Taula salarial de funcionari de Correus 2026: sous i complements\"},{\"@type\":\"BreadcrumbList\",\"@id\":\"https:\/\/www.practicbcn.com\/ca\/sou-funcionari-grup-c1\/#breadcrumb\",\"itemListElement\":[{\"@type\":\"ListItem\",\"position\":1,\"name\":\"Portada\",\"item\":\"https:\/\/www.practicbcn.com\/ca\/\"},{\"@type\":\"ListItem\",\"position\":2,\"name\":\"Sou funcionari grup C1\"}]},{\"@type\":\"WebSite\",\"@id\":\"https:\/\/www.practicbcn.com\/ca\/#website\",\"url\":\"https:\/\/www.practicbcn.com\/ca\/\",\"name\":\"academia oposiciones Barcelona\",\"description\":\"academia oposiciones Barcelona PracticBCN Preparaci\u00f3n de opositores\",\"publisher\":{\"@id\":\"https:\/\/www.practicbcn.com\/ca\/#organization\"},\"potentialAction\":[{\"@type\":\"SearchAction\",\"target\":{\"@type\":\"EntryPoint\",\"urlTemplate\":\"https:\/\/www.practicbcn.com\/ca\/?s={search_term_string}\"},\"query-input\":{\"@type\":\"PropertyValueSpecification\",\"valueRequired\":true,\"valueName\":\"search_term_string\"}}],\"inLanguage\":\"ca\"},{\"@type\":\"Organization\",\"@id\":\"https:\/\/www.practicbcn.com\/ca\/#organization\",\"name\":\"Practic BCN\",\"url\":\"https:\/\/www.practicbcn.com\/ca\/\",\"logo\":{\"@type\":\"ImageObject\",\"inLanguage\":\"ca\",\"@id\":\"https:\/\/www.practicbcn.com\/ca\/#\/schema\/logo\/image\/\",\"url\":\"https:\/\/www.practicbcn.com\/wp-content\/uploads\/2018\/01\/LOGO-PRACTIC.jpg\",\"contentUrl\":\"https:\/\/www.practicbcn.com\/wp-content\/uploads\/2018\/01\/LOGO-PRACTIC.jpg\",\"width\":679,\"height\":676,\"caption\":\"Practic BCN\"},\"image\":{\"@id\":\"https:\/\/www.practicbcn.com\/ca\/#\/schema\/logo\/image\/\"}},{\"@type\":\"Person\",\"@id\":\"https:\/\/www.practicbcn.com\/ca\/#\/schema\/person\/b1bf6fae906bb2caf24a3ed0699b35a1\",\"name\":\"cantu\",\"image\":{\"@type\":\"ImageObject\",\"inLanguage\":\"ca\",\"@id\":\"https:\/\/secure.gravatar.com\/avatar\/9bf69246e68f8fa9721cc29ec236bd9daee6f76dfca26b3ddd7625676a5c2f9c?s=96&d=mm&r=g\",\"url\":\"https:\/\/secure.gravatar.com\/avatar\/9bf69246e68f8fa9721cc29ec236bd9daee6f76dfca26b3ddd7625676a5c2f9c?s=96&d=mm&r=g\",\"contentUrl\":\"https:\/\/secure.gravatar.com\/avatar\/9bf69246e68f8fa9721cc29ec236bd9daee6f76dfca26b3ddd7625676a5c2f9c?s=96&d=mm&r=g\",\"caption\":\"cantu\"}}]}<\/script>\n<!-- \/ Yoast SEO Premium plugin. -->","yoast_head_json":{"title":"Sou funcionari grup C1 - academia oposiciones Barcelona","description":"En aquest article t\u2019expliquem quin \u00e9s el sou d\u2019un funcionari del grup C1, quins complements salarials pot rebre i com pot variar segons el lloc de destinaci\u00f3 i els anys de servei.","robots":{"index":"index","follow":"follow","max-snippet":"max-snippet:-1","max-image-preview":"max-image-preview:large","max-video-preview":"max-video-preview:-1"},"canonical":"https:\/\/www.practicbcn.com\/ca\/sou-funcionari-grup-c1\/","og_locale":"ca_ES","og_type":"article","og_title":"Sou funcionari grup C1","og_description":"En aquest article t\u2019expliquem quin \u00e9s el sou d\u2019un funcionari del grup C1, quins complements salarials pot rebre i com pot variar segons el lloc de destinaci\u00f3 i els anys de servei.","og_url":"https:\/\/www.practicbcn.com\/ca\/sou-funcionari-grup-c1\/","og_site_name":"academia oposiciones Barcelona","article_published_time":"2025-10-13T16:57:43+00:00","article_modified_time":"2025-10-13T16:57:52+00:00","og_image":[{"width":1280,"height":853,"url":"https:\/\/www.practicbcn.com\/wp-content\/uploads\/2025\/08\/banknotes-6856420_12801.jpg","type":"image\/jpeg"}],"author":"cantu","twitter_card":"summary_large_image","twitter_misc":{"Escrit per":"cantu","Temps estimat de lectura":"6 minuts"},"schema":{"@context":"https:\/\/schema.org","@graph":[{"@type":"Article","@id":"https:\/\/www.practicbcn.com\/ca\/sou-funcionari-grup-c1\/#article","isPartOf":{"@id":"https:\/\/www.practicbcn.com\/ca\/sou-funcionari-grup-c1\/"},"author":{"name":"cantu","@id":"https:\/\/www.practicbcn.com\/ca\/#\/schema\/person\/b1bf6fae906bb2caf24a3ed0699b35a1"},"headline":"Sou funcionari grup C1","datePublished":"2025-10-13T16:57:43+00:00","dateModified":"2025-10-13T16:57:52+00:00","mainEntityOfPage":{"@id":"https:\/\/www.practicbcn.com\/ca\/sou-funcionari-grup-c1\/"},"wordCount":1184,"publisher":{"@id":"https:\/\/www.practicbcn.com\/ca\/#organization"},"image":{"@id":"https:\/\/www.practicbcn.com\/ca\/sou-funcionari-grup-c1\/#primaryimage"},"thumbnailUrl":"https:\/\/www.practicbcn.com\/wp-content\/uploads\/2025\/08\/banknotes-6856420_12801.jpg","articleSection":["generalitat","noticias"],"inLanguage":"ca"},{"@type":"WebPage","@id":"https:\/\/www.practicbcn.com\/ca\/sou-funcionari-grup-c1\/","url":"https:\/\/www.practicbcn.com\/ca\/sou-funcionari-grup-c1\/","name":"Sou funcionari grup C1 - academia oposiciones Barcelona","isPartOf":{"@id":"https:\/\/www.practicbcn.com\/ca\/#website"},"primaryImageOfPage":{"@id":"https:\/\/www.practicbcn.com\/ca\/sou-funcionari-grup-c1\/#primaryimage"},"image":{"@id":"https:\/\/www.practicbcn.com\/ca\/sou-funcionari-grup-c1\/#primaryimage"},"thumbnailUrl":"https:\/\/www.practicbcn.com\/wp-content\/uploads\/2025\/08\/banknotes-6856420_12801.jpg","datePublished":"2025-10-13T16:57:43+00:00","dateModified":"2025-10-13T16:57:52+00:00","description":"En aquest article t\u2019expliquem quin \u00e9s el sou d\u2019un funcionari del grup C1, quins complements salarials pot rebre i com pot variar segons el lloc de destinaci\u00f3 i els anys de servei.","breadcrumb":{"@id":"https:\/\/www.practicbcn.com\/ca\/sou-funcionari-grup-c1\/#breadcrumb"},"inLanguage":"ca","potentialAction":[{"@type":"ReadAction","target":["https:\/\/www.practicbcn.com\/ca\/sou-funcionari-grup-c1\/"]}]},{"@type":"ImageObject","inLanguage":"ca","@id":"https:\/\/www.practicbcn.com\/ca\/sou-funcionari-grup-c1\/#primaryimage","url":"https:\/\/www.practicbcn.com\/wp-content\/uploads\/2025\/08\/banknotes-6856420_12801.jpg","contentUrl":"https:\/\/www.practicbcn.com\/wp-content\/uploads\/2025\/08\/banknotes-6856420_12801.jpg","width":1280,"height":853,"caption":"Taula salarial de funcionari de Correus 2026: sous i complements"},{"@type":"BreadcrumbList","@id":"https:\/\/www.practicbcn.com\/ca\/sou-funcionari-grup-c1\/#breadcrumb","itemListElement":[{"@type":"ListItem","position":1,"name":"Portada","item":"https:\/\/www.practicbcn.com\/ca\/"},{"@type":"ListItem","position":2,"name":"Sou funcionari grup C1"}]},{"@type":"WebSite","@id":"https:\/\/www.practicbcn.com\/ca\/#website","url":"https:\/\/www.practicbcn.com\/ca\/","name":"academia oposiciones Barcelona","description":"academia oposiciones Barcelona PracticBCN Preparaci\u00f3n de opositores","publisher":{"@id":"https:\/\/www.practicbcn.com\/ca\/#organization"},"potentialAction":[{"@type":"SearchAction","target":{"@type":"EntryPoint","urlTemplate":"https:\/\/www.practicbcn.com\/ca\/?s={search_term_string}"},"query-input":{"@type":"PropertyValueSpecification","valueRequired":true,"valueName":"search_term_string"}}],"inLanguage":"ca"},{"@type":"Organization","@id":"https:\/\/www.practicbcn.com\/ca\/#organization","name":"Practic BCN","url":"https:\/\/www.practicbcn.com\/ca\/","logo":{"@type":"ImageObject","inLanguage":"ca","@id":"https:\/\/www.practicbcn.com\/ca\/#\/schema\/logo\/image\/","url":"https:\/\/www.practicbcn.com\/wp-content\/uploads\/2018\/01\/LOGO-PRACTIC.jpg","contentUrl":"https:\/\/www.practicbcn.com\/wp-content\/uploads\/2018\/01\/LOGO-PRACTIC.jpg","width":679,"height":676,"caption":"Practic BCN"},"image":{"@id":"https:\/\/www.practicbcn.com\/ca\/#\/schema\/logo\/image\/"}},{"@type":"Person","@id":"https:\/\/www.practicbcn.com\/ca\/#\/schema\/person\/b1bf6fae906bb2caf24a3ed0699b35a1","name":"cantu","image":{"@type":"ImageObject","inLanguage":"ca","@id":"https:\/\/secure.gravatar.com\/avatar\/9bf69246e68f8fa9721cc29ec236bd9daee6f76dfca26b3ddd7625676a5c2f9c?s=96&d=mm&r=g","url":"https:\/\/secure.gravatar.com\/avatar\/9bf69246e68f8fa9721cc29ec236bd9daee6f76dfca26b3ddd7625676a5c2f9c?s=96&d=mm&r=g","contentUrl":"https:\/\/secure.gravatar.com\/avatar\/9bf69246e68f8fa9721cc29ec236bd9daee6f76dfca26b3ddd7625676a5c2f9c?s=96&d=mm&r=g","caption":"cantu"}}]}},"_links":{"self":[{"href":"https:\/\/www.practicbcn.com\/ca\/wp-json\/wp\/v2\/posts\/26979","targetHints":{"allow":["GET"]}}],"collection":[{"href":"https:\/\/www.practicbcn.com\/ca\/wp-json\/wp\/v2\/posts"}],"about":[{"href":"https:\/\/www.practicbcn.com\/ca\/wp-json\/wp\/v2\/types\/post"}],"author":[{"embeddable":true,"href":"https:\/\/www.practicbcn.com\/ca\/wp-json\/wp\/v2\/users\/3"}],"replies":[{"embeddable":true,"href":"https:\/\/www.practicbcn.com\/ca\/wp-json\/wp\/v2\/comments?post=26979"}],"version-history":[{"count":0,"href":"https:\/\/www.practicbcn.com\/ca\/wp-json\/wp\/v2\/posts\/26979\/revisions"}],"wp:featuredmedia":[{"embeddable":true,"href":"https:\/\/www.practicbcn.com\/ca\/wp-json\/wp\/v2\/media\/26778"}],"wp:attachment":[{"href":"https:\/\/www.practicbcn.com\/ca\/wp-json\/wp\/v2\/media?parent=26979"}],"wp:term":[{"taxonomy":"category","embeddable":true,"href":"https:\/\/www.practicbcn.com\/ca\/wp-json\/wp\/v2\/categories?post=26979"},{"taxonomy":"post_tag","embeddable":true,"href":"https:\/\/www.practicbcn.com\/ca\/wp-json\/wp\/v2\/tags?post=26979"}],"curies":[{"name":"wp","href":"https:\/\/api.w.org\/{rel}","templated":true}]}}