{"id":26967,"date":"2025-10-13T16:14:05","date_gmt":"2025-10-13T16:14:05","guid":{"rendered":"https:\/\/www.practicbcn.com\/?p=26967"},"modified":"2025-10-13T16:14:15","modified_gmt":"2025-10-13T16:14:15","slug":"trabajar-en-correos-2026","status":"publish","type":"post","link":"https:\/\/www.practicbcn.com\/ca\/trabajar-en-correos-2026\/","title":{"rendered":"Trabajar en Correos 2026"},"content":{"rendered":"<p>[et_pb_section fb_built=&#8221;1&#8243; _builder_version=&#8221;4.16&#8243; _module_preset=&#8221;default&#8221; global_colors_info=&#8221;{}&#8221;][et_pb_row column_structure=&#8221;3_5,2_5&#8243; _builder_version=&#8221;4.16&#8243; _module_preset=&#8221;default&#8221; global_colors_info=&#8221;{}&#8221;][et_pb_column type=&#8221;3_5&#8243; _builder_version=&#8221;4.16&#8243; _module_preset=&#8221;default&#8221; global_colors_info=&#8221;{}&#8221;][et_pb_text _builder_version=&#8221;4.27.4&#8243; _module_preset=&#8221;default&#8221; hover_enabled=&#8221;0&#8243; global_colors_info=&#8221;{}&#8221; sticky_enabled=&#8221;0&#8243;]<\/p>\n<p data-start=\"392\" data-end=\"747\"><a href=\"https:\/\/www.practicbcn.com\/academia-correos-barcelona\/\"><strong data-start=\"392\" data-end=\"415\">Trabajar en Correos<\/strong><\/a> es una de las opciones m\u00e1s atractivas para quienes buscan <strong data-start=\"474\" data-end=\"538\">empleo estable, buen salario y condiciones laborales seguras<\/strong>.<br data-start=\"539\" data-end=\"542\" \/>Cada a\u00f1o, esta empresa p\u00fablica lanza <strong data-start=\"579\" data-end=\"613\">nuevas convocatorias de empleo<\/strong>, y en 2026 se espera una de las m\u00e1s amplias de los \u00faltimos a\u00f1os, con <strong data-start=\"683\" data-end=\"714\">miles de plazas disponibles<\/strong> en todo el territorio espa\u00f1ol.<\/p>\n<p data-start=\"749\" data-end=\"986\">En este art\u00edculo te contamos <strong data-start=\"778\" data-end=\"842\">todo lo que necesitas saber para trabajar en Correos en 2026<\/strong>: los tipos de puestos, los requisitos de acceso, los sueldos, el proceso de selecci\u00f3n y las ventajas que ofrece formar parte de esta entidad.<\/p>\n<h2 data-start=\"993\" data-end=\"1030\">\u00a0<\/h2>\n<h2 data-start=\"993\" data-end=\"1030\">\u00bfPor qu\u00e9 trabajar en Correos?<\/h2>\n<p data-start=\"1032\" data-end=\"1186\">Correos es una <strong data-start=\"1047\" data-end=\"1081\">empresa p\u00fablica del Grupo SEPI<\/strong> con m\u00e1s de 300 a\u00f1os de historia y una de las mayores plantillas del pa\u00eds, con m\u00e1s de 50.000 empleados.<\/p>\n<p data-start=\"1188\" data-end=\"1263\">Estas son algunas de las principales <strong data-start=\"1225\" data-end=\"1260\">ventajas de trabajar en Correos<\/strong>:<\/p>\n<ul data-start=\"1265\" data-end=\"1656\">\n<li data-start=\"1265\" data-end=\"1359\">\n<p data-start=\"1267\" data-end=\"1359\"><strong data-start=\"1267\" data-end=\"1290\">Estabilidad laboral<\/strong>: una vez superado el proceso selectivo, obtienes un contrato fijo.<\/p>\n<\/li>\n<li data-start=\"1360\" data-end=\"1406\">\n<p data-start=\"1362\" data-end=\"1406\"><strong data-start=\"1362\" data-end=\"1404\">Salario atractivo y revisado cada a\u00f1o.<\/strong><\/p>\n<\/li>\n<li data-start=\"1407\" data-end=\"1496\">\n<p data-start=\"1409\" data-end=\"1496\"><strong data-start=\"1409\" data-end=\"1444\">Conciliaci\u00f3n laboral y personal<\/strong>, con horarios razonables y posibilidad de turnos.<\/p>\n<\/li>\n<li data-start=\"1497\" data-end=\"1543\">\n<p data-start=\"1499\" data-end=\"1543\"><strong data-start=\"1499\" data-end=\"1525\">Amplia red de oficinas<\/strong> en toda Espa\u00f1a.<\/p>\n<\/li>\n<li data-start=\"1544\" data-end=\"1594\">\n<p data-start=\"1546\" data-end=\"1594\"><strong data-start=\"1546\" data-end=\"1592\">Posibilidades reales de promoci\u00f3n interna.<\/strong><\/p>\n<\/li>\n<li data-start=\"1595\" data-end=\"1656\">\n<p data-start=\"1597\" data-end=\"1656\"><strong data-start=\"1597\" data-end=\"1654\">Prestigio y pertenencia a una empresa p\u00fablica s\u00f3lida.<\/strong><\/p>\n<\/li>\n<\/ul>\n<h2 data-start=\"1663\" data-end=\"1698\">\u00a0<\/h2>\n<h2 data-start=\"1663\" data-end=\"1698\">Tipos de puestos en Correos<\/h2>\n<p data-start=\"1700\" data-end=\"1845\">Las oposiciones de Correos 2026 incluir\u00e1n varios tipos de puestos dentro del grupo profesional IV (personal operativo). Los m\u00e1s demandados son:<\/p>\n<h3 data-start=\"1847\" data-end=\"1882\"><strong data-start=\"1854\" data-end=\"1880\">1. Personal de reparto<\/strong><\/h3>\n<ul data-start=\"1883\" data-end=\"2089\">\n<li data-start=\"1883\" data-end=\"1958\">\n<p data-start=\"1885\" data-end=\"1958\">Entrega y recogida de correspondencia y paqueter\u00eda a pie o en veh\u00edculo.<\/p>\n<\/li>\n<li data-start=\"1959\" data-end=\"1996\">\n<p data-start=\"1961\" data-end=\"1996\">Trabajo din\u00e1mico y al aire libre.<\/p>\n<\/li>\n<li data-start=\"1997\" data-end=\"2089\">\n<p data-start=\"1999\" data-end=\"2089\">Es necesario contar con <strong data-start=\"2023\" data-end=\"2058\">permiso de conducci\u00f3n A, A1 o B<\/strong> (seg\u00fan el tipo de veh\u00edculo).<\/p>\n<\/li>\n<\/ul>\n<h3 data-start=\"2091\" data-end=\"2130\"><strong data-start=\"2098\" data-end=\"2128\">2. Agente de clasificaci\u00f3n<\/strong><\/h3>\n<ul data-start=\"2131\" data-end=\"2309\">\n<li data-start=\"2131\" data-end=\"2216\">\n<p data-start=\"2133\" data-end=\"2216\">Clasificaci\u00f3n manual y autom\u00e1tica de cartas y paquetes en los centros log\u00edsticos.<\/p>\n<\/li>\n<li data-start=\"2217\" data-end=\"2263\">\n<p data-start=\"2219\" data-end=\"2263\">Trabajo en turnos (ma\u00f1ana, tarde o noche).<\/p>\n<\/li>\n<li data-start=\"2264\" data-end=\"2309\">\n<p data-start=\"2266\" data-end=\"2309\">No requiere trato directo con el p\u00fablico.<\/p>\n<\/li>\n<\/ul>\n<h3 data-start=\"2311\" data-end=\"2368\"><strong data-start=\"2318\" data-end=\"2366\">3. Atenci\u00f3n al cliente (oficinas de Correos)<\/strong><\/h3>\n<ul data-start=\"2369\" data-end=\"2541\">\n<li data-start=\"2369\" data-end=\"2415\">\n<p data-start=\"2371\" data-end=\"2415\">Atenci\u00f3n directa al usuario en ventanilla.<\/p>\n<\/li>\n<li data-start=\"2416\" data-end=\"2483\">\n<p data-start=\"2418\" data-end=\"2483\">Gesti\u00f3n de env\u00edos, giros, certificados o productos financieros.<\/p>\n<\/li>\n<li data-start=\"2484\" data-end=\"2541\">\n<p data-start=\"2486\" data-end=\"2541\">Se valoran conocimientos inform\u00e1ticos y trato amable.<\/p>\n<\/li>\n<\/ul>\n<h3 data-start=\"2543\" data-end=\"2582\"><strong data-start=\"2550\" data-end=\"2580\">4. Personal administrativo<\/strong><\/h3>\n<ul data-start=\"2583\" data-end=\"2729\">\n<li data-start=\"2583\" data-end=\"2661\">\n<p data-start=\"2585\" data-end=\"2661\">Tareas de gesti\u00f3n, archivo y soporte en oficinas y departamentos internos.<\/p>\n<\/li>\n<li data-start=\"2662\" data-end=\"2729\">\n<p data-start=\"2664\" data-end=\"2729\">Suelen ser plazas de promoci\u00f3n interna o contrataci\u00f3n eventual.<\/p>\n<\/li>\n<\/ul>\n<h2 data-start=\"2736\" data-end=\"2784\">\u00a0<\/h2>\n<h2 data-start=\"2736\" data-end=\"2784\">Requisitos para trabajar en Correos 2026<\/h2>\n<p data-start=\"2786\" data-end=\"2918\">Los <strong data-start=\"2790\" data-end=\"2814\">requisitos generales<\/strong> para participar en la convocatoria de 2026 ser\u00e1n los siguientes (seg\u00fan las bases de a\u00f1os anteriores):<\/p>\n<ol data-start=\"2920\" data-end=\"3428\">\n<li data-start=\"2920\" data-end=\"2960\">\n<p data-start=\"2923\" data-end=\"2960\"><strong data-start=\"2923\" data-end=\"2939\">Edad m\u00ednima:<\/strong> 18 a\u00f1os cumplidos.<\/p>\n<\/li>\n<li data-start=\"2961\" data-end=\"3034\">\n<p data-start=\"2964\" data-end=\"3034\"><strong data-start=\"2964\" data-end=\"2981\">Nacionalidad:<\/strong> espa\u00f1ola o de un pa\u00eds miembro de la Uni\u00f3n Europea.<\/p>\n<\/li>\n<li data-start=\"3035\" data-end=\"3145\">\n<p data-start=\"3038\" data-end=\"3145\"><strong data-start=\"3038\" data-end=\"3053\">Titulaci\u00f3n:<\/strong> estar en posesi\u00f3n del <strong data-start=\"3076\" data-end=\"3128\">t\u00edtulo de Educaci\u00f3n Secundaria Obligatoria (ESO)<\/strong> o equivalente.<\/p>\n<\/li>\n<li data-start=\"3146\" data-end=\"3242\">\n<p data-start=\"3149\" data-end=\"3242\"><strong data-start=\"3149\" data-end=\"3173\">Capacidad funcional:<\/strong> no padecer enfermedad o limitaci\u00f3n que impida realizar las tareas.<\/p>\n<\/li>\n<li data-start=\"3243\" data-end=\"3335\">\n<p data-start=\"3246\" data-end=\"3335\"><strong data-start=\"3246\" data-end=\"3285\">No haber sido separado del servicio<\/strong> en Correos ni inhabilitado para empleo p\u00fablico.<\/p>\n<\/li>\n<li data-start=\"3336\" data-end=\"3428\">\n<p data-start=\"3339\" data-end=\"3428\"><strong data-start=\"3339\" data-end=\"3383\">Cumplir con los requisitos de conducci\u00f3n<\/strong>, en el caso de optar a reparto motorizado.<\/p>\n<\/li>\n<\/ol>\n<p data-start=\"3430\" data-end=\"3555\">Tambi\u00e9n se valoran <strong data-start=\"3449\" data-end=\"3472\">m\u00e9ritos adicionales<\/strong>, como experiencia previa en Correos, formaci\u00f3n en atenci\u00f3n al cliente o idiomas.<\/p>\n<h2 data-start=\"3562\" data-end=\"3590\">\u00a0<\/h2>\n<h2 data-start=\"3562\" data-end=\"3590\">Proceso de selecci\u00f3n<\/h2>\n<p data-start=\"3592\" data-end=\"3686\">El proceso selectivo para trabajar en Correos se basa en un sistema <strong data-start=\"3660\" data-end=\"3683\">de m\u00e9ritos y examen<\/strong>.<\/p>\n<h3 data-start=\"3688\" data-end=\"3737\"><strong data-start=\"3695\" data-end=\"3735\">1. Prueba te\u00f3rica (examen tipo test)<\/strong><\/h3>\n<ul data-start=\"3738\" data-end=\"4099\">\n<li data-start=\"3738\" data-end=\"3791\">\n<p data-start=\"3740\" data-end=\"3791\">Consta de entre <strong data-start=\"3756\" data-end=\"3788\">90 y 100 preguntas tipo test<\/strong>.<\/p>\n<\/li>\n<li data-start=\"3792\" data-end=\"4009\">\n<p data-start=\"3794\" data-end=\"3824\">Se divide en <strong data-start=\"3807\" data-end=\"3821\">dos partes<\/strong>:<\/p>\n<ul data-start=\"3827\" data-end=\"4009\">\n<li data-start=\"3827\" data-end=\"3902\">\n<p data-start=\"3829\" data-end=\"3902\"><strong data-start=\"3829\" data-end=\"3845\">Parte com\u00fan:<\/strong> sobre Correos, normativa postal y atenci\u00f3n al cliente.<\/p>\n<\/li>\n<li data-start=\"3905\" data-end=\"4009\">\n<p data-start=\"3907\" data-end=\"4009\"><strong data-start=\"3907\" data-end=\"3928\">Parte espec\u00edfica:<\/strong> seg\u00fan el puesto al que se opte (reparto, atenci\u00f3n al cliente o clasificaci\u00f3n).<\/p>\n<\/li>\n<\/ul>\n<\/li>\n<li data-start=\"4010\" data-end=\"4047\">\n<p data-start=\"4012\" data-end=\"4047\">Duraci\u00f3n: entre 90 y 110 minutos.<\/p>\n<\/li>\n<li data-start=\"4048\" data-end=\"4099\">\n<p data-start=\"4050\" data-end=\"4099\">No se restan puntos por respuestas incorrectas.<\/p>\n<\/li>\n<\/ul>\n<h3 data-start=\"4101\" data-end=\"4132\"><strong data-start=\"4108\" data-end=\"4130\">2. Fase de m\u00e9ritos<\/strong><\/h3>\n<p data-start=\"4133\" data-end=\"4160\">Se valoran aspectos como:<\/p>\n<ul data-start=\"4161\" data-end=\"4382\">\n<li data-start=\"4161\" data-end=\"4208\">\n<p data-start=\"4163\" data-end=\"4208\">Antig\u00fcedad o experiencia previa en Correos.<\/p>\n<\/li>\n<li data-start=\"4209\" data-end=\"4293\">\n<p data-start=\"4211\" data-end=\"4293\">Cursos formativos acreditados (atenci\u00f3n al cliente, log\u00edstica, ofim\u00e1tica, etc.).<\/p>\n<\/li>\n<li data-start=\"4294\" data-end=\"4321\">\n<p data-start=\"4296\" data-end=\"4321\">Permisos de conducci\u00f3n.<\/p>\n<\/li>\n<li data-start=\"4322\" data-end=\"4382\">\n<p data-start=\"4324\" data-end=\"4382\">Conocimientos de idiomas (ingl\u00e9s o lenguas cooficiales).<\/p>\n<\/li>\n<\/ul>\n<p data-start=\"4384\" data-end=\"4473\">El resultado final se obtiene <strong data-start=\"4414\" data-end=\"4470\">sumando la nota del examen y los m\u00e9ritos acreditados<\/strong>.<\/p>\n<h2 data-start=\"4480\" data-end=\"4508\">\u00a0<\/h2>\n<h2 data-start=\"4480\" data-end=\"4508\">Temario Correos 2026<\/h2>\n<p data-start=\"4510\" data-end=\"4655\">El <strong data-start=\"4513\" data-end=\"4543\">temario oficial de Correos<\/strong> consta habitualmente de <strong data-start=\"4568\" data-end=\"4585\">12 a 13 temas<\/strong>, dependiendo del puesto.<br data-start=\"4610\" data-end=\"4613\" \/>Los contenidos m\u00e1s importantes incluyen:<\/p>\n<ul data-start=\"4657\" data-end=\"4972\">\n<li data-start=\"4657\" data-end=\"4701\">\n<p data-start=\"4659\" data-end=\"4701\">Organizaci\u00f3n de Correos y sus productos.<\/p>\n<\/li>\n<li data-start=\"4702\" data-end=\"4769\">\n<p data-start=\"4704\" data-end=\"4769\">Procesos de admisi\u00f3n y entrega de correspondencia y paqueter\u00eda.<\/p>\n<\/li>\n<li data-start=\"4770\" data-end=\"4806\">\n<p data-start=\"4772\" data-end=\"4806\">Atenci\u00f3n al cliente y protocolo.<\/p>\n<\/li>\n<li data-start=\"4807\" data-end=\"4843\">\n<p data-start=\"4809\" data-end=\"4843\">Prevenci\u00f3n de riesgos laborales.<\/p>\n<\/li>\n<li data-start=\"4844\" data-end=\"4872\">\n<p data-start=\"4846\" data-end=\"4872\">Normativa postal b\u00e1sica.<\/p>\n<\/li>\n<li data-start=\"4873\" data-end=\"4931\">\n<p data-start=\"4875\" data-end=\"4931\">Herramientas inform\u00e1ticas y aplicaciones corporativas.<\/p>\n<\/li>\n<li data-start=\"4932\" data-end=\"4972\">\n<p data-start=\"4934\" data-end=\"4972\">Gesti\u00f3n de calidad y sostenibilidad.<\/p>\n<\/li>\n<\/ul>\n<p data-start=\"4974\" data-end=\"5189\">El temario completo se publica en la <strong data-start=\"5011\" data-end=\"5035\">convocatoria oficial<\/strong>, y puede prepararse con material actualizado de academias como <strong data-start=\"5099\" data-end=\"5116\">Centro Innova<\/strong>, una de las m\u00e1s recomendadas para preparar las oposiciones de Correos.<\/p>\n<h2 data-start=\"5196\" data-end=\"5241\">\u00a0<\/h2>\n<h2 data-start=\"5196\" data-end=\"5241\">Sueldo de los trabajadores de Correos<\/h2>\n<p data-start=\"5243\" data-end=\"5322\">El salario de los empleados de Correos depende del puesto y los complementos.<\/p>\n<div class=\"_tableContainer_1rjym_1\">\n<div class=\"group _tableWrapper_1rjym_13 flex w-fit flex-col-reverse\" tabindex=\"-1\">\n<table class=\"w-fit min-w-(--thread-content-width)\" data-start=\"5324\" data-end=\"5625\">\n<thead data-start=\"5324\" data-end=\"5369\">\n<tr data-start=\"5324\" data-end=\"5369\">\n<th data-start=\"5324\" data-end=\"5333\" data-col-size=\"sm\">Puesto<\/th>\n<th data-start=\"5333\" data-end=\"5369\" data-col-size=\"sm\">Sueldo mensual aproximado (neto)<\/th>\n<\/tr>\n<\/thead>\n<tbody data-start=\"5418\" data-end=\"5625\">\n<tr data-start=\"5418\" data-end=\"5456\">\n<td data-start=\"5418\" data-end=\"5437\" data-col-size=\"sm\">Repartidor a pie<\/td>\n<td data-start=\"5437\" data-end=\"5456\" data-col-size=\"sm\">1.300 &#8211; 1.400 \u20ac<\/td>\n<\/tr>\n<tr data-start=\"5457\" data-end=\"5500\">\n<td data-start=\"5457\" data-end=\"5481\" data-col-size=\"sm\">Repartidor motorizado<\/td>\n<td data-start=\"5481\" data-end=\"5500\" data-col-size=\"sm\">1.400 &#8211; 1.500 \u20ac<\/td>\n<\/tr>\n<tr data-start=\"5501\" data-end=\"5546\">\n<td data-start=\"5501\" data-end=\"5527\" data-col-size=\"sm\">Agente de clasificaci\u00f3n<\/td>\n<td data-start=\"5527\" data-end=\"5546\" data-col-size=\"sm\">1.350 &#8211; 1.450 \u20ac<\/td>\n<\/tr>\n<tr data-start=\"5547\" data-end=\"5588\">\n<td data-start=\"5547\" data-end=\"5569\" data-col-size=\"sm\">Atenci\u00f3n al cliente<\/td>\n<td data-start=\"5569\" data-end=\"5588\" data-col-size=\"sm\">1.450 &#8211; 1.600 \u20ac<\/td>\n<\/tr>\n<tr data-start=\"5589\" data-end=\"5625\">\n<td data-start=\"5589\" data-end=\"5606\" data-col-size=\"sm\">Administrativo<\/td>\n<td data-start=\"5606\" data-end=\"5625\" data-col-size=\"sm\">1.500 &#8211; 1.700 \u20ac<\/td>\n<\/tr>\n<\/tbody>\n<\/table>\n<\/div>\n<\/div>\n<p data-start=\"5627\" data-end=\"5655\">A estos importes se suman:<\/p>\n<ul data-start=\"5656\" data-end=\"5838\">\n<li data-start=\"5656\" data-end=\"5688\">\n<p data-start=\"5658\" data-end=\"5688\"><strong data-start=\"5658\" data-end=\"5674\">Pagas extras<\/strong> (2 al a\u00f1o).<\/p>\n<\/li>\n<li data-start=\"5689\" data-end=\"5724\">\n<p data-start=\"5691\" data-end=\"5724\"><strong data-start=\"5691\" data-end=\"5721\">Complementos de antig\u00fcedad<\/strong>.<\/p>\n<\/li>\n<li data-start=\"5725\" data-end=\"5780\">\n<p data-start=\"5727\" data-end=\"5780\">Plus de nocturnidad o turnicidad (seg\u00fan el puesto).<\/p>\n<\/li>\n<li data-start=\"5781\" data-end=\"5838\">\n<p data-start=\"5783\" data-end=\"5838\">Beneficios sociales como seguros o ayudas familiares.<\/p>\n<\/li>\n<\/ul>\n<h2 data-start=\"5845\" data-end=\"5884\">\u00a0<\/h2>\n<h2 data-start=\"5845\" data-end=\"5884\">Ventajas de trabajar en Correos<\/h2>\n<p data-start=\"5886\" data-end=\"6019\">Trabajar en Correos ofrece una combinaci\u00f3n dif\u00edcil de igualar entre <strong data-start=\"5954\" data-end=\"6016\">estabilidad, buen ambiente y condiciones laborales s\u00f3lidas<\/strong>.<\/p>\n<p data-start=\"6021\" data-end=\"6063\">Entre sus principales ventajas destacan:<\/p>\n<p data-start=\"6065\" data-end=\"6412\"><strong data-start=\"6067\" data-end=\"6108\">Empleo estable y contrato indefinido.<\/strong><br data-start=\"6108\" data-end=\"6111\" \/><strong data-start=\"6113\" data-end=\"6162\">Salario fijo con complementos y pagas extras.<\/strong><br data-start=\"6162\" data-end=\"6165\" \/><strong data-start=\"6167\" data-end=\"6203\">Posibilidad de promoci\u00f3n interna<\/strong> a puestos superiores.<br data-start=\"6225\" data-end=\"6228\" \/><strong data-start=\"6230\" data-end=\"6252\">Vacaciones amplias<\/strong> (m\u00e1s de 30 d\u00edas al a\u00f1o).<br data-start=\"6277\" data-end=\"6280\" \/><strong data-start=\"6282\" data-end=\"6319\">Permisos y licencias retribuidas.<\/strong><br data-start=\"6319\" data-end=\"6322\" \/><strong data-start=\"6324\" data-end=\"6373\">Seguridad social y plan de pensiones p\u00fablico.<\/strong><br data-start=\"6373\" data-end=\"6376\" \/><strong data-start=\"6378\" data-end=\"6410\">Formaci\u00f3n continua gratuita.<\/strong><\/p>\n<p data-start=\"6414\" data-end=\"6607\">Adem\u00e1s, trabajar en Correos supone integrarse en una empresa <strong data-start=\"6475\" data-end=\"6504\">en transformaci\u00f3n digital<\/strong>, con oportunidades en nuevas \u00e1reas como log\u00edstica, paqueter\u00eda internacional o servicios financieros.<\/p>\n<h2 data-start=\"6614\" data-end=\"6665\">\u00a0<\/h2>\n<h2 data-start=\"6614\" data-end=\"6665\">C\u00f3mo inscribirse en la convocatoria de 2026<\/h2>\n<p data-start=\"6667\" data-end=\"6789\">El proceso de inscripci\u00f3n se realiza <strong data-start=\"6704\" data-end=\"6729\">exclusivamente online<\/strong> a trav\u00e9s del <strong data-start=\"6743\" data-end=\"6786\">Portal de Personas y Talento de Correos<\/strong>:<\/p>\n<p data-start=\"6791\" data-end=\"6884\">\ud83d\udd17 <a class=\"decorated-link\" href=\"https:\/\/www.correos.com\/personas-y-talento\" target=\"_blank\" rel=\"noopener\" data-start=\"6794\" data-end=\"6882\">https:\/\/www.correos.com\/personas-y-talento<\/a><\/p>\n<p data-start=\"6886\" data-end=\"6902\">Pasos b\u00e1sicos:<\/p>\n<ol data-start=\"6903\" data-end=\"7154\">\n<li data-start=\"6903\" data-end=\"6933\">\n<p data-start=\"6906\" data-end=\"6933\">Registrarte en el portal.<\/p>\n<\/li>\n<li data-start=\"6934\" data-end=\"6975\">\n<p data-start=\"6937\" data-end=\"6975\">Seleccionar la convocatoria vigente.<\/p>\n<\/li>\n<li data-start=\"6976\" data-end=\"7010\">\n<p data-start=\"6979\" data-end=\"7010\">Elegir el puesto y provincia.<\/p>\n<\/li>\n<li data-start=\"7011\" data-end=\"7051\">\n<p data-start=\"7014\" data-end=\"7051\">Rellenar el formulario electr\u00f3nico.<\/p>\n<\/li>\n<li data-start=\"7052\" data-end=\"7102\">\n<p data-start=\"7055\" data-end=\"7102\">Pagar la tasa de participaci\u00f3n (aprox. 11 \u20ac).<\/p>\n<\/li>\n<li data-start=\"7103\" data-end=\"7154\">\n<p data-start=\"7106\" data-end=\"7154\">Enviar la solicitud y guardar el justificante.<\/p>\n<\/li>\n<\/ol>\n<h2 data-start=\"7161\" data-end=\"7224\">\u00a0<\/h2>\n<h2 data-start=\"7161\" data-end=\"7224\">Consejos para preparar las oposiciones de Correos 2026<\/h2>\n<ol data-start=\"7226\" data-end=\"7712\">\n<li data-start=\"7226\" data-end=\"7319\">\n<p data-start=\"7229\" data-end=\"7319\"><strong data-start=\"7229\" data-end=\"7267\">Empieza a estudiar con antelaci\u00f3n:<\/strong> el temario no es extenso, pero requiere pr\u00e1ctica.<\/p>\n<\/li>\n<li data-start=\"7320\" data-end=\"7391\">\n<p data-start=\"7323\" data-end=\"7391\"><strong data-start=\"7323\" data-end=\"7354\">Realiza test peri\u00f3dicamente<\/strong> para mejorar agilidad y precisi\u00f3n.<\/p>\n<\/li>\n<li data-start=\"7392\" data-end=\"7449\">\n<p data-start=\"7395\" data-end=\"7449\"><strong data-start=\"7395\" data-end=\"7421\">Simula ex\u00e1menes reales<\/strong> para controlar el tiempo.<\/p>\n<\/li>\n<li data-start=\"7450\" data-end=\"7596\">\n<p data-start=\"7453\" data-end=\"7596\"><strong data-start=\"7453\" data-end=\"7492\">Ap\u00f3yate en academias especializadas<\/strong>, como <strong data-start=\"7499\" data-end=\"7516\">Pr\u00e0ctic &#8211; Centro Innova<\/strong>, que ofrece materiales actualizados, test online y seguimiento personalizado.<\/p>\n<\/li>\n<li data-start=\"7597\" data-end=\"7712\">\n<p data-start=\"7600\" data-end=\"7712\"><strong data-start=\"7600\" data-end=\"7634\">Sigue la actualidad de Correos<\/strong>, ya que cada a\u00f1o pueden cambiar los temarios o los criterios de evaluaci\u00f3n.<\/p>\n<\/li>\n<\/ol>\n<h2 data-start=\"7719\" data-end=\"7738\">\u00a0<\/h2>\n<p data-start=\"7740\" data-end=\"7869\">Trabajar en Correos en 2026 es una oportunidad \u00fanica para conseguir un empleo p\u00fablico <strong data-start=\"7826\" data-end=\"7866\">seguro, bien remunerado y con futuro<\/strong>.<\/p>\n<p data-start=\"7871\" data-end=\"8093\">Con un proceso selectivo claro, requisitos accesibles y una red de centros en toda Espa\u00f1a, las <strong data-start=\"7966\" data-end=\"7992\">oposiciones de Correos<\/strong> siguen siendo una de las m\u00e1s populares entre quienes buscan estabilidad laboral y calidad de vida.<\/p>\n<p data-start=\"8095\" data-end=\"8282\">Si te preparas con constancia y materiales actualizados, en 2026 podr\u00edas convertirte en uno de los miles de nuevos empleados que forman parte de esta hist\u00f3rica empresa p\u00fablica espa\u00f1ola.<\/p>\n<p>[\/et_pb_text][\/et_pb_column][et_pb_column type=&#8221;2_5&#8243; _builder_version=&#8221;4.16&#8243; _module_preset=&#8221;default&#8221; global_colors_info=&#8221;{}&#8221;][et_pb_code admin_label=&#8221;formulario&#8221; _builder_version=&#8221;4.27.4&#8243; _module_preset=&#8221;default&#8221; global_module=&#8221;26217&#8243; saved_tabs=&#8221;all&#8221; global_colors_info=&#8221;{}&#8221;]<img decoding=\"async\" src=\"https:\/\/www.practicbcn.com\/wp-content\/uploads\/2025\/07\/OFERTA-ESPECIAL-OPOSICIONES-VERANO-2025-scaled.jpg\"><!\u2013- [et_pb_br_holder] -\u2013><!-- [et_pb_line_break_holder] --><\/p>\n<h3><strong>Solicita informaci\u00f3n sin compromiso<\/strong><\/h3>\n<p><\/center><!\u2013- [et_pb_br_holder] -\u2013><!-- [et_pb_line_break_holder] --><iframe loading=\"lazy\" src=\"https:\/\/www.practicbcn.com\/formulario\/form.php\" width=\"400\" height=\"650\" frameborder=\"0\" scrolling=\"no\"><\/iframe>[\/et_pb_code][et_pb_text admin_label=&#8221;opiniones&#8221; _builder_version=&#8221;4.27.4&#8243; _module_preset=&#8221;default&#8221; global_module=&#8221;26218&#8243; saved_tabs=&#8221;all&#8221; global_colors_info=&#8221;{}&#8221;]<\/p>\n<h3 style=\"text-align: center;\"><strong>OPINIONES<\/strong><\/h3>\n<p><img loading=\"lazy\" decoding=\"async\" class=\"wp-image-26215 alignnone size-full\" src=\"https:\/\/www.practicbcn.com\/wp-content\/uploads\/2025\/05\/5.png.webp\" alt=\"\" width=\"96\" height=\"15\" \/><br \/>Daros las gracias por este a\u00f1o de formaci\u00f3n, por vuestra atenci\u00f3n y profesionalidad. He conseguido un sue\u00f1o. La semana que viene firmo mi contrato con Correos. Os recomiendo sin duda alguna este centro de formaci\u00f3n.<\/p>\n<p><strong>Alberto L\u00f3pez<\/strong><\/p>\n<p>&nbsp;<\/p>\n<p><img loading=\"lazy\" decoding=\"async\" class=\"wp-image-26215 alignnone size-full\" src=\"https:\/\/www.practicbcn.com\/wp-content\/uploads\/2025\/05\/5.png.webp\" alt=\"\" width=\"96\" height=\"15\" \/><br \/>Muy buena atenci\u00f3n y genial preparaci\u00f3n para las oposiciones.<br \/>El personal es muy atento y competente, ofreciendo un servicio de calidad.<br \/>Te proporcionan las herramientas necesarias para presentarte a la oposici\u00f3n y poder obtener un resultado satisfactorio<\/p>\n<p><strong>Marc Lloren\u00e7<\/strong><\/p>\n<p>&nbsp;<\/p>\n<p><img loading=\"lazy\" decoding=\"async\" class=\"wp-image-26215 alignnone size-full\" src=\"https:\/\/www.practicbcn.com\/wp-content\/uploads\/2025\/05\/5.png.webp\" alt=\"\" width=\"96\" height=\"15\" \/><br \/>Llevo unos meses como alumna y mi experiencia es excelente. Estoy muy agradecida porque los profesores hacen un seguimiento personalizado y resuelven todas las dudas. Adem\u00e1s, ponen a nuestra disposici\u00f3n todo el material necesario, de forma bien organizada, para que la formaci\u00f3n sea completa y disponible en cualquier horario.<\/p>\n<p><strong>Silvia<\/strong><\/p>\n<p>&nbsp;<\/p>\n<p>[\/et_pb_text][\/et_pb_column][\/et_pb_row][\/et_pb_section]<\/p>\n","protected":false},"excerpt":{"rendered":"<p>Tens dubtes sobre qu\u00e8 \u00e9s un subaltern? Quines funcions desenvolupa? Si necessita alguna habilitat o capacitat espec\u00edfica? Coneix aqu\u00ed tot i m\u00e9s sobre els subalterns i el proc\u00e9s de les seves oposicions.<\/p>\n","protected":false},"author":3,"featured_media":26715,"comment_status":"closed","ping_status":"closed","sticky":false,"template":"","format":"standard","meta":{"_et_pb_use_builder":"on","_et_pb_old_content":"<p>[et_pb_section fb_built=\"1\" _builder_version=\"4.16\" _module_preset=\"default\" global_colors_info=\"{}\"][et_pb_row _builder_version=\"4.16\" _module_preset=\"default\" global_colors_info=\"{}\" column_structure=\"3_5,2_5\"][et_pb_column type=\"3_5\" _builder_version=\"4.16\" _module_preset=\"default\" global_colors_info=\"{}\"][et_pb_text _builder_version=\"4.16\" _module_preset=\"default\" global_colors_info=\"{}\"]<\/p><p style=\"text-align: justify;\"><span style=\"font-size: 12pt;\"><span style=\"font-weight: 400;\">Quan pensem en les<\/span><strong><em>f uncions del subaltern<\/em><\/strong><span style=\"font-weight: 400;\">, ens ve al capdavant la vigil\u00e0ncia d'un edifici p\u00fablic i el seu manteniment. Per\u00f2 ser subaltern \u00e9s molt m\u00e9s que aix\u00f2<\/span><\/span><\/p><p style=\"text-align: justify;\"><span style=\"font-weight: 400; font-size: 12pt;\">La seva professi\u00f3 suposa un servei i atenci\u00f3 al p\u00fablic. Amb diverses tasques importants. Si vols con\u00e8ixer el lloc de subaltern: funcions, compet\u00e8ncies i oposicions a superar per fer-te amb una pla\u00e7a, continua llegint aquest post.<\/span><\/p><p>\u00a0<\/p><h2 style=\"text-align: justify;\"><span style=\"font-weight: 400;\">A qu\u00e8 es dedica un subaltern?<\/span><\/h2><p style=\"text-align: justify;\"><img class=\"alignright wp-image-13029 size-full\" style=\"text-align: justify;\" src=\"https:\/\/www.practicbcn.com\/wp-content\/uploads\/2021\/03\/POST-08_03_2021-12_03_2021.png\" alt=\"funcions-del-subaltern\" width=\"500\" height=\"310\" \/><\/p><p style=\"text-align: justify;\"><span style=\"font-size: 12pt;\"><span style=\"font-weight: 400;\">Abans de comen\u00e7ar a<\/span> <span style=\"font-weight: 400;\">estudiar les oposicions de subaltern<\/span><span style=\"font-weight: 400;\">, et recomanem que coneguis en qu\u00e8 consisteix el seu treball.<\/span><\/span><\/p><p style=\"text-align: justify;\"><span style=\"font-size: 12pt;\"><span style=\"font-weight: 400;\">En primer lloc, has de saber que com a subaltern ser\u00e0s un<\/span> <b>funcionari p\u00fablic.<\/b><span style=\"font-weight: 400;\">. T'encarregar\u00e0s de la gesti\u00f3, el control i la vigil\u00e0ncia d'ajuntaments, diputacions, centres c\u00edvics, museus\u2026<\/span><\/span><\/p><p style=\"text-align: justify;\"><span style=\"font-weight: 400; font-size: 12pt;\">Assumir\u00e0s tasques importants. La teva missi\u00f3 \u00e9s el correcte funcionament de la instituci\u00f3. Per\u00f2 a m\u00e9s ser\u00e0s la cara visible d'aquesta. Els visitants i usuaris dirigiran els seus dubtes cap a tu. Ja que ets al primer que veuran.<\/span><\/p><p style=\"text-align: justify;\"><span style=\"font-weight: 400; font-size: 12pt;\">Les <strong>funcions del subaltern<\/strong> poden variar. En funci\u00f3 del lloc al qual siguis destinat, tindr\u00e0s unes prioritats o altres. Fins i tot pot canviar depenent de la comunitat aut\u00f2noma.<\/span><\/p><p style=\"text-align: justify;\"><span style=\"font-weight: 400; font-size: 12pt;\">Per\u00f2 existeixen diverses funcions, que haur\u00e0s de realitzar independentment del teu dest\u00ed.<\/span><\/p><p>\u00a0<\/p><h2 style=\"text-align: justify;\"><span style=\"font-weight: 400;\">Quines s\u00f3n les principals funcions del subaltern?<\/span><\/h2><p>\u00a0<\/p><ul><li style=\"text-align: justify;\"><span style=\"font-size: 12pt;\"><b>Assegurar les instal\u00b7lacions, el mobiliari i el material.<\/b><span style=\"font-weight: 400;\"> Com a subaltern haur\u00e0s de garantir l'ordre i el bon \u00fas de les instal\u00b7lacions. En altres paraules, evitar les males pr\u00e0ctiques dels visitants per a la conservaci\u00f3 de la infraestructura.<\/span><\/span><\/li><li style=\"text-align: justify;\"><span style=\"font-size: 12pt;\"><b>Vigilar l'edifici.<\/b><span style=\"font-weight: 400;\"> Et pots encarregar de l'entrada al recinte. A m\u00e9s de controlar a les persones que accedeixen a les instal\u00b7lacions, informar-les quan tinguin dubtes i cridar la seva atenci\u00f3 quan no es comportin.<\/span><\/span><\/li><li style=\"text-align: justify;\"><span style=\"font-size: 12pt;\"><b>Rebre i distribuir documents, objectius i correspond\u00e8ncia.<\/b><span style=\"font-weight: 400;\"> Haur\u00e0s d'estar atent a la recepci\u00f3 de cartes, documents\u2026 A m\u00e9s de lliurar-los als seus destinataris o departaments corresponents dins de la instituci\u00f3.<\/span><\/span><\/li><li style=\"text-align: justify;\"><span style=\"font-size: 12pt;\"><b>Custodiar les claus de despatxos i oficines.<\/b><span style=\"font-weight: 400;\"> Tindr\u00e0s acc\u00e9s a totes les sales de l'edifici, per la qual cosa deur\u00e0s saber quina sala obre cada clau. Aix\u00ed com tenir-les sempre a m\u00e0, per si cal disposar d'elles.<\/span><\/span><\/li><li style=\"text-align: justify;\"><span style=\"font-size: 12pt;\"><b>Resoldre els dubtes dels usuaris.<\/b><span style=\"font-weight: 400;\"> L'atenci\u00f3 al p\u00fablic \u00e9s una labor important, haur\u00e0s de tractar de resoldre tots els dubtes que els usuaris tinguin de les depend\u00e8ncies p\u00fabliques, o saber orientar-los a les persones que resoldran els seus dubtes.<\/span><\/span><\/li><li style=\"text-align: justify;\"><span style=\"font-size: 12pt;\"><b>Con\u00e8ixer l'inventari i controlar les seves exist\u00e8ncies<\/b><span style=\"font-weight: 400;\">. Haur\u00e0s de portar un control dels materials i provisions fonamentals.<\/span><\/span><\/li><li style=\"text-align: justify;\"><span style=\"font-size: 12pt;\"><b>Utilitzar fotocopiadores.<\/b><span style=\"font-weight: 400;\"> La funci\u00f3 de reprografia \u00e9s teva. T'encarregar\u00e0s de fotocopiar i enquadernar quan calgui.<\/span><\/span><\/li><li style=\"text-align: justify;\"><span style=\"font-size: 12pt;\"><b>Trasllat de material o mobiliari.<\/b><span style=\"font-weight: 400;\"> L'\u00faltima funci\u00f3 general que far\u00e0s ser\u00e0 col\u00b7locar o recol\u00b7locar material i mobiliari per habilitar sales i crear espai quan se celebrin actes p\u00fablics.<\/span><\/span><\/li><\/ul><p>\u00a0<\/p><p style=\"text-align: center;\">[bctt tweet=\"Tens dubtes sobre qu\u00e8 \u00e9s un subaltern? Quines funcions desenvolupa? Si necessita alguna habilitat o capacitat espec\u00edfica? Coneix aqu\u00ed tot i m\u00e9s sobre els subalterns i el proc\u00e9s de les oposicions.\" username=\"practicbcn\"]<\/p><p>\u00a0<\/p><h2 style=\"text-align: justify;\"><span style=\"font-weight: 400;\">Oposicions Subaltern<\/span><\/h2><p>\u00a0<\/p><p style=\"text-align: justify;\"><span style=\"font-size: 12pt;\"><span style=\"font-weight: 400;\">Si est\u00e0s capacitat per realitzar les <strong>funcions del subaltern<\/strong> i desitges treballar en una entitat p\u00fablica amb una ocupaci\u00f3 fixa, \u00e9s hora que et preparis les oposicions. Per con\u00e8ixer tot sobre el proc\u00e9s selectiu et recomanem que consultis l'<\/span><span style=\"font-weight: 400;\">apartat de subaltern en la web de la Generalitat.<\/span><\/span><\/p><p style=\"text-align: justify;\"><span style=\"font-weight: 400; font-size: 12pt;\">Per a aix\u00f2 haur\u00e0s d'estudiar un temari compost de quatre blocs, on adquirir\u00e0s coneixements de dret constitucional, administratiu, la llei de r\u00e8gim local, prevenci\u00f3 de riscos laborals i cultura general. La fase d'oposici\u00f3 consta de dues proves. Seguida d'una fase de concurs.<\/span><\/p><p>\u00a0<\/p><h3 style=\"text-align: justify;\"><span style=\"font-weight: 400;\">Primera prova<\/span><\/h3><p>\u00a0<\/p><p style=\"text-align: justify;\"><span style=\"font-weight: 400; font-size: 12pt;\">L'examen de l'oposici\u00f3 est\u00e0 compost per tres exercicis que has de superar:<\/span><\/p><ol style=\"text-align: justify;\"><li><span style=\"font-weight: 400; font-size: 12pt;\">Un q\u00fcestionari tipus test, amb preguntes alternatives sobretot el programa (el temari de l'oposici\u00f3).<\/span><\/li><li><span style=\"font-weight: 400; font-size: 12pt;\">Un exercici escrit, on haur\u00e0s de contestar a preguntes de cultura general i algun exercici de matem\u00e0tiques.<\/span><\/li><li><span style=\"font-weight: 400; font-size: 12pt;\">Resoldre diversos sup\u00f2sits pr\u00e0ctics, relacionats amb les <strong>funcions del subaltern<\/strong>.<\/span><\/li><\/ol><p style=\"text-align: justify;\"><span style=\"font-weight: 400; font-size: 12pt;\">Recorda que tots aquests exercicis s\u00f3n obligatoris i eliminatoris, per la qual cosa per aconseguir la teva pla\u00e7a m\u00ednim haur\u00e0s d'aprovar totes les parts.<\/span><\/p><p>\u00a0<\/p><h3 style=\"text-align: justify;\"><span style=\"font-weight: 400;\">Segona prova<\/span><\/h3><p>\u00a0<\/p><p style=\"text-align: justify;\"><span style=\"font-weight: 400; font-size: 12pt;\">La segona prova de les oposicions de subaltern estar\u00e0 formada per ex\u00e0mens de llengua catalana i castellana.<\/span><\/p><p style=\"text-align: justify;\"><span style=\"font-weight: 400; font-size: 12pt;\">Aquests ex\u00e0mens no haur\u00e0s de realitzar-los si pots acreditar un nivell B2 de catal\u00e0. I si disposes de la nacionalitat espanyola.<\/span><\/p><ul><li style=\"text-align: justify;\"><span style=\"font-size: 12pt;\"><span style=\"font-weight: 400;\">Prova de coneixements de la llengua catalana. \u00c9s aquest exercici, haur\u00e0s de redactar una carta formal de 100 paraules, una nota de 50 i resoldre diversos exercicis de gram\u00e0tica i vocabulari. <\/span><\/span><span style=\"font-weight: 400; font-size: 12pt;\">A m\u00e9s, haur\u00e0s de llegir un text en veu alta, i mantenir una petita conversa.<\/span><\/li><li style=\"text-align: justify;\"><span style=\"font-size: 12pt;\"><span style=\"font-weight: 400;\">Prova de coneixements del castell\u00e0. Aquest exercici \u00e9s m\u00e9s simple. \u00danicament haur\u00e0s de fer una redacci\u00f3 de 150 paraules en 45 minuts i mantenir una conversa de 15 amb el tribunal qualificador.<\/span><\/span><\/li><\/ul><p style=\"text-align: justify;\"><span style=\"font-weight: 400; font-size: 12pt;\">Com aquestes proves no s\u00f3n obligat\u00f2ries per tothom, la seva qualificaci\u00f3 no ser\u00e0 per punts. Si no que es valorar\u00e0 entre apte i no apte.<\/span><\/p><p>\u00a0<\/p><h3 style=\"text-align: justify;\"><span style=\"font-weight: 400;\">Concurs de m\u00e8rits<\/span><\/h3><p>\u00a0<\/p><p style=\"text-align: justify;\"><span style=\"font-weight: 400; font-size: 12pt;\">Una vegada acabada la fase d'ex\u00e0mens, el Tribunal valorar\u00e0 els m\u00e8rits aportats a les oposicions.<\/span><\/p><p style=\"text-align: justify;\"><span style=\"font-weight: 400; font-size: 12pt;\">En funci\u00f3 dels m\u00e8rits que lliuris podr\u00e0s <b>puntuar fins a 66,6 punts<\/b>. Es valorar\u00e0 l'experi\u00e8ncia en llocs similars. A m\u00e9s tamb\u00e9 seran valorades les teves compet\u00e8ncies tecnol\u00f2giques.<\/span><\/p><p style=\"text-align: justify;\"><span style=\"font-weight: 400; font-size: 12pt;\">Els m\u00e8rits han de ser acreditats en el termini de 10 dies h\u00e0bils des del dia que es publiquin els resultats de l'oposici\u00f3.<\/span><\/p><p>\u00a0<\/p><h2 style=\"text-align: justify;\"><span style=\"font-weight: 400;\">Requisits per complir les funcions del subaltern<\/span><\/h2><p>\u00a0<\/p><p style=\"text-align: justify;\"><span style=\"font-weight: 400; font-size: 12pt;\">Igual que la resta de funcionaris de l'estat, per treballar com a subaltern haur\u00e0s de complir uns requisits m\u00ednims, abans de presentar-te a l'oposici\u00f3:<\/span><\/p><ul><li style=\"text-align: justify;\"><span style=\"font-size: 12pt;\"><span style=\"font-weight: 400;\">Tenir nacionalitat espanyola, perm\u00eds de resid\u00e8ncia i treball o ser membre de la Uni\u00f3 Europea.<\/span><\/span><\/li><li style=\"text-align: justify;\"><span style=\"font-size: 12pt;\"><span style=\"font-weight: 400;\">Ser major d'edat i no trobar-se en edat for\u00e7osa de jubilaci\u00f3.<\/span><\/span><\/li><li style=\"text-align: justify;\"><span style=\"font-size: 12pt;\"><span style=\"font-weight: 400;\">Tenir els estudis primaris, graduat escolar, o FP de Primer Grau.<\/span><\/span><\/li><li style=\"text-align: justify;\"><span style=\"font-size: 12pt;\"><span style=\"font-weight: 400;\">No tenir limitacions f\u00edsiques o ps\u00edquiques que impedeixin l'acompliment de les<\/span> <strong>funcions del subaltern<\/strong><span style=\"font-weight: 400;\">.<\/span><\/span><\/li><li style=\"text-align: justify;\"><span style=\"font-size: 12pt;\"><span style=\"font-weight: 400;\">No haver estat separat mitjan\u00e7ant expedient disciplinari de qualsevol administraci\u00f3 p\u00fablica. Ni tampoc estar inhabilitat per l'acompliment de les funcions p\u00fabliques.<\/span><\/span><\/li><\/ul><p style=\"text-align: justify;\"><span style=\"font-weight: 400; font-size: 12pt;\">A m\u00e9s de la formaci\u00f3 m\u00ednima i l'oposici\u00f3 aprovada, haur\u00e0s de comptar amb unes certes habilitats personals.<\/span><\/p><p>\u00a0<\/p><h3 style=\"text-align: justify;\"><span style=\"font-weight: 400;\">Habilitats personals per ser subaltern<\/span><\/h3><p>\u00a0<\/p><p style=\"text-align: justify;\"><span style=\"font-weight: 400; font-size: 12pt;\">Per treballar en aquest lloc haur\u00e0s de ser una persona emp\u00e0tica, amb bons dots comunicatius.<\/span><\/p><p style=\"text-align: justify;\"><span style=\"font-weight: 400; font-size: 12pt;\">Tamb\u00e9 has de ser una persona proactiva, disposat a fer qualsevol tasca per a la qual es precisi la teva ajuda. Ser organitzat i saber gestionar b\u00e9 tot el necessari per al manteniment de l'entitat.<\/span><\/p><p style=\"text-align: justify;\"><span style=\"font-weight: 400; font-size: 12pt;\">En definitiva, si vols ser un subaltern de primera, haur\u00e0s de complir amb aquestes sis compet\u00e8ncies:<\/span><\/p><h4 style=\"text-align: justify;\"><span style=\"font-weight: 400;\">Adaptabilitat<\/span><\/h4><p>\u00a0<\/p><p style=\"text-align: justify;\"><span style=\"font-weight: 400; font-size: 12pt;\">Ser capa\u00e7 d'adaptar-te a qualsevol situaci\u00f3. Acceptar els canvis, i saber donar un nou enfocament a les rutines.<\/span><\/p><p style=\"text-align: justify;\"><span style=\"font-weight: 400; font-size: 12pt;\">Cap canvi ha d'afectar al fet que realitzis de manera \u00f2ptima les <strong>funcions del subaltern<\/strong>.<\/span><\/p><p>\u00a0<\/p><h4 style=\"text-align: justify;\"><span style=\"font-weight: 400;\">Comprom\u00eds<\/span><\/h4><p>\u00a0<\/p><p style=\"text-align: justify;\"><span style=\"font-weight: 400; font-size: 12pt;\">Has d'estar comprom\u00e8s amb l'organitzaci\u00f3 en la qual treballes. A m\u00e9s d'amb el servei p\u00fablic que ofereixes.<\/span><\/p><p style=\"text-align: justify;\"><span style=\"font-weight: 400; font-size: 12pt;\">Per a aix\u00f2, \u00e9s necessari que comprenguis les caracter\u00edstiques de l'administraci\u00f3 p\u00fablica. Comparteixis els seus valors i duguis a terme els seus principis \u00e8tics en la teva professi\u00f3.<\/span><\/p><p>\u00a0<\/p><h4 style=\"text-align: justify;\"><span style=\"font-weight: 400;\">Comunicaci\u00f3<\/span><\/h4><p>\u00a0<\/p><p style=\"text-align: justify;\"><span style=\"font-weight: 400; font-size: 12pt;\">Has de ser capa\u00e7 de transmetre, de manera clara i concisa tot el necessari. Adaptant tu llenguatge depenent de la persona o grup de persones a les quals et dirigeixis.<\/span><\/p><p style=\"text-align: justify;\"><span style=\"font-weight: 400; font-size: 12pt;\">A m\u00e9s, has de ser pacient amb els visitants, contestar els seus dubtes, encara que tots et realitzin la mateixa, i sempre ser una persona extremadament amable amb ells.<\/span><\/p><p>\u00a0<\/p><h4 style=\"text-align: justify;\"><span style=\"font-weight: 400;\">Organitzaci\u00f3 i planificaci\u00f3<\/span><\/h4><p>\u00a0<\/p><p style=\"text-align: justify;\"><span style=\"font-weight: 400; font-size: 12pt;\">S\u00f3n moltes les tasques di\u00e0ries que has de realitzar. Per aix\u00f2, has de tenir criteri i saber organitzar-te.<\/span><\/p><p style=\"text-align: justify;\"><span style=\"font-weight: 400; font-size: 12pt;\">Recorda sempre classificar les tasques en funci\u00f3 de les prioritats, i posar terminis per a complir-les.<\/span><\/p><p>\u00a0<\/p><h4 style=\"text-align: justify;\"><span style=\"font-weight: 400;\">Prevenir i solucionar conflictes<\/span><\/h4><p>\u00a0<\/p><p style=\"text-align: justify;\"><span style=\"font-weight: 400; font-size: 12pt;\">Has de saber controlar el teu comportament en situacions delicades. A vegades pots viure situacions l\u00edmits que et portin a l'estr\u00e8s i l'ansietat.<\/span><\/p><p style=\"text-align: justify;\"><span style=\"font-weight: 400; font-size: 12pt;\">Has d'aparentar calma sempre, i intervenir en aquells problemes que ho requereixin. Per als visitants ets una figura d'autoritat, i has de saber fer-te valer quan es genera un conflicte amb ells.<\/span><\/p><p>\u00a0<\/p><h4 style=\"text-align: justify;\"><span style=\"font-weight: 400;\">Treball en equip<\/span><\/h4><p>\u00a0<\/p><p style=\"text-align: justify;\"><span style=\"font-weight: 400; font-size: 12pt;\">Finalment, \u00e9s vital per ocupar aquest lloc saber treballar en equip i col\u00b7laborar amb el grup. Una actitud participativa, dinamitzar\u00e0 el teu treball, i el facilitar\u00e0.<\/span><\/p><p style=\"text-align: justify;\"><span style=\"font-weight: 400; font-size: 12pt;\">Ha d'existir una bona cohesi\u00f3 entre els teus companys i tu.<\/span><\/p><p>\u00a0<\/p><h2 style=\"text-align: justify;\"><span style=\"font-weight: 400;\">Apr\u00e8n les funcions del subaltern amb Pr\u00e0ctic<\/span><\/h2><p>\u00a0<\/p><p style=\"text-align: justify;\"><span style=\"font-weight: 400; font-size: 12pt;\">Aconseguir un treball per a tota la vida, ben remunerat i amb vacances, \u00e9s a les teves mans. I a Pr\u00e0ctic volem ajudar-te.<\/span><\/p><p style=\"text-align: justify;\"><span style=\"font-weight: 400; font-size: 12pt;\">Si compleixes amb els requisits i aptituds per pert\u00e0nyer al cos de subalterns de la Generalitat, no el dubtis m\u00e9s!<\/span><\/p><p style=\"text-align: justify;\"><span style=\"font-weight: 400; font-size: 12pt;\"><b>Apunta't a Pr\u00e0ctic<\/b> i aconsegueix el millor temari per aprovar l'oposici\u00f3. A m\u00e9s, estar\u00e0s guiat per un grup de professionals experts en la mat\u00e8ria que t'ajudaran a treure la millor nota en l'examen.<\/span><\/p><p style=\"text-align: justify;\"><span style=\"font-weight: 400; font-size: 12pt;\">No t'ho pensis m\u00e9s, demana m\u00e9s informaci\u00f3 emplenant el seg\u00fcent formulari i deixa que t'ajudem a aconseguir la teva pla\u00e7a de funcionari.<\/span><\/p><p>[\/et_pb_text][\/et_pb_column][et_pb_column type=\"2_5\" _builder_version=\"4.16\" _module_preset=\"default\" global_colors_info=\"{}\"][et_pb_code admin_label=\"Cup\u00f3\" _builder_version=\"4.27.4\" _module_preset=\"default\" global_colors_info=\"{}\" global_module=\"26264\" theme_builder_area=\"post_content\"]<\/p><center><\/center><h3><strong>Demana informaci\u00f3 sense comprom\u00eds<\/strong><\/h3><p><br \/><!-- [et_pb_line_break_holder] --><iframe src=\"https:\/\/www.practicbcn.com\/formulario\/form.php\" width=\"400\" height=\"650\" frameborder=\"0\" scrolling=\"no\" data-mce-fragment=\"1\"><\/iframe>[\/et_pb_code][et_pb_text admin_label=\"opinions\" _builder_version=\"4.27.4\" _module_preset=\"default\" global_colors_info=\"{}\" global_module=\"26265\" theme_builder_area=\"post_content\"]<\/p><h3 style=\"text-align: center;\"><strong>OPINIONS<\/strong><\/h3><p><img class=\"wp-image-26215 alignnone size-full\" src=\"https:\/\/www.practicbcn.com\/wp-content\/uploads\/2025\/05\/5.png.webp\" alt=\"\" width=\"96\" height=\"15\" \/><br \/>Donar-vos les gr\u00e0cies per aquest any de formaci\u00f3, per la vostra atenci\u00f3 i professionalitat. He aconseguit un somni. La setmana que ve signo el meu contracte amb Correus. Us recomano sens dubte aquest centre de formaci\u00f3.<\/p><p><strong>Alberto L\u00f3pez<\/strong><\/p><p>\u00a0<\/p><p><img class=\"wp-image-26215 alignnone size-full\" src=\"https:\/\/www.practicbcn.com\/wp-content\/uploads\/2025\/05\/5.png.webp\" alt=\"\" width=\"96\" height=\"15\" \/><br \/>Molt bona atenci\u00f3 i genial preparaci\u00f3 per a les oposicions.<br \/>El personal \u00e9s molt atent i competent, oferint un servei de qualitat.<br \/>Et proporcionen les eines necess\u00e0ries per presentar-te a l'oposici\u00f3 i poder obtenir un resultat satisfactori<\/p><p><strong>Marc Lloren\u00e7<\/strong><\/p><p>\u00a0<\/p><p><img class=\"wp-image-26215 alignnone size-full\" src=\"https:\/\/www.practicbcn.com\/wp-content\/uploads\/2025\/05\/5.png.webp\" alt=\"\" width=\"96\" height=\"15\" \/><br \/>Porto uns mesos com a alumna i la meva experi\u00e8ncia \u00e9s excel\u00b7lent. Estic molt agra\u00efda perqu\u00e8 els professors fan un seguiment personalitzat i resolen tots els dubtes. A m\u00e9s, posen a la nostra disposici\u00f3 tot el material necessari, de manera ben organitzada, perqu\u00e8 la formaci\u00f3 sigui completa i disponible en qualsevol horari.<\/p><p><strong>Silvia<\/strong><\/p><p>\u00a0<\/p><p>[\/et_pb_text][\/et_pb_column][\/et_pb_row][\/et_pb_section][et_pb_section fb_built=\"1\" _builder_version=\"4.16\" _module_preset=\"default\" background_color=\"#009aa5\" min_height=\"254.9px\" custom_margin=\"||||false|false\" custom_padding=\"0px||0px||true|false\" top_divider_height_tablet=\"\" top_divider_height_phone=\"\" top_divider_height_last_edited=\"on|phone\" locked=\"off\" global_colors_info=\"{}\"][et_pb_row column_structure=\"1_3,1_3,1_3\" use_custom_gutter=\"on\" gutter_width=\"1\" make_equal=\"on\" _builder_version=\"4.16\" _module_preset=\"default\" width=\"100%\" max_width=\"2560px\" min_height=\"257.9px\" custom_margin=\"||||false|false\" custom_padding=\"0px||0px||false|false\" global_colors_info=\"{}\"][et_pb_column type=\"1_3\" _builder_version=\"4.16\" _module_preset=\"default\" global_colors_info=\"{}\"][et_pb_image src=\"https:\/\/www.practicbcn.com\/wp-content\/uploads\/2021\/08\/circulo-06_2-06.png\" alt=\"practic-barcelona-oposiciones\" title_text=\"practic-barcelona-oposiciones\" src_tablet=\"https:\/\/www.practicbcn.com\/wp-content\/uploads\/2021\/09\/practic-barcelona-oposiciones.png\" src_phone=\"https:\/\/www.practicbcn.com\/wp-content\/uploads\/2021\/09\/practic-barcelona-oposiciones.png\" src_last_edited=\"on|tablet\" _builder_version=\"4.16\" _module_preset=\"default\" custom_margin=\"||||false|false\" custom_margin_tablet=\"||0px||false|false\" custom_margin_phone=\"||0px||false|false\" custom_margin_last_edited=\"on|tablet\" global_colors_info=\"{}\"][\/et_pb_image][\/et_pb_column][et_pb_column type=\"1_3\" _builder_version=\"4.16\" _module_preset=\"default\" global_colors_info=\"{}\"][et_pb_text _builder_version=\"4.19.1\" _module_preset=\"default\" header_font=\"Montserrat||||||||\" header_2_font=\"Montserrat|900|||||||\" header_2_text_align=\"center\" header_2_text_color=\"#FFFFFF\" header_2_font_size=\"50px\" header_2_line_height=\"1.2em\" custom_margin=\"105px|-63px|105px|-134px|true|false\" custom_margin_tablet=\"0px||0px||true|false\" custom_margin_phone=\"0px||0px||true|false\" custom_margin_last_edited=\"on|tablet\" custom_padding=\"|0px||||\" header_2_font_size_tablet=\"45px\" header_2_font_size_phone=\"40px\" header_2_font_size_last_edited=\"on|tablet\" global_colors_info=\"{}\"]<\/p><h2 style=\"text-align: center;\">Consigue tu pla\u00e7a amb Practic<\/h2><p>[\/et_pb_text][\/et_pb_column][et_pb_column type=\"1_3\" _builder_version=\"4.16\" _module_preset=\"default\" global_colors_info=\"{}\"][et_pb_image src=\"https:\/\/www.practicbcn.com\/wp-content\/uploads\/2021\/08\/LINEAS_2-07.png\" alt=\"Solicita informaci\u00f3n Practic Barcelona\" title_text=\"Solicita informaci\u00f3n Practic Barcelona\" _builder_version=\"4.16\" _module_preset=\"default\" custom_margin=\"37px||||false|false\" custom_margin_tablet=\"-50px||||false|false\" custom_margin_phone=\"-45px||||false|false\" custom_margin_last_edited=\"on|tablet\" global_colors_info=\"{}\"][\/et_pb_image][\/et_pb_column][\/et_pb_row][\/et_pb_section][et_pb_section fb_built=\"1\" admin_label=\"Formulario\" _builder_version=\"4.16\" _module_preset=\"default\" min_height=\"335.1px\" custom_padding=\"0px||0px||true|false\" locked=\"off\" global_colors_info=\"{}\"][et_pb_row custom_padding_last_edited=\"on|phone\" _builder_version=\"4.16\" _module_preset=\"default\" width_tablet=\"90%\" width_phone=\"90%\" width_last_edited=\"on|phone\" custom_padding_tablet=\"\" custom_padding_phone=\"0px||0px||true|false\" global_colors_info=\"{}\"][et_pb_column type=\"4_4\" _builder_version=\"4.16\" _module_preset=\"default\" global_colors_info=\"{}\"][et_pb_text _builder_version=\"4.16\" _module_preset=\"default\" text_font=\"Montserrat|900|||||||\" text_text_color=\"#009aa5\" text_font_size=\"48px\" text_line_height=\"1.2em\" header_2_font=\"Montserrat|900|||||||\" header_2_text_color=\"#009aa5\" header_2_font_size=\"46px\" text_orientation=\"center\" text_font_size_tablet=\"\" text_font_size_phone=\"23px\" text_font_size_last_edited=\"on|phone\" global_colors_info=\"{}\"]<\/p><p>Sol\u00b7licita informaci\u00f3 gratu\u00efta i sense comprom\u00eds<\/p><p>[\/et_pb_text][\/et_pb_column][\/et_pb_row][et_pb_row _builder_version=\"4.16\" _module_preset=\"default\" width_tablet=\"\" width_phone=\"100%\" width_last_edited=\"on|phone\" border_color_all=\"#000000\" global_colors_info=\"{}\"][et_pb_column type=\"4_4\" _builder_version=\"4.16\" _module_preset=\"default\" global_colors_info=\"{}\"][et_pb_code _builder_version=\"4.16\" _module_preset=\"default\" text_orientation=\"center\" global_colors_info=\"{}\"]<iframe src=\"https:\/\/www.practicbcn.com\/formulario2\/form2_cat.php\" width=\"400\" height=\"650\" frameborder=\"0\" scrolling=\"no\" data-mce-fragment=\"1\"><\/iframe>[\/et_pb_code][et_pb_toggle title=\"RGPD Llei de Protecci\u00f3 de Dades\" open_toggle_text_color=\"#000000\" open_toggle_background_color=\"#ffffff\" closed_toggle_text_color=\"#000000\" closed_toggle_background_color=\"#ffffff\" icon_color=\"#5499A3\" open_icon_color=\"#5499A3\" disabled_on=\"off|off|off\" _builder_version=\"4.16\" title_text_color=\"#000000\" body_text_color=\"#000000\" custom_margin_tablet=\"\" custom_margin_phone=\"|20px||20px|false|true\" custom_margin_last_edited=\"on|phone\" custom_padding_tablet=\"\" custom_padding_phone=\"||||false|false\" custom_padding_last_edited=\"on|phone\" z_index_tablet=\"500\" title_text_shadow_horizontal_length_tablet=\"0px\" title_text_shadow_vertical_length_tablet=\"0px\" title_text_shadow_blur_strength_tablet=\"1px\" closed_title_text_shadow_horizontal_length_tablet=\"0px\" closed_title_text_shadow_vertical_length_tablet=\"0px\" closed_title_text_shadow_blur_strength_tablet=\"1px\" body_text_shadow_horizontal_length_tablet=\"0px\" body_text_shadow_vertical_length_tablet=\"0px\" body_text_shadow_blur_strength_tablet=\"1px\" body_link_text_shadow_horizontal_length_tablet=\"0px\" body_link_text_shadow_vertical_length_tablet=\"0px\" body_link_text_shadow_blur_strength_tablet=\"1px\" body_ul_text_shadow_horizontal_length_tablet=\"0px\" body_ul_text_shadow_vertical_length_tablet=\"0px\" body_ul_text_shadow_blur_strength_tablet=\"1px\" body_ol_text_shadow_horizontal_length_tablet=\"0px\" body_ol_text_shadow_vertical_length_tablet=\"0px\" body_ol_text_shadow_blur_strength_tablet=\"1px\" body_quote_text_shadow_horizontal_length_tablet=\"0px\" body_quote_text_shadow_vertical_length_tablet=\"0px\" body_quote_text_shadow_blur_strength_tablet=\"1px\" border_color_all=\"#000000\" box_shadow_horizontal_tablet=\"0px\" box_shadow_vertical_tablet=\"0px\" box_shadow_blur_tablet=\"40px\" box_shadow_spread_tablet=\"0px\" text_shadow_horizontal_length_tablet=\"0px\" text_shadow_vertical_length_tablet=\"0px\" text_shadow_blur_strength_tablet=\"1px\" global_colors_info=\"{}\"]<\/p><p>COMPLIMENT LLEI DE PROTECCI\u00d3 DE DADES 2018 RPGD<br \/>Responsable: CENTRE FORMATIU PRACTIC UNIC BCN 774 , S.L.U CIF: B87963914<br \/>Finalitat: Proporcionar informaci\u00f3 sobre els nostres serveis.<br \/>Legitimaci\u00f3: Consentiment de l'interessat.<br \/>Destinataris: No se cediran dades a tercers, excepte obligaci\u00f3 legal.<br \/>Drets: Accedir, rectificar, suprimir les dades i altres drets, com s'explica en la informaci\u00f3 addicional.<br \/>Informaci\u00f3 addicional: <a href=\"https:\/\/www.practicbcn.com\/aviso-legal-rgpd\/\">Pol\u00edtica de privacitat i RGPD<\/a>.<\/p><p>[\/et_pb_toggle][\/et_pb_column][\/et_pb_row][\/et_pb_section]<\/p>","_et_gb_content_width":"","footnotes":""},"categories":[225,229,10],"tags":[],"class_list":["post-26967","post","type-post","status-publish","format-standard","has-post-thumbnail","hentry","category-correos","category-estatales","category-noticias"],"yoast_head":"<!-- This site is optimized with the Yoast SEO Premium plugin v22.8 (Yoast SEO v27.2) - https:\/\/yoast.com\/product\/yoast-seo-premium-wordpress\/ -->\n<title>Trabajar en Correos 2026 - academia oposiciones Barcelona<\/title>\n<meta name=\"description\" content=\"Cada a\u00f1o, esta empresa p\u00fablica lanza nuevas convocatorias de empleo, y en 2026 se espera una de las m\u00e1s amplias de los \u00faltimos a\u00f1os, con miles de plazas disponibles en todo el territorio espa\u00f1ol.\" \/>\n<meta name=\"robots\" content=\"index, follow, max-snippet:-1, max-image-preview:large, max-video-preview:-1\" \/>\n<link rel=\"canonical\" href=\"https:\/\/www.practicbcn.com\/ca\/trabajar-en-correos-2026\/\" \/>\n<meta property=\"og:locale\" content=\"ca_ES\" \/>\n<meta property=\"og:type\" content=\"article\" \/>\n<meta property=\"og:title\" content=\"Trabajar en Correos 2026\" \/>\n<meta property=\"og:description\" content=\"Cada a\u00f1o, esta empresa p\u00fablica lanza nuevas convocatorias de empleo, y en 2026 se espera una de las m\u00e1s amplias de los \u00faltimos a\u00f1os, con miles de plazas disponibles en todo el territorio espa\u00f1ol.\" \/>\n<meta property=\"og:url\" content=\"https:\/\/www.practicbcn.com\/ca\/trabajar-en-correos-2026\/\" \/>\n<meta property=\"og:site_name\" content=\"academia oposiciones Barcelona\" \/>\n<meta property=\"article:published_time\" content=\"2025-10-13T16:14:05+00:00\" \/>\n<meta property=\"article:modified_time\" content=\"2025-10-13T16:14:15+00:00\" \/>\n<meta property=\"og:image\" content=\"https:\/\/www.practicbcn.com\/wp-content\/uploads\/2025\/08\/OIG-21.jpg\" \/>\n\t<meta property=\"og:image:width\" content=\"1024\" \/>\n\t<meta property=\"og:image:height\" content=\"1024\" \/>\n\t<meta property=\"og:image:type\" content=\"image\/jpeg\" \/>\n<meta name=\"author\" content=\"cantu\" \/>\n<meta name=\"twitter:card\" content=\"summary_large_image\" \/>\n<meta name=\"twitter:label1\" content=\"Escrit per\" \/>\n\t<meta name=\"twitter:data1\" content=\"cantu\" \/>\n\t<meta name=\"twitter:label2\" content=\"Temps estimat de lectura\" \/>\n\t<meta name=\"twitter:data2\" content=\"7 minuts\" \/>\n<script type=\"application\/ld+json\" class=\"yoast-schema-graph\">{\"@context\":\"https:\/\/schema.org\",\"@graph\":[{\"@type\":\"Article\",\"@id\":\"https:\/\/www.practicbcn.com\/ca\/trabajar-en-correos-2026\/#article\",\"isPartOf\":{\"@id\":\"https:\/\/www.practicbcn.com\/ca\/trabajar-en-correos-2026\/\"},\"author\":{\"name\":\"cantu\",\"@id\":\"https:\/\/www.practicbcn.com\/ca\/#\/schema\/person\/b1bf6fae906bb2caf24a3ed0699b35a1\"},\"headline\":\"Trabajar en Correos 2026\",\"datePublished\":\"2025-10-13T16:14:05+00:00\",\"dateModified\":\"2025-10-13T16:14:15+00:00\",\"mainEntityOfPage\":{\"@id\":\"https:\/\/www.practicbcn.com\/ca\/trabajar-en-correos-2026\/\"},\"wordCount\":1412,\"publisher\":{\"@id\":\"https:\/\/www.practicbcn.com\/ca\/#organization\"},\"image\":{\"@id\":\"https:\/\/www.practicbcn.com\/ca\/trabajar-en-correos-2026\/#primaryimage\"},\"thumbnailUrl\":\"https:\/\/www.practicbcn.com\/wp-content\/uploads\/2025\/08\/OIG-21.jpg\",\"articleSection\":[\"Correos\",\"Estatales\",\"noticias\"],\"inLanguage\":\"ca\"},{\"@type\":\"WebPage\",\"@id\":\"https:\/\/www.practicbcn.com\/ca\/trabajar-en-correos-2026\/\",\"url\":\"https:\/\/www.practicbcn.com\/ca\/trabajar-en-correos-2026\/\",\"name\":\"Trabajar en Correos 2026 - academia oposiciones Barcelona\",\"isPartOf\":{\"@id\":\"https:\/\/www.practicbcn.com\/ca\/#website\"},\"primaryImageOfPage\":{\"@id\":\"https:\/\/www.practicbcn.com\/ca\/trabajar-en-correos-2026\/#primaryimage\"},\"image\":{\"@id\":\"https:\/\/www.practicbcn.com\/ca\/trabajar-en-correos-2026\/#primaryimage\"},\"thumbnailUrl\":\"https:\/\/www.practicbcn.com\/wp-content\/uploads\/2025\/08\/OIG-21.jpg\",\"datePublished\":\"2025-10-13T16:14:05+00:00\",\"dateModified\":\"2025-10-13T16:14:15+00:00\",\"description\":\"Cada a\u00f1o, esta empresa p\u00fablica lanza nuevas convocatorias de empleo, y en 2026 se espera una de las m\u00e1s amplias de los \u00faltimos a\u00f1os, con miles de plazas disponibles en todo el territorio espa\u00f1ol.\",\"breadcrumb\":{\"@id\":\"https:\/\/www.practicbcn.com\/ca\/trabajar-en-correos-2026\/#breadcrumb\"},\"inLanguage\":\"ca\",\"potentialAction\":[{\"@type\":\"ReadAction\",\"target\":[\"https:\/\/www.practicbcn.com\/ca\/trabajar-en-correos-2026\/\"]}]},{\"@type\":\"ImageObject\",\"inLanguage\":\"ca\",\"@id\":\"https:\/\/www.practicbcn.com\/ca\/trabajar-en-correos-2026\/#primaryimage\",\"url\":\"https:\/\/www.practicbcn.com\/wp-content\/uploads\/2025\/08\/OIG-21.jpg\",\"contentUrl\":\"https:\/\/www.practicbcn.com\/wp-content\/uploads\/2025\/08\/OIG-21.jpg\",\"width\":1024,\"height\":1024,\"caption\":\"Convocat\u00f2ries de Correus 2026-2028: 4.000 places i noves ofertes d\u2019ocupaci\u00f3 p\u00fablica\"},{\"@type\":\"BreadcrumbList\",\"@id\":\"https:\/\/www.practicbcn.com\/ca\/trabajar-en-correos-2026\/#breadcrumb\",\"itemListElement\":[{\"@type\":\"ListItem\",\"position\":1,\"name\":\"Portada\",\"item\":\"https:\/\/www.practicbcn.com\/ca\/\"},{\"@type\":\"ListItem\",\"position\":2,\"name\":\"Trabajar en Correos 2026\"}]},{\"@type\":\"WebSite\",\"@id\":\"https:\/\/www.practicbcn.com\/ca\/#website\",\"url\":\"https:\/\/www.practicbcn.com\/ca\/\",\"name\":\"academia oposiciones Barcelona\",\"description\":\"academia oposiciones Barcelona PracticBCN Preparaci\u00f3n de opositores\",\"publisher\":{\"@id\":\"https:\/\/www.practicbcn.com\/ca\/#organization\"},\"potentialAction\":[{\"@type\":\"SearchAction\",\"target\":{\"@type\":\"EntryPoint\",\"urlTemplate\":\"https:\/\/www.practicbcn.com\/ca\/?s={search_term_string}\"},\"query-input\":{\"@type\":\"PropertyValueSpecification\",\"valueRequired\":true,\"valueName\":\"search_term_string\"}}],\"inLanguage\":\"ca\"},{\"@type\":\"Organization\",\"@id\":\"https:\/\/www.practicbcn.com\/ca\/#organization\",\"name\":\"Practic BCN\",\"url\":\"https:\/\/www.practicbcn.com\/ca\/\",\"logo\":{\"@type\":\"ImageObject\",\"inLanguage\":\"ca\",\"@id\":\"https:\/\/www.practicbcn.com\/ca\/#\/schema\/logo\/image\/\",\"url\":\"https:\/\/www.practicbcn.com\/wp-content\/uploads\/2018\/01\/LOGO-PRACTIC.jpg\",\"contentUrl\":\"https:\/\/www.practicbcn.com\/wp-content\/uploads\/2018\/01\/LOGO-PRACTIC.jpg\",\"width\":679,\"height\":676,\"caption\":\"Practic BCN\"},\"image\":{\"@id\":\"https:\/\/www.practicbcn.com\/ca\/#\/schema\/logo\/image\/\"}},{\"@type\":\"Person\",\"@id\":\"https:\/\/www.practicbcn.com\/ca\/#\/schema\/person\/b1bf6fae906bb2caf24a3ed0699b35a1\",\"name\":\"cantu\",\"image\":{\"@type\":\"ImageObject\",\"inLanguage\":\"ca\",\"@id\":\"https:\/\/secure.gravatar.com\/avatar\/9bf69246e68f8fa9721cc29ec236bd9daee6f76dfca26b3ddd7625676a5c2f9c?s=96&d=mm&r=g\",\"url\":\"https:\/\/secure.gravatar.com\/avatar\/9bf69246e68f8fa9721cc29ec236bd9daee6f76dfca26b3ddd7625676a5c2f9c?s=96&d=mm&r=g\",\"contentUrl\":\"https:\/\/secure.gravatar.com\/avatar\/9bf69246e68f8fa9721cc29ec236bd9daee6f76dfca26b3ddd7625676a5c2f9c?s=96&d=mm&r=g\",\"caption\":\"cantu\"}}]}<\/script>\n<!-- \/ Yoast SEO Premium plugin. -->","yoast_head_json":{"title":"Trabajar en Correos 2026 - academia oposiciones Barcelona","description":"Cada a\u00f1o, esta empresa p\u00fablica lanza nuevas convocatorias de empleo, y en 2026 se espera una de las m\u00e1s amplias de los \u00faltimos a\u00f1os, con miles de plazas disponibles en todo el territorio espa\u00f1ol.","robots":{"index":"index","follow":"follow","max-snippet":"max-snippet:-1","max-image-preview":"max-image-preview:large","max-video-preview":"max-video-preview:-1"},"canonical":"https:\/\/www.practicbcn.com\/ca\/trabajar-en-correos-2026\/","og_locale":"ca_ES","og_type":"article","og_title":"Trabajar en Correos 2026","og_description":"Cada a\u00f1o, esta empresa p\u00fablica lanza nuevas convocatorias de empleo, y en 2026 se espera una de las m\u00e1s amplias de los \u00faltimos a\u00f1os, con miles de plazas disponibles en todo el territorio espa\u00f1ol.","og_url":"https:\/\/www.practicbcn.com\/ca\/trabajar-en-correos-2026\/","og_site_name":"academia oposiciones Barcelona","article_published_time":"2025-10-13T16:14:05+00:00","article_modified_time":"2025-10-13T16:14:15+00:00","og_image":[{"width":1024,"height":1024,"url":"https:\/\/www.practicbcn.com\/wp-content\/uploads\/2025\/08\/OIG-21.jpg","type":"image\/jpeg"}],"author":"cantu","twitter_card":"summary_large_image","twitter_misc":{"Escrit per":"cantu","Temps estimat de lectura":"7 minuts"},"schema":{"@context":"https:\/\/schema.org","@graph":[{"@type":"Article","@id":"https:\/\/www.practicbcn.com\/ca\/trabajar-en-correos-2026\/#article","isPartOf":{"@id":"https:\/\/www.practicbcn.com\/ca\/trabajar-en-correos-2026\/"},"author":{"name":"cantu","@id":"https:\/\/www.practicbcn.com\/ca\/#\/schema\/person\/b1bf6fae906bb2caf24a3ed0699b35a1"},"headline":"Trabajar en Correos 2026","datePublished":"2025-10-13T16:14:05+00:00","dateModified":"2025-10-13T16:14:15+00:00","mainEntityOfPage":{"@id":"https:\/\/www.practicbcn.com\/ca\/trabajar-en-correos-2026\/"},"wordCount":1412,"publisher":{"@id":"https:\/\/www.practicbcn.com\/ca\/#organization"},"image":{"@id":"https:\/\/www.practicbcn.com\/ca\/trabajar-en-correos-2026\/#primaryimage"},"thumbnailUrl":"https:\/\/www.practicbcn.com\/wp-content\/uploads\/2025\/08\/OIG-21.jpg","articleSection":["Correos","Estatales","noticias"],"inLanguage":"ca"},{"@type":"WebPage","@id":"https:\/\/www.practicbcn.com\/ca\/trabajar-en-correos-2026\/","url":"https:\/\/www.practicbcn.com\/ca\/trabajar-en-correos-2026\/","name":"Trabajar en Correos 2026 - academia oposiciones Barcelona","isPartOf":{"@id":"https:\/\/www.practicbcn.com\/ca\/#website"},"primaryImageOfPage":{"@id":"https:\/\/www.practicbcn.com\/ca\/trabajar-en-correos-2026\/#primaryimage"},"image":{"@id":"https:\/\/www.practicbcn.com\/ca\/trabajar-en-correos-2026\/#primaryimage"},"thumbnailUrl":"https:\/\/www.practicbcn.com\/wp-content\/uploads\/2025\/08\/OIG-21.jpg","datePublished":"2025-10-13T16:14:05+00:00","dateModified":"2025-10-13T16:14:15+00:00","description":"Cada a\u00f1o, esta empresa p\u00fablica lanza nuevas convocatorias de empleo, y en 2026 se espera una de las m\u00e1s amplias de los \u00faltimos a\u00f1os, con miles de plazas disponibles en todo el territorio espa\u00f1ol.","breadcrumb":{"@id":"https:\/\/www.practicbcn.com\/ca\/trabajar-en-correos-2026\/#breadcrumb"},"inLanguage":"ca","potentialAction":[{"@type":"ReadAction","target":["https:\/\/www.practicbcn.com\/ca\/trabajar-en-correos-2026\/"]}]},{"@type":"ImageObject","inLanguage":"ca","@id":"https:\/\/www.practicbcn.com\/ca\/trabajar-en-correos-2026\/#primaryimage","url":"https:\/\/www.practicbcn.com\/wp-content\/uploads\/2025\/08\/OIG-21.jpg","contentUrl":"https:\/\/www.practicbcn.com\/wp-content\/uploads\/2025\/08\/OIG-21.jpg","width":1024,"height":1024,"caption":"Convocat\u00f2ries de Correus 2026-2028: 4.000 places i noves ofertes d\u2019ocupaci\u00f3 p\u00fablica"},{"@type":"BreadcrumbList","@id":"https:\/\/www.practicbcn.com\/ca\/trabajar-en-correos-2026\/#breadcrumb","itemListElement":[{"@type":"ListItem","position":1,"name":"Portada","item":"https:\/\/www.practicbcn.com\/ca\/"},{"@type":"ListItem","position":2,"name":"Trabajar en Correos 2026"}]},{"@type":"WebSite","@id":"https:\/\/www.practicbcn.com\/ca\/#website","url":"https:\/\/www.practicbcn.com\/ca\/","name":"academia oposiciones Barcelona","description":"academia oposiciones Barcelona PracticBCN Preparaci\u00f3n de opositores","publisher":{"@id":"https:\/\/www.practicbcn.com\/ca\/#organization"},"potentialAction":[{"@type":"SearchAction","target":{"@type":"EntryPoint","urlTemplate":"https:\/\/www.practicbcn.com\/ca\/?s={search_term_string}"},"query-input":{"@type":"PropertyValueSpecification","valueRequired":true,"valueName":"search_term_string"}}],"inLanguage":"ca"},{"@type":"Organization","@id":"https:\/\/www.practicbcn.com\/ca\/#organization","name":"Practic BCN","url":"https:\/\/www.practicbcn.com\/ca\/","logo":{"@type":"ImageObject","inLanguage":"ca","@id":"https:\/\/www.practicbcn.com\/ca\/#\/schema\/logo\/image\/","url":"https:\/\/www.practicbcn.com\/wp-content\/uploads\/2018\/01\/LOGO-PRACTIC.jpg","contentUrl":"https:\/\/www.practicbcn.com\/wp-content\/uploads\/2018\/01\/LOGO-PRACTIC.jpg","width":679,"height":676,"caption":"Practic BCN"},"image":{"@id":"https:\/\/www.practicbcn.com\/ca\/#\/schema\/logo\/image\/"}},{"@type":"Person","@id":"https:\/\/www.practicbcn.com\/ca\/#\/schema\/person\/b1bf6fae906bb2caf24a3ed0699b35a1","name":"cantu","image":{"@type":"ImageObject","inLanguage":"ca","@id":"https:\/\/secure.gravatar.com\/avatar\/9bf69246e68f8fa9721cc29ec236bd9daee6f76dfca26b3ddd7625676a5c2f9c?s=96&d=mm&r=g","url":"https:\/\/secure.gravatar.com\/avatar\/9bf69246e68f8fa9721cc29ec236bd9daee6f76dfca26b3ddd7625676a5c2f9c?s=96&d=mm&r=g","contentUrl":"https:\/\/secure.gravatar.com\/avatar\/9bf69246e68f8fa9721cc29ec236bd9daee6f76dfca26b3ddd7625676a5c2f9c?s=96&d=mm&r=g","caption":"cantu"}}]}},"_links":{"self":[{"href":"https:\/\/www.practicbcn.com\/ca\/wp-json\/wp\/v2\/posts\/26967","targetHints":{"allow":["GET"]}}],"collection":[{"href":"https:\/\/www.practicbcn.com\/ca\/wp-json\/wp\/v2\/posts"}],"about":[{"href":"https:\/\/www.practicbcn.com\/ca\/wp-json\/wp\/v2\/types\/post"}],"author":[{"embeddable":true,"href":"https:\/\/www.practicbcn.com\/ca\/wp-json\/wp\/v2\/users\/3"}],"replies":[{"embeddable":true,"href":"https:\/\/www.practicbcn.com\/ca\/wp-json\/wp\/v2\/comments?post=26967"}],"version-history":[{"count":0,"href":"https:\/\/www.practicbcn.com\/ca\/wp-json\/wp\/v2\/posts\/26967\/revisions"}],"wp:featuredmedia":[{"embeddable":true,"href":"https:\/\/www.practicbcn.com\/ca\/wp-json\/wp\/v2\/media\/26715"}],"wp:attachment":[{"href":"https:\/\/www.practicbcn.com\/ca\/wp-json\/wp\/v2\/media?parent=26967"}],"wp:term":[{"taxonomy":"category","embeddable":true,"href":"https:\/\/www.practicbcn.com\/ca\/wp-json\/wp\/v2\/categories?post=26967"},{"taxonomy":"post_tag","embeddable":true,"href":"https:\/\/www.practicbcn.com\/ca\/wp-json\/wp\/v2\/tags?post=26967"}],"curies":[{"name":"wp","href":"https:\/\/api.w.org\/{rel}","templated":true}]}}