{"id":26941,"date":"2025-10-13T15:00:24","date_gmt":"2025-10-13T15:00:24","guid":{"rendered":"https:\/\/www.practicbcn.com\/?p=26941"},"modified":"2025-10-13T15:10:23","modified_gmt":"2025-10-13T15:10:23","slug":"ventajas-administratiu-generalitat","status":"publish","type":"post","link":"https:\/\/www.practicbcn.com\/ca\/ventajas-administratiu-generalitat\/","title":{"rendered":"Ventajas Administratiu Generalitat"},"content":{"rendered":"<p>[et_pb_section fb_built=&#8221;1&#8243; _builder_version=&#8221;4.16&#8243; _module_preset=&#8221;default&#8221; global_colors_info=&#8221;{}&#8221;][et_pb_row column_structure=&#8221;3_5,2_5&#8243; _builder_version=&#8221;4.16&#8243; _module_preset=&#8221;default&#8221; global_colors_info=&#8221;{}&#8221;][et_pb_column type=&#8221;3_5&#8243; _builder_version=&#8221;4.16&#8243; _module_preset=&#8221;default&#8221; global_colors_info=&#8221;{}&#8221;][et_pb_text _builder_version=&#8221;4.27.4&#8243; _module_preset=&#8221;default&#8221; hover_enabled=&#8221;0&#8243; global_colors_info=&#8221;{}&#8221; sticky_enabled=&#8221;0&#8243;]<\/p>\n<p data-start=\"342\" data-end=\"608\">Convertirse en <a href=\"https:\/\/www.practicbcn.com\/academia-auxiliar-administrativo-generalitat-catalunya\/\"><strong data-start=\"357\" data-end=\"415\">Auxiliar Administrativo de la Generalitat de Catalunya<\/strong><\/a> es una de las salidas profesionales m\u00e1s atractivas para quienes buscan <strong data-start=\"487\" data-end=\"560\">estabilidad laboral, buen horario y posibilidades reales de promoci\u00f3n<\/strong> dentro de la Administraci\u00f3n p\u00fablica catalana.<\/p>\n<p data-start=\"610\" data-end=\"831\">Cada a\u00f1o, la Generalitat convoca <strong data-start=\"643\" data-end=\"667\">centenares de plazas<\/strong> para este cuerpo (grupo C2), y miles de aspirantes se presentan en busca de una oportunidad para lograr un empleo seguro y con condiciones laborales envidiables.<\/p>\n<p data-start=\"833\" data-end=\"1052\">A continuaci\u00f3n, te mostramos todas las <strong data-start=\"872\" data-end=\"897\">ventajas y beneficios<\/strong> que ofrece trabajar como <strong data-start=\"923\" data-end=\"968\">Auxiliar Administrativo en la Generalitat<\/strong>, desde el salario hasta las oportunidades de crecimiento y conciliaci\u00f3n personal.<\/p>\n<h2 data-start=\"1059\" data-end=\"1108\">\u00a0<\/h2>\n<h2 data-start=\"1059\" data-end=\"1108\">Estabilidad laboral y seguridad econ\u00f3mica<\/h2>\n<p data-start=\"1110\" data-end=\"1400\">Una de las principales razones por las que muchos opositores eligen esta profesi\u00f3n es la <strong data-start=\"1199\" data-end=\"1236\">seguridad de tener un empleo fijo<\/strong>.<br data-start=\"1237\" data-end=\"1240\" \/>Una vez superadas las oposiciones y completado el proceso selectivo, los auxiliares administrativos pasan a ser <strong data-start=\"1352\" data-end=\"1379\">funcionarios de carrera<\/strong>, lo que significa:<\/p>\n<ul data-start=\"1402\" data-end=\"1646\">\n<li data-start=\"1402\" data-end=\"1437\">\n<p data-start=\"1404\" data-end=\"1437\"><strong data-start=\"1404\" data-end=\"1422\">Empleo estable<\/strong> de por vida.<\/p>\n<\/li>\n<li data-start=\"1438\" data-end=\"1513\">\n<p data-start=\"1440\" data-end=\"1513\"><strong data-start=\"1440\" data-end=\"1472\">Protecci\u00f3n frente al despido<\/strong> (solo en casos disciplinarios graves).<\/p>\n<\/li>\n<li data-start=\"1514\" data-end=\"1562\">\n<p data-start=\"1516\" data-end=\"1562\"><strong data-start=\"1516\" data-end=\"1559\">Salario garantizado y revisado cada a\u00f1o<\/strong>.<\/p>\n<\/li>\n<li data-start=\"1563\" data-end=\"1646\">\n<p data-start=\"1565\" data-end=\"1646\">Posibilidad de acceder a <strong data-start=\"1590\" data-end=\"1602\">trienios<\/strong> (complementos salariales por antig\u00fcedad).<\/p>\n<\/li>\n<\/ul>\n<p data-start=\"1648\" data-end=\"1784\">En un mercado laboral tan cambiante, conseguir una plaza en la Generalitat es una <strong data-start=\"1730\" data-end=\"1781\">garant\u00eda de estabilidad profesional y econ\u00f3mica<\/strong>.<\/p>\n<h2 data-start=\"1791\" data-end=\"1826\">\u00a0<\/h2>\n<h2 data-start=\"1791\" data-end=\"1826\">Buen salario y complementos<\/h2>\n<p data-start=\"1828\" data-end=\"2012\">El <strong data-start=\"1831\" data-end=\"1895\">sueldo medio de un Auxiliar Administrativo de la Generalitat<\/strong> se sit\u00faa entre <strong data-start=\"1911\" data-end=\"1950\">1.400 y 1.800 euros netos mensuales<\/strong>, dependiendo del destino, los complementos y la antig\u00fcedad.<\/p>\n<div class=\"_tableContainer_1rjym_1\">\n<div class=\"group _tableWrapper_1rjym_13 flex w-fit flex-col-reverse\" tabindex=\"-1\">\n<table class=\"w-fit min-w-(--thread-content-width)\" data-start=\"2014\" data-end=\"2234\">\n<thead data-start=\"2014\" data-end=\"2055\">\n<tr data-start=\"2014\" data-end=\"2055\">\n<th data-start=\"2014\" data-end=\"2025\" data-col-size=\"sm\">Concepto<\/th>\n<th data-start=\"2025\" data-end=\"2055\" data-col-size=\"sm\">Importe aproximado mensual<\/th>\n<\/tr>\n<\/thead>\n<tbody data-start=\"2100\" data-end=\"2234\">\n<tr data-start=\"2100\" data-end=\"2123\">\n<td data-start=\"2100\" data-end=\"2114\" data-col-size=\"sm\">Sueldo base<\/td>\n<td data-start=\"2114\" data-end=\"2123\" data-col-size=\"sm\">850 \u20ac<\/td>\n<\/tr>\n<tr data-start=\"2124\" data-end=\"2158\">\n<td data-start=\"2124\" data-end=\"2149\" data-col-size=\"sm\">Complemento de destino<\/td>\n<td data-start=\"2149\" data-end=\"2158\" data-col-size=\"sm\">300 \u20ac<\/td>\n<\/tr>\n<tr data-start=\"2159\" data-end=\"2197\">\n<td data-start=\"2159\" data-end=\"2184\" data-col-size=\"sm\">Complemento espec\u00edfico<\/td>\n<td data-start=\"2184\" data-end=\"2197\" data-col-size=\"sm\">250-400 \u20ac<\/td>\n<\/tr>\n<tr data-start=\"2198\" data-end=\"2234\">\n<td data-start=\"2198\" data-end=\"2223\" data-col-size=\"sm\">Trienios (cada 3 a\u00f1os)<\/td>\n<td data-start=\"2223\" data-end=\"2234\" data-col-size=\"sm\">30-40 \u20ac<\/td>\n<\/tr>\n<\/tbody>\n<\/table>\n<\/div>\n<\/div>\n<p data-start=\"2236\" data-end=\"2406\">A este salario se le a\u00f1aden <strong data-start=\"2264\" data-end=\"2290\">dos pagas extra al a\u00f1o<\/strong>, en junio y diciembre, y otros beneficios como pluses por productividad o desplazamiento en determinados puestos.<\/p>\n<p data-start=\"2408\" data-end=\"2559\">En comparaci\u00f3n con empleos similares del sector privado, las condiciones salariales y de estabilidad de la Generalitat resultan <strong data-start=\"2536\" data-end=\"2556\">muy competitivas<\/strong>.<\/p>\n<h2 data-start=\"2566\" data-end=\"2613\">\u00a0<\/h2>\n<h2 data-start=\"2566\" data-end=\"2613\">Horario estable y conciliaci\u00f3n familiar<\/h2>\n<p data-start=\"2615\" data-end=\"2736\">Otro de los grandes atractivos de trabajar como Auxiliar Administrativo en la Generalitat es el <strong data-start=\"2711\" data-end=\"2733\">horario de trabajo<\/strong>.<\/p>\n<ul data-start=\"2738\" data-end=\"3009\">\n<li data-start=\"2738\" data-end=\"2807\">\n<p data-start=\"2740\" data-end=\"2807\">Jornada habitual: de <strong data-start=\"2761\" data-end=\"2783\">8:00 a 15:00 horas<\/strong> (35 horas semanales).<\/p>\n<\/li>\n<li data-start=\"2808\" data-end=\"2850\">\n<p data-start=\"2810\" data-end=\"2850\"><strong data-start=\"2810\" data-end=\"2847\">Fines de semana y festivos libres<\/strong>.<\/p>\n<\/li>\n<li data-start=\"2851\" data-end=\"2897\">\n<p data-start=\"2853\" data-end=\"2897\"><strong data-start=\"2853\" data-end=\"2867\">Vacaciones<\/strong>: 22 d\u00edas laborables al a\u00f1o.<\/p>\n<\/li>\n<li data-start=\"2898\" data-end=\"3009\">\n<p data-start=\"2900\" data-end=\"3009\"><strong data-start=\"2900\" data-end=\"2936\">Permisos y licencias retribuidos<\/strong> por asuntos personales, maternidad, paternidad, estudios o enfermedad.<\/p>\n<\/li>\n<\/ul>\n<p data-start=\"3011\" data-end=\"3178\">Adem\u00e1s, existe la posibilidad de <strong data-start=\"3044\" data-end=\"3074\">adaptar la jornada laboral<\/strong> o <strong data-start=\"3077\" data-end=\"3110\">solicitar teletrabajo parcial<\/strong>, algo muy valorado para conciliar la vida personal y profesional.<\/p>\n<h2 data-start=\"3185\" data-end=\"3235\">\u00a0<\/h2>\n<h2 data-start=\"3185\" data-end=\"3235\">Amplias oportunidades de promoci\u00f3n interna<\/h2>\n<p data-start=\"3237\" data-end=\"3356\">Ser Auxiliar Administrativo es tambi\u00e9n una <strong data-start=\"3280\" data-end=\"3328\">puerta de entrada a otros cuerpos superiores<\/strong> dentro de la Generalitat.<\/p>\n<p data-start=\"3358\" data-end=\"3464\">Con el tiempo y la experiencia, puedes acceder a convocatorias de <strong data-start=\"3424\" data-end=\"3445\">promoci\u00f3n interna<\/strong> para ascender a:<\/p>\n<ul data-start=\"3466\" data-end=\"3570\">\n<li data-start=\"3466\" data-end=\"3493\">\n<p data-start=\"3468\" data-end=\"3493\"><strong data-start=\"3468\" data-end=\"3491\">Administrativo (C1)<\/strong><\/p>\n<\/li>\n<li data-start=\"3494\" data-end=\"3528\">\n<p data-start=\"3496\" data-end=\"3528\"><strong data-start=\"3496\" data-end=\"3526\">Gestor administrativo (A2)<\/strong><\/p>\n<\/li>\n<li data-start=\"3529\" data-end=\"3570\">\n<p data-start=\"3531\" data-end=\"3570\"><strong data-start=\"3531\" data-end=\"3568\">T\u00e9cnico de la Administraci\u00f3n (A1)<\/strong><\/p>\n<\/li>\n<\/ul>\n<p data-start=\"3572\" data-end=\"3752\">Esto significa que no solo tienes estabilidad, sino que puedes <strong data-start=\"3635\" data-end=\"3665\">progresar profesionalmente<\/strong> y aumentar tu salario y responsabilidades sin tener que abandonar la Administraci\u00f3n.<\/p>\n<h2 data-start=\"3759\" data-end=\"3801\">\u00a0<\/h2>\n<h2 data-start=\"3759\" data-end=\"3801\">Diversidad de destinos y funciones<\/h2>\n<p data-start=\"3803\" data-end=\"3921\">Los Auxiliares Administrativos de la Generalitat pueden trabajar en una gran variedad de departamentos y organismos:<\/p>\n<ul data-start=\"3923\" data-end=\"4087\">\n<li data-start=\"3923\" data-end=\"3982\">\n<p data-start=\"3925\" data-end=\"3982\">Departamentos de educaci\u00f3n, salud, justicia o interior.<\/p>\n<\/li>\n<li data-start=\"3983\" data-end=\"4010\">\n<p data-start=\"3985\" data-end=\"4010\">Oficinas territoriales.<\/p>\n<\/li>\n<li data-start=\"4011\" data-end=\"4047\">\n<p data-start=\"4013\" data-end=\"4047\">Centros educativos o sanitarios.<\/p>\n<\/li>\n<li data-start=\"4048\" data-end=\"4087\">\n<p data-start=\"4050\" data-end=\"4087\">Servicios de atenci\u00f3n al ciudadano.<\/p>\n<\/li>\n<\/ul>\n<p data-start=\"4089\" data-end=\"4129\">Las funciones m\u00e1s habituales incluyen:<\/p>\n<ul data-start=\"4130\" data-end=\"4307\">\n<li data-start=\"4130\" data-end=\"4170\">\n<p data-start=\"4132\" data-end=\"4170\">Gesti\u00f3n de documentos y expedientes.<\/p>\n<\/li>\n<li data-start=\"4171\" data-end=\"4219\">\n<p data-start=\"4173\" data-end=\"4219\">Atenci\u00f3n telef\u00f3nica o presencial al p\u00fablico.<\/p>\n<\/li>\n<li data-start=\"4220\" data-end=\"4262\">\n<p data-start=\"4222\" data-end=\"4262\">Tramitaci\u00f3n administrativa y registro.<\/p>\n<\/li>\n<li data-start=\"4263\" data-end=\"4307\">\n<p data-start=\"4265\" data-end=\"4307\">Soporte a equipos t\u00e9cnicos y directivos.<\/p>\n<\/li>\n<\/ul>\n<p data-start=\"4309\" data-end=\"4436\">Gracias a esta <strong data-start=\"4324\" data-end=\"4350\">diversidad de destinos<\/strong>, el trabajo nunca resulta mon\u00f3tono y puede adaptarse a tus intereses y habilidades.<\/p>\n<h2 data-start=\"4443\" data-end=\"4482\">\u00a0<\/h2>\n<h2 data-start=\"4443\" data-end=\"4482\">Beneficios sociales y laborales<\/h2>\n<p data-start=\"4484\" data-end=\"4569\">Trabajar en la Generalitat conlleva una serie de <strong data-start=\"4533\" data-end=\"4566\">ventajas sociales adicionales<\/strong>:<\/p>\n<ul data-start=\"4571\" data-end=\"4913\">\n<li data-start=\"4571\" data-end=\"4636\">\n<p data-start=\"4573\" data-end=\"4636\"><strong data-start=\"4573\" data-end=\"4605\">Cobertura sanitaria completa<\/strong> (Seguridad Social o MUFACE).<\/p>\n<\/li>\n<li data-start=\"4637\" data-end=\"4694\">\n<p data-start=\"4639\" data-end=\"4694\"><strong data-start=\"4639\" data-end=\"4692\">Plan de pensiones p\u00fablico y cotizaci\u00f3n asegurada.<\/strong><\/p>\n<\/li>\n<li data-start=\"4695\" data-end=\"4776\">\n<p data-start=\"4697\" data-end=\"4776\"><strong data-start=\"4697\" data-end=\"4728\">Formaci\u00f3n continua gratuita<\/strong>, con cursos de perfeccionamiento profesional.<\/p>\n<\/li>\n<li data-start=\"4777\" data-end=\"4846\">\n<p data-start=\"4779\" data-end=\"4846\"><strong data-start=\"4779\" data-end=\"4816\">Bajas m\u00e9dicas retribuidas al 100%<\/strong> en la mayor\u00eda de los casos.<\/p>\n<\/li>\n<li data-start=\"4847\" data-end=\"4913\">\n<p data-start=\"4849\" data-end=\"4913\"><strong data-start=\"4849\" data-end=\"4911\">Acceso a programas de bienestar laboral y ayudas sociales.<\/strong><\/p>\n<\/li>\n<\/ul>\n<p data-start=\"4915\" data-end=\"5043\">Estos beneficios hacen que el empleo p\u00fablico catal\u00e1n se sit\u00fae entre los <strong data-start=\"4987\" data-end=\"5040\">m\u00e1s valorados del sector administrativo en Espa\u00f1a<\/strong>.<\/p>\n<h2 data-start=\"5050\" data-end=\"5095\">\u00a0<\/h2>\n<h2 data-start=\"5050\" data-end=\"5095\">Posibilidad de trabajar cerca de casa<\/h2>\n<p data-start=\"5097\" data-end=\"5215\">Otra ventaja destacada es la <strong data-start=\"5126\" data-end=\"5165\">amplia red de oficinas y organismos<\/strong> de la Generalitat repartidos por toda Catalu\u00f1a.<\/p>\n<p data-start=\"5217\" data-end=\"5363\">Esto permite a muchos funcionarios <strong data-start=\"5252\" data-end=\"5306\">trabajar en su provincia o incluso en su localidad<\/strong>, evitando traslados costosos o largos desplazamientos.<\/p>\n<p data-start=\"5365\" data-end=\"5506\">Adem\u00e1s, el sistema de <strong data-start=\"5387\" data-end=\"5412\">concurso de traslados<\/strong> facilita cambiar de destino con el tiempo si deseas acercarte m\u00e1s a tu lugar de residencia.<\/p>\n<h2 data-start=\"5513\" data-end=\"5566\">\u00a0<\/h2>\n<h2 data-start=\"5513\" data-end=\"5566\">Reconocimiento y vocaci\u00f3n de servicio p\u00fablico<\/h2>\n<p data-start=\"5568\" data-end=\"5817\">Ser parte de la Administraci\u00f3n catalana tambi\u00e9n implica formar parte de un <strong data-start=\"5643\" data-end=\"5683\">proyecto de servicio a la ciudadan\u00eda<\/strong>.<br data-start=\"5684\" data-end=\"5687\" \/>Tu trabajo contribuye directamente al funcionamiento de instituciones esenciales como escuelas, hospitales o servicios sociales.<\/p>\n<p data-start=\"5819\" data-end=\"5959\">Muchos funcionarios destacan el <strong data-start=\"5851\" data-end=\"5886\">orgullo de servir a la sociedad<\/strong>, adem\u00e1s del trato respetuoso y colaborativo en los equipos de trabajo.<\/p>\n<p data-start=\"5987\" data-end=\"6265\">Las <strong data-start=\"5991\" data-end=\"6065\">ventajas de ser Auxiliar Administrativo de la Generalitat de Catalunya<\/strong> van mucho m\u00e1s all\u00e1 del salario.<br data-start=\"6097\" data-end=\"6100\" \/>Este puesto ofrece <strong data-start=\"6119\" data-end=\"6208\">estabilidad, calidad de vida, desarrollo profesional y un entorno laboral equilibrado<\/strong>, ideal para quienes buscan una carrera p\u00fablica s\u00f3lida.<\/p>\n<p data-start=\"6267\" data-end=\"6477\">Si sue\u00f1as con tener <strong data-start=\"6287\" data-end=\"6351\">un empleo seguro, con buen horario y opciones de crecimiento<\/strong>, las oposiciones de Auxiliar Administrativo de la Generalitat son una <strong data-start=\"6422\" data-end=\"6474\">excelente oportunidad para tu futuro profesional<\/strong>.<\/p>\n<p data-start=\"6479\" data-end=\"6654\">Empieza a prepararte con tiempo y con material actualizado. Con esfuerzo y constancia, podr\u00e1s formar parte de uno de los cuerpos m\u00e1s valorados de la Administraci\u00f3n catalana.<\/p>\n<p>[\/et_pb_text][\/et_pb_column][et_pb_column type=&#8221;2_5&#8243; _builder_version=&#8221;4.16&#8243; _module_preset=&#8221;default&#8221; global_colors_info=&#8221;{}&#8221;][et_pb_code admin_label=&#8221;formulario&#8221; _builder_version=&#8221;4.27.4&#8243; _module_preset=&#8221;default&#8221; global_module=&#8221;26217&#8243; saved_tabs=&#8221;all&#8221; global_colors_info=&#8221;{}&#8221;]<img decoding=\"async\" src=\"https:\/\/www.practicbcn.com\/wp-content\/uploads\/2025\/07\/OFERTA-ESPECIAL-OPOSICIONES-VERANO-2025-scaled.jpg\"><!\u2013- [et_pb_br_holder] -\u2013><!-- [et_pb_line_break_holder] --><\/p>\n<h3><strong>Solicita informaci\u00f3n sin compromiso<\/strong><\/h3>\n<p><\/center><!\u2013- [et_pb_br_holder] -\u2013><!-- [et_pb_line_break_holder] --><iframe loading=\"lazy\" src=\"https:\/\/www.practicbcn.com\/formulario\/form.php\" width=\"400\" height=\"650\" frameborder=\"0\" scrolling=\"no\"><\/iframe>[\/et_pb_code][et_pb_text admin_label=&#8221;opiniones&#8221; _builder_version=&#8221;4.27.4&#8243; _module_preset=&#8221;default&#8221; global_module=&#8221;26218&#8243; saved_tabs=&#8221;all&#8221; global_colors_info=&#8221;{}&#8221;]<\/p>\n<h3 style=\"text-align: center;\"><strong>OPINIONES<\/strong><\/h3>\n<p><img loading=\"lazy\" decoding=\"async\" class=\"wp-image-26215 alignnone size-full\" src=\"https:\/\/www.practicbcn.com\/wp-content\/uploads\/2025\/05\/5.png.webp\" alt=\"\" width=\"96\" height=\"15\" \/><br \/>Daros las gracias por este a\u00f1o de formaci\u00f3n, por vuestra atenci\u00f3n y profesionalidad. He conseguido un sue\u00f1o. La semana que viene firmo mi contrato con Correos. Os recomiendo sin duda alguna este centro de formaci\u00f3n.<\/p>\n<p><strong>Alberto L\u00f3pez<\/strong><\/p>\n<p>&nbsp;<\/p>\n<p><img loading=\"lazy\" decoding=\"async\" class=\"wp-image-26215 alignnone size-full\" src=\"https:\/\/www.practicbcn.com\/wp-content\/uploads\/2025\/05\/5.png.webp\" alt=\"\" width=\"96\" height=\"15\" \/><br \/>Muy buena atenci\u00f3n y genial preparaci\u00f3n para las oposiciones.<br \/>El personal es muy atento y competente, ofreciendo un servicio de calidad.<br \/>Te proporcionan las herramientas necesarias para presentarte a la oposici\u00f3n y poder obtener un resultado satisfactorio<\/p>\n<p><strong>Marc Lloren\u00e7<\/strong><\/p>\n<p>&nbsp;<\/p>\n<p><img loading=\"lazy\" decoding=\"async\" class=\"wp-image-26215 alignnone size-full\" src=\"https:\/\/www.practicbcn.com\/wp-content\/uploads\/2025\/05\/5.png.webp\" alt=\"\" width=\"96\" height=\"15\" \/><br \/>Llevo unos meses como alumna y mi experiencia es excelente. Estoy muy agradecida porque los profesores hacen un seguimiento personalizado y resuelven todas las dudas. Adem\u00e1s, ponen a nuestra disposici\u00f3n todo el material necesario, de forma bien organizada, para que la formaci\u00f3n sea completa y disponible en cualquier horario.<\/p>\n<p><strong>Silvia<\/strong><\/p>\n<p>&nbsp;<\/p>\n<p>[\/et_pb_text][\/et_pb_column][\/et_pb_row][\/et_pb_section]<\/p>\n","protected":false},"excerpt":{"rendered":"<p>Tens dubtes sobre qu\u00e8 \u00e9s un subaltern? Quines funcions desenvolupa? Si necessita alguna habilitat o capacitat espec\u00edfica? Coneix aqu\u00ed tot i m\u00e9s sobre els subalterns i el proc\u00e9s de les seves oposicions.<\/p>\n","protected":false},"author":3,"featured_media":26947,"comment_status":"closed","ping_status":"closed","sticky":false,"template":"","format":"standard","meta":{"_et_pb_use_builder":"on","_et_pb_old_content":"<p>[et_pb_section fb_built=\"1\" _builder_version=\"4.16\" _module_preset=\"default\" global_colors_info=\"{}\"][et_pb_row _builder_version=\"4.16\" _module_preset=\"default\" global_colors_info=\"{}\" column_structure=\"3_5,2_5\"][et_pb_column type=\"3_5\" _builder_version=\"4.16\" _module_preset=\"default\" global_colors_info=\"{}\"][et_pb_text _builder_version=\"4.16\" _module_preset=\"default\" global_colors_info=\"{}\"]<\/p><p style=\"text-align: justify;\"><span style=\"font-size: 12pt;\"><span style=\"font-weight: 400;\">Quan pensem en les<\/span><strong><em>f uncions del subaltern<\/em><\/strong><span style=\"font-weight: 400;\">, ens ve al capdavant la vigil\u00e0ncia d'un edifici p\u00fablic i el seu manteniment. Per\u00f2 ser subaltern \u00e9s molt m\u00e9s que aix\u00f2<\/span><\/span><\/p><p style=\"text-align: justify;\"><span style=\"font-weight: 400; font-size: 12pt;\">La seva professi\u00f3 suposa un servei i atenci\u00f3 al p\u00fablic. Amb diverses tasques importants. Si vols con\u00e8ixer el lloc de subaltern: funcions, compet\u00e8ncies i oposicions a superar per fer-te amb una pla\u00e7a, continua llegint aquest post.<\/span><\/p><p>\u00a0<\/p><h2 style=\"text-align: justify;\"><span style=\"font-weight: 400;\">A qu\u00e8 es dedica un subaltern?<\/span><\/h2><p style=\"text-align: justify;\"><img class=\"alignright wp-image-13029 size-full\" style=\"text-align: justify;\" src=\"https:\/\/www.practicbcn.com\/wp-content\/uploads\/2021\/03\/POST-08_03_2021-12_03_2021.png\" alt=\"funcions-del-subaltern\" width=\"500\" height=\"310\" \/><\/p><p style=\"text-align: justify;\"><span style=\"font-size: 12pt;\"><span style=\"font-weight: 400;\">Abans de comen\u00e7ar a<\/span> <span style=\"font-weight: 400;\">estudiar les oposicions de subaltern<\/span><span style=\"font-weight: 400;\">, et recomanem que coneguis en qu\u00e8 consisteix el seu treball.<\/span><\/span><\/p><p style=\"text-align: justify;\"><span style=\"font-size: 12pt;\"><span style=\"font-weight: 400;\">En primer lloc, has de saber que com a subaltern ser\u00e0s un<\/span> <b>funcionari p\u00fablic.<\/b><span style=\"font-weight: 400;\">. T'encarregar\u00e0s de la gesti\u00f3, el control i la vigil\u00e0ncia d'ajuntaments, diputacions, centres c\u00edvics, museus\u2026<\/span><\/span><\/p><p style=\"text-align: justify;\"><span style=\"font-weight: 400; font-size: 12pt;\">Assumir\u00e0s tasques importants. La teva missi\u00f3 \u00e9s el correcte funcionament de la instituci\u00f3. Per\u00f2 a m\u00e9s ser\u00e0s la cara visible d'aquesta. Els visitants i usuaris dirigiran els seus dubtes cap a tu. Ja que ets al primer que veuran.<\/span><\/p><p style=\"text-align: justify;\"><span style=\"font-weight: 400; font-size: 12pt;\">Les <strong>funcions del subaltern<\/strong> poden variar. En funci\u00f3 del lloc al qual siguis destinat, tindr\u00e0s unes prioritats o altres. Fins i tot pot canviar depenent de la comunitat aut\u00f2noma.<\/span><\/p><p style=\"text-align: justify;\"><span style=\"font-weight: 400; font-size: 12pt;\">Per\u00f2 existeixen diverses funcions, que haur\u00e0s de realitzar independentment del teu dest\u00ed.<\/span><\/p><p>\u00a0<\/p><h2 style=\"text-align: justify;\"><span style=\"font-weight: 400;\">Quines s\u00f3n les principals funcions del subaltern?<\/span><\/h2><p>\u00a0<\/p><ul><li style=\"text-align: justify;\"><span style=\"font-size: 12pt;\"><b>Assegurar les instal\u00b7lacions, el mobiliari i el material.<\/b><span style=\"font-weight: 400;\"> Com a subaltern haur\u00e0s de garantir l'ordre i el bon \u00fas de les instal\u00b7lacions. En altres paraules, evitar les males pr\u00e0ctiques dels visitants per a la conservaci\u00f3 de la infraestructura.<\/span><\/span><\/li><li style=\"text-align: justify;\"><span style=\"font-size: 12pt;\"><b>Vigilar l'edifici.<\/b><span style=\"font-weight: 400;\"> Et pots encarregar de l'entrada al recinte. A m\u00e9s de controlar a les persones que accedeixen a les instal\u00b7lacions, informar-les quan tinguin dubtes i cridar la seva atenci\u00f3 quan no es comportin.<\/span><\/span><\/li><li style=\"text-align: justify;\"><span style=\"font-size: 12pt;\"><b>Rebre i distribuir documents, objectius i correspond\u00e8ncia.<\/b><span style=\"font-weight: 400;\"> Haur\u00e0s d'estar atent a la recepci\u00f3 de cartes, documents\u2026 A m\u00e9s de lliurar-los als seus destinataris o departaments corresponents dins de la instituci\u00f3.<\/span><\/span><\/li><li style=\"text-align: justify;\"><span style=\"font-size: 12pt;\"><b>Custodiar les claus de despatxos i oficines.<\/b><span style=\"font-weight: 400;\"> Tindr\u00e0s acc\u00e9s a totes les sales de l'edifici, per la qual cosa deur\u00e0s saber quina sala obre cada clau. Aix\u00ed com tenir-les sempre a m\u00e0, per si cal disposar d'elles.<\/span><\/span><\/li><li style=\"text-align: justify;\"><span style=\"font-size: 12pt;\"><b>Resoldre els dubtes dels usuaris.<\/b><span style=\"font-weight: 400;\"> L'atenci\u00f3 al p\u00fablic \u00e9s una labor important, haur\u00e0s de tractar de resoldre tots els dubtes que els usuaris tinguin de les depend\u00e8ncies p\u00fabliques, o saber orientar-los a les persones que resoldran els seus dubtes.<\/span><\/span><\/li><li style=\"text-align: justify;\"><span style=\"font-size: 12pt;\"><b>Con\u00e8ixer l'inventari i controlar les seves exist\u00e8ncies<\/b><span style=\"font-weight: 400;\">. Haur\u00e0s de portar un control dels materials i provisions fonamentals.<\/span><\/span><\/li><li style=\"text-align: justify;\"><span style=\"font-size: 12pt;\"><b>Utilitzar fotocopiadores.<\/b><span style=\"font-weight: 400;\"> La funci\u00f3 de reprografia \u00e9s teva. T'encarregar\u00e0s de fotocopiar i enquadernar quan calgui.<\/span><\/span><\/li><li style=\"text-align: justify;\"><span style=\"font-size: 12pt;\"><b>Trasllat de material o mobiliari.<\/b><span style=\"font-weight: 400;\"> L'\u00faltima funci\u00f3 general que far\u00e0s ser\u00e0 col\u00b7locar o recol\u00b7locar material i mobiliari per habilitar sales i crear espai quan se celebrin actes p\u00fablics.<\/span><\/span><\/li><\/ul><p>\u00a0<\/p><p style=\"text-align: center;\">[bctt tweet=\"Tens dubtes sobre qu\u00e8 \u00e9s un subaltern? Quines funcions desenvolupa? Si necessita alguna habilitat o capacitat espec\u00edfica? Coneix aqu\u00ed tot i m\u00e9s sobre els subalterns i el proc\u00e9s de les oposicions.\" username=\"practicbcn\"]<\/p><p>\u00a0<\/p><h2 style=\"text-align: justify;\"><span style=\"font-weight: 400;\">Oposicions Subaltern<\/span><\/h2><p>\u00a0<\/p><p style=\"text-align: justify;\"><span style=\"font-size: 12pt;\"><span style=\"font-weight: 400;\">Si est\u00e0s capacitat per realitzar les <strong>funcions del subaltern<\/strong> i desitges treballar en una entitat p\u00fablica amb una ocupaci\u00f3 fixa, \u00e9s hora que et preparis les oposicions. Per con\u00e8ixer tot sobre el proc\u00e9s selectiu et recomanem que consultis l'<\/span><span style=\"font-weight: 400;\">apartat de subaltern en la web de la Generalitat.<\/span><\/span><\/p><p style=\"text-align: justify;\"><span style=\"font-weight: 400; font-size: 12pt;\">Per a aix\u00f2 haur\u00e0s d'estudiar un temari compost de quatre blocs, on adquirir\u00e0s coneixements de dret constitucional, administratiu, la llei de r\u00e8gim local, prevenci\u00f3 de riscos laborals i cultura general. La fase d'oposici\u00f3 consta de dues proves. Seguida d'una fase de concurs.<\/span><\/p><p>\u00a0<\/p><h3 style=\"text-align: justify;\"><span style=\"font-weight: 400;\">Primera prova<\/span><\/h3><p>\u00a0<\/p><p style=\"text-align: justify;\"><span style=\"font-weight: 400; font-size: 12pt;\">L'examen de l'oposici\u00f3 est\u00e0 compost per tres exercicis que has de superar:<\/span><\/p><ol style=\"text-align: justify;\"><li><span style=\"font-weight: 400; font-size: 12pt;\">Un q\u00fcestionari tipus test, amb preguntes alternatives sobretot el programa (el temari de l'oposici\u00f3).<\/span><\/li><li><span style=\"font-weight: 400; font-size: 12pt;\">Un exercici escrit, on haur\u00e0s de contestar a preguntes de cultura general i algun exercici de matem\u00e0tiques.<\/span><\/li><li><span style=\"font-weight: 400; font-size: 12pt;\">Resoldre diversos sup\u00f2sits pr\u00e0ctics, relacionats amb les <strong>funcions del subaltern<\/strong>.<\/span><\/li><\/ol><p style=\"text-align: justify;\"><span style=\"font-weight: 400; font-size: 12pt;\">Recorda que tots aquests exercicis s\u00f3n obligatoris i eliminatoris, per la qual cosa per aconseguir la teva pla\u00e7a m\u00ednim haur\u00e0s d'aprovar totes les parts.<\/span><\/p><p>\u00a0<\/p><h3 style=\"text-align: justify;\"><span style=\"font-weight: 400;\">Segona prova<\/span><\/h3><p>\u00a0<\/p><p style=\"text-align: justify;\"><span style=\"font-weight: 400; font-size: 12pt;\">La segona prova de les oposicions de subaltern estar\u00e0 formada per ex\u00e0mens de llengua catalana i castellana.<\/span><\/p><p style=\"text-align: justify;\"><span style=\"font-weight: 400; font-size: 12pt;\">Aquests ex\u00e0mens no haur\u00e0s de realitzar-los si pots acreditar un nivell B2 de catal\u00e0. I si disposes de la nacionalitat espanyola.<\/span><\/p><ul><li style=\"text-align: justify;\"><span style=\"font-size: 12pt;\"><span style=\"font-weight: 400;\">Prova de coneixements de la llengua catalana. \u00c9s aquest exercici, haur\u00e0s de redactar una carta formal de 100 paraules, una nota de 50 i resoldre diversos exercicis de gram\u00e0tica i vocabulari. <\/span><\/span><span style=\"font-weight: 400; font-size: 12pt;\">A m\u00e9s, haur\u00e0s de llegir un text en veu alta, i mantenir una petita conversa.<\/span><\/li><li style=\"text-align: justify;\"><span style=\"font-size: 12pt;\"><span style=\"font-weight: 400;\">Prova de coneixements del castell\u00e0. Aquest exercici \u00e9s m\u00e9s simple. \u00danicament haur\u00e0s de fer una redacci\u00f3 de 150 paraules en 45 minuts i mantenir una conversa de 15 amb el tribunal qualificador.<\/span><\/span><\/li><\/ul><p style=\"text-align: justify;\"><span style=\"font-weight: 400; font-size: 12pt;\">Com aquestes proves no s\u00f3n obligat\u00f2ries per tothom, la seva qualificaci\u00f3 no ser\u00e0 per punts. Si no que es valorar\u00e0 entre apte i no apte.<\/span><\/p><p>\u00a0<\/p><h3 style=\"text-align: justify;\"><span style=\"font-weight: 400;\">Concurs de m\u00e8rits<\/span><\/h3><p>\u00a0<\/p><p style=\"text-align: justify;\"><span style=\"font-weight: 400; font-size: 12pt;\">Una vegada acabada la fase d'ex\u00e0mens, el Tribunal valorar\u00e0 els m\u00e8rits aportats a les oposicions.<\/span><\/p><p style=\"text-align: justify;\"><span style=\"font-weight: 400; font-size: 12pt;\">En funci\u00f3 dels m\u00e8rits que lliuris podr\u00e0s <b>puntuar fins a 66,6 punts<\/b>. Es valorar\u00e0 l'experi\u00e8ncia en llocs similars. A m\u00e9s tamb\u00e9 seran valorades les teves compet\u00e8ncies tecnol\u00f2giques.<\/span><\/p><p style=\"text-align: justify;\"><span style=\"font-weight: 400; font-size: 12pt;\">Els m\u00e8rits han de ser acreditats en el termini de 10 dies h\u00e0bils des del dia que es publiquin els resultats de l'oposici\u00f3.<\/span><\/p><p>\u00a0<\/p><h2 style=\"text-align: justify;\"><span style=\"font-weight: 400;\">Requisits per complir les funcions del subaltern<\/span><\/h2><p>\u00a0<\/p><p style=\"text-align: justify;\"><span style=\"font-weight: 400; font-size: 12pt;\">Igual que la resta de funcionaris de l'estat, per treballar com a subaltern haur\u00e0s de complir uns requisits m\u00ednims, abans de presentar-te a l'oposici\u00f3:<\/span><\/p><ul><li style=\"text-align: justify;\"><span style=\"font-size: 12pt;\"><span style=\"font-weight: 400;\">Tenir nacionalitat espanyola, perm\u00eds de resid\u00e8ncia i treball o ser membre de la Uni\u00f3 Europea.<\/span><\/span><\/li><li style=\"text-align: justify;\"><span style=\"font-size: 12pt;\"><span style=\"font-weight: 400;\">Ser major d'edat i no trobar-se en edat for\u00e7osa de jubilaci\u00f3.<\/span><\/span><\/li><li style=\"text-align: justify;\"><span style=\"font-size: 12pt;\"><span style=\"font-weight: 400;\">Tenir els estudis primaris, graduat escolar, o FP de Primer Grau.<\/span><\/span><\/li><li style=\"text-align: justify;\"><span style=\"font-size: 12pt;\"><span style=\"font-weight: 400;\">No tenir limitacions f\u00edsiques o ps\u00edquiques que impedeixin l'acompliment de les<\/span> <strong>funcions del subaltern<\/strong><span style=\"font-weight: 400;\">.<\/span><\/span><\/li><li style=\"text-align: justify;\"><span style=\"font-size: 12pt;\"><span style=\"font-weight: 400;\">No haver estat separat mitjan\u00e7ant expedient disciplinari de qualsevol administraci\u00f3 p\u00fablica. Ni tampoc estar inhabilitat per l'acompliment de les funcions p\u00fabliques.<\/span><\/span><\/li><\/ul><p style=\"text-align: justify;\"><span style=\"font-weight: 400; font-size: 12pt;\">A m\u00e9s de la formaci\u00f3 m\u00ednima i l'oposici\u00f3 aprovada, haur\u00e0s de comptar amb unes certes habilitats personals.<\/span><\/p><p>\u00a0<\/p><h3 style=\"text-align: justify;\"><span style=\"font-weight: 400;\">Habilitats personals per ser subaltern<\/span><\/h3><p>\u00a0<\/p><p style=\"text-align: justify;\"><span style=\"font-weight: 400; font-size: 12pt;\">Per treballar en aquest lloc haur\u00e0s de ser una persona emp\u00e0tica, amb bons dots comunicatius.<\/span><\/p><p style=\"text-align: justify;\"><span style=\"font-weight: 400; font-size: 12pt;\">Tamb\u00e9 has de ser una persona proactiva, disposat a fer qualsevol tasca per a la qual es precisi la teva ajuda. Ser organitzat i saber gestionar b\u00e9 tot el necessari per al manteniment de l'entitat.<\/span><\/p><p style=\"text-align: justify;\"><span style=\"font-weight: 400; font-size: 12pt;\">En definitiva, si vols ser un subaltern de primera, haur\u00e0s de complir amb aquestes sis compet\u00e8ncies:<\/span><\/p><h4 style=\"text-align: justify;\"><span style=\"font-weight: 400;\">Adaptabilitat<\/span><\/h4><p>\u00a0<\/p><p style=\"text-align: justify;\"><span style=\"font-weight: 400; font-size: 12pt;\">Ser capa\u00e7 d'adaptar-te a qualsevol situaci\u00f3. Acceptar els canvis, i saber donar un nou enfocament a les rutines.<\/span><\/p><p style=\"text-align: justify;\"><span style=\"font-weight: 400; font-size: 12pt;\">Cap canvi ha d'afectar al fet que realitzis de manera \u00f2ptima les <strong>funcions del subaltern<\/strong>.<\/span><\/p><p>\u00a0<\/p><h4 style=\"text-align: justify;\"><span style=\"font-weight: 400;\">Comprom\u00eds<\/span><\/h4><p>\u00a0<\/p><p style=\"text-align: justify;\"><span style=\"font-weight: 400; font-size: 12pt;\">Has d'estar comprom\u00e8s amb l'organitzaci\u00f3 en la qual treballes. A m\u00e9s d'amb el servei p\u00fablic que ofereixes.<\/span><\/p><p style=\"text-align: justify;\"><span style=\"font-weight: 400; font-size: 12pt;\">Per a aix\u00f2, \u00e9s necessari que comprenguis les caracter\u00edstiques de l'administraci\u00f3 p\u00fablica. Comparteixis els seus valors i duguis a terme els seus principis \u00e8tics en la teva professi\u00f3.<\/span><\/p><p>\u00a0<\/p><h4 style=\"text-align: justify;\"><span style=\"font-weight: 400;\">Comunicaci\u00f3<\/span><\/h4><p>\u00a0<\/p><p style=\"text-align: justify;\"><span style=\"font-weight: 400; font-size: 12pt;\">Has de ser capa\u00e7 de transmetre, de manera clara i concisa tot el necessari. Adaptant tu llenguatge depenent de la persona o grup de persones a les quals et dirigeixis.<\/span><\/p><p style=\"text-align: justify;\"><span style=\"font-weight: 400; font-size: 12pt;\">A m\u00e9s, has de ser pacient amb els visitants, contestar els seus dubtes, encara que tots et realitzin la mateixa, i sempre ser una persona extremadament amable amb ells.<\/span><\/p><p>\u00a0<\/p><h4 style=\"text-align: justify;\"><span style=\"font-weight: 400;\">Organitzaci\u00f3 i planificaci\u00f3<\/span><\/h4><p>\u00a0<\/p><p style=\"text-align: justify;\"><span style=\"font-weight: 400; font-size: 12pt;\">S\u00f3n moltes les tasques di\u00e0ries que has de realitzar. Per aix\u00f2, has de tenir criteri i saber organitzar-te.<\/span><\/p><p style=\"text-align: justify;\"><span style=\"font-weight: 400; font-size: 12pt;\">Recorda sempre classificar les tasques en funci\u00f3 de les prioritats, i posar terminis per a complir-les.<\/span><\/p><p>\u00a0<\/p><h4 style=\"text-align: justify;\"><span style=\"font-weight: 400;\">Prevenir i solucionar conflictes<\/span><\/h4><p>\u00a0<\/p><p style=\"text-align: justify;\"><span style=\"font-weight: 400; font-size: 12pt;\">Has de saber controlar el teu comportament en situacions delicades. A vegades pots viure situacions l\u00edmits que et portin a l'estr\u00e8s i l'ansietat.<\/span><\/p><p style=\"text-align: justify;\"><span style=\"font-weight: 400; font-size: 12pt;\">Has d'aparentar calma sempre, i intervenir en aquells problemes que ho requereixin. Per als visitants ets una figura d'autoritat, i has de saber fer-te valer quan es genera un conflicte amb ells.<\/span><\/p><p>\u00a0<\/p><h4 style=\"text-align: justify;\"><span style=\"font-weight: 400;\">Treball en equip<\/span><\/h4><p>\u00a0<\/p><p style=\"text-align: justify;\"><span style=\"font-weight: 400; font-size: 12pt;\">Finalment, \u00e9s vital per ocupar aquest lloc saber treballar en equip i col\u00b7laborar amb el grup. Una actitud participativa, dinamitzar\u00e0 el teu treball, i el facilitar\u00e0.<\/span><\/p><p style=\"text-align: justify;\"><span style=\"font-weight: 400; font-size: 12pt;\">Ha d'existir una bona cohesi\u00f3 entre els teus companys i tu.<\/span><\/p><p>\u00a0<\/p><h2 style=\"text-align: justify;\"><span style=\"font-weight: 400;\">Apr\u00e8n les funcions del subaltern amb Pr\u00e0ctic<\/span><\/h2><p>\u00a0<\/p><p style=\"text-align: justify;\"><span style=\"font-weight: 400; font-size: 12pt;\">Aconseguir un treball per a tota la vida, ben remunerat i amb vacances, \u00e9s a les teves mans. I a Pr\u00e0ctic volem ajudar-te.<\/span><\/p><p style=\"text-align: justify;\"><span style=\"font-weight: 400; font-size: 12pt;\">Si compleixes amb els requisits i aptituds per pert\u00e0nyer al cos de subalterns de la Generalitat, no el dubtis m\u00e9s!<\/span><\/p><p style=\"text-align: justify;\"><span style=\"font-weight: 400; font-size: 12pt;\"><b>Apunta't a Pr\u00e0ctic<\/b> i aconsegueix el millor temari per aprovar l'oposici\u00f3. A m\u00e9s, estar\u00e0s guiat per un grup de professionals experts en la mat\u00e8ria que t'ajudaran a treure la millor nota en l'examen.<\/span><\/p><p style=\"text-align: justify;\"><span style=\"font-weight: 400; font-size: 12pt;\">No t'ho pensis m\u00e9s, demana m\u00e9s informaci\u00f3 emplenant el seg\u00fcent formulari i deixa que t'ajudem a aconseguir la teva pla\u00e7a de funcionari.<\/span><\/p><p>[\/et_pb_text][\/et_pb_column][et_pb_column type=\"2_5\" _builder_version=\"4.16\" _module_preset=\"default\" global_colors_info=\"{}\"][et_pb_code admin_label=\"Cup\u00f3\" _builder_version=\"4.27.4\" _module_preset=\"default\" global_colors_info=\"{}\" global_module=\"26264\" theme_builder_area=\"post_content\"]<\/p><center><\/center><h3><strong>Demana informaci\u00f3 sense comprom\u00eds<\/strong><\/h3><p><br \/><!-- [et_pb_line_break_holder] --><iframe src=\"https:\/\/www.practicbcn.com\/formulario\/form.php\" width=\"400\" height=\"650\" frameborder=\"0\" scrolling=\"no\" data-mce-fragment=\"1\"><\/iframe>[\/et_pb_code][et_pb_text admin_label=\"opinions\" _builder_version=\"4.27.4\" _module_preset=\"default\" global_colors_info=\"{}\" global_module=\"26265\" theme_builder_area=\"post_content\"]<\/p><h3 style=\"text-align: center;\"><strong>OPINIONS<\/strong><\/h3><p><img class=\"wp-image-26215 alignnone size-full\" src=\"https:\/\/www.practicbcn.com\/wp-content\/uploads\/2025\/05\/5.png.webp\" alt=\"\" width=\"96\" height=\"15\" \/><br \/>Donar-vos les gr\u00e0cies per aquest any de formaci\u00f3, per la vostra atenci\u00f3 i professionalitat. He aconseguit un somni. La setmana que ve signo el meu contracte amb Correus. Us recomano sens dubte aquest centre de formaci\u00f3.<\/p><p><strong>Alberto L\u00f3pez<\/strong><\/p><p>\u00a0<\/p><p><img class=\"wp-image-26215 alignnone size-full\" src=\"https:\/\/www.practicbcn.com\/wp-content\/uploads\/2025\/05\/5.png.webp\" alt=\"\" width=\"96\" height=\"15\" \/><br \/>Molt bona atenci\u00f3 i genial preparaci\u00f3 per a les oposicions.<br \/>El personal \u00e9s molt atent i competent, oferint un servei de qualitat.<br \/>Et proporcionen les eines necess\u00e0ries per presentar-te a l'oposici\u00f3 i poder obtenir un resultat satisfactori<\/p><p><strong>Marc Lloren\u00e7<\/strong><\/p><p>\u00a0<\/p><p><img class=\"wp-image-26215 alignnone size-full\" src=\"https:\/\/www.practicbcn.com\/wp-content\/uploads\/2025\/05\/5.png.webp\" alt=\"\" width=\"96\" height=\"15\" \/><br \/>Porto uns mesos com a alumna i la meva experi\u00e8ncia \u00e9s excel\u00b7lent. Estic molt agra\u00efda perqu\u00e8 els professors fan un seguiment personalitzat i resolen tots els dubtes. A m\u00e9s, posen a la nostra disposici\u00f3 tot el material necessari, de manera ben organitzada, perqu\u00e8 la formaci\u00f3 sigui completa i disponible en qualsevol horari.<\/p><p><strong>Silvia<\/strong><\/p><p>\u00a0<\/p><p>[\/et_pb_text][\/et_pb_column][\/et_pb_row][\/et_pb_section][et_pb_section fb_built=\"1\" _builder_version=\"4.16\" _module_preset=\"default\" background_color=\"#009aa5\" min_height=\"254.9px\" custom_margin=\"||||false|false\" custom_padding=\"0px||0px||true|false\" top_divider_height_tablet=\"\" top_divider_height_phone=\"\" top_divider_height_last_edited=\"on|phone\" locked=\"off\" global_colors_info=\"{}\"][et_pb_row column_structure=\"1_3,1_3,1_3\" use_custom_gutter=\"on\" gutter_width=\"1\" make_equal=\"on\" _builder_version=\"4.16\" _module_preset=\"default\" width=\"100%\" max_width=\"2560px\" min_height=\"257.9px\" custom_margin=\"||||false|false\" custom_padding=\"0px||0px||false|false\" global_colors_info=\"{}\"][et_pb_column type=\"1_3\" _builder_version=\"4.16\" _module_preset=\"default\" global_colors_info=\"{}\"][et_pb_image src=\"https:\/\/www.practicbcn.com\/wp-content\/uploads\/2021\/08\/circulo-06_2-06.png\" alt=\"practic-barcelona-oposiciones\" title_text=\"practic-barcelona-oposiciones\" src_tablet=\"https:\/\/www.practicbcn.com\/wp-content\/uploads\/2021\/09\/practic-barcelona-oposiciones.png\" src_phone=\"https:\/\/www.practicbcn.com\/wp-content\/uploads\/2021\/09\/practic-barcelona-oposiciones.png\" src_last_edited=\"on|tablet\" _builder_version=\"4.16\" _module_preset=\"default\" custom_margin=\"||||false|false\" custom_margin_tablet=\"||0px||false|false\" custom_margin_phone=\"||0px||false|false\" custom_margin_last_edited=\"on|tablet\" global_colors_info=\"{}\"][\/et_pb_image][\/et_pb_column][et_pb_column type=\"1_3\" _builder_version=\"4.16\" _module_preset=\"default\" global_colors_info=\"{}\"][et_pb_text _builder_version=\"4.19.1\" _module_preset=\"default\" header_font=\"Montserrat||||||||\" header_2_font=\"Montserrat|900|||||||\" header_2_text_align=\"center\" header_2_text_color=\"#FFFFFF\" header_2_font_size=\"50px\" header_2_line_height=\"1.2em\" custom_margin=\"105px|-63px|105px|-134px|true|false\" custom_margin_tablet=\"0px||0px||true|false\" custom_margin_phone=\"0px||0px||true|false\" custom_margin_last_edited=\"on|tablet\" custom_padding=\"|0px||||\" header_2_font_size_tablet=\"45px\" header_2_font_size_phone=\"40px\" header_2_font_size_last_edited=\"on|tablet\" global_colors_info=\"{}\"]<\/p><h2 style=\"text-align: center;\">Consigue tu pla\u00e7a amb Practic<\/h2><p>[\/et_pb_text][\/et_pb_column][et_pb_column type=\"1_3\" _builder_version=\"4.16\" _module_preset=\"default\" global_colors_info=\"{}\"][et_pb_image src=\"https:\/\/www.practicbcn.com\/wp-content\/uploads\/2021\/08\/LINEAS_2-07.png\" alt=\"Solicita informaci\u00f3n Practic Barcelona\" title_text=\"Solicita informaci\u00f3n Practic Barcelona\" _builder_version=\"4.16\" _module_preset=\"default\" custom_margin=\"37px||||false|false\" custom_margin_tablet=\"-50px||||false|false\" custom_margin_phone=\"-45px||||false|false\" custom_margin_last_edited=\"on|tablet\" global_colors_info=\"{}\"][\/et_pb_image][\/et_pb_column][\/et_pb_row][\/et_pb_section][et_pb_section fb_built=\"1\" admin_label=\"Formulario\" _builder_version=\"4.16\" _module_preset=\"default\" min_height=\"335.1px\" custom_padding=\"0px||0px||true|false\" locked=\"off\" global_colors_info=\"{}\"][et_pb_row custom_padding_last_edited=\"on|phone\" _builder_version=\"4.16\" _module_preset=\"default\" width_tablet=\"90%\" width_phone=\"90%\" width_last_edited=\"on|phone\" custom_padding_tablet=\"\" custom_padding_phone=\"0px||0px||true|false\" global_colors_info=\"{}\"][et_pb_column type=\"4_4\" _builder_version=\"4.16\" _module_preset=\"default\" global_colors_info=\"{}\"][et_pb_text _builder_version=\"4.16\" _module_preset=\"default\" text_font=\"Montserrat|900|||||||\" text_text_color=\"#009aa5\" text_font_size=\"48px\" text_line_height=\"1.2em\" header_2_font=\"Montserrat|900|||||||\" header_2_text_color=\"#009aa5\" header_2_font_size=\"46px\" text_orientation=\"center\" text_font_size_tablet=\"\" text_font_size_phone=\"23px\" text_font_size_last_edited=\"on|phone\" global_colors_info=\"{}\"]<\/p><p>Sol\u00b7licita informaci\u00f3 gratu\u00efta i sense comprom\u00eds<\/p><p>[\/et_pb_text][\/et_pb_column][\/et_pb_row][et_pb_row _builder_version=\"4.16\" _module_preset=\"default\" width_tablet=\"\" width_phone=\"100%\" width_last_edited=\"on|phone\" border_color_all=\"#000000\" global_colors_info=\"{}\"][et_pb_column type=\"4_4\" _builder_version=\"4.16\" _module_preset=\"default\" global_colors_info=\"{}\"][et_pb_code _builder_version=\"4.16\" _module_preset=\"default\" text_orientation=\"center\" global_colors_info=\"{}\"]<iframe src=\"https:\/\/www.practicbcn.com\/formulario2\/form2_cat.php\" width=\"400\" height=\"650\" frameborder=\"0\" scrolling=\"no\" data-mce-fragment=\"1\"><\/iframe>[\/et_pb_code][et_pb_toggle title=\"RGPD Llei de Protecci\u00f3 de Dades\" open_toggle_text_color=\"#000000\" open_toggle_background_color=\"#ffffff\" closed_toggle_text_color=\"#000000\" closed_toggle_background_color=\"#ffffff\" icon_color=\"#5499A3\" open_icon_color=\"#5499A3\" disabled_on=\"off|off|off\" _builder_version=\"4.16\" title_text_color=\"#000000\" body_text_color=\"#000000\" custom_margin_tablet=\"\" custom_margin_phone=\"|20px||20px|false|true\" custom_margin_last_edited=\"on|phone\" custom_padding_tablet=\"\" custom_padding_phone=\"||||false|false\" custom_padding_last_edited=\"on|phone\" z_index_tablet=\"500\" title_text_shadow_horizontal_length_tablet=\"0px\" title_text_shadow_vertical_length_tablet=\"0px\" title_text_shadow_blur_strength_tablet=\"1px\" closed_title_text_shadow_horizontal_length_tablet=\"0px\" closed_title_text_shadow_vertical_length_tablet=\"0px\" closed_title_text_shadow_blur_strength_tablet=\"1px\" body_text_shadow_horizontal_length_tablet=\"0px\" body_text_shadow_vertical_length_tablet=\"0px\" body_text_shadow_blur_strength_tablet=\"1px\" body_link_text_shadow_horizontal_length_tablet=\"0px\" body_link_text_shadow_vertical_length_tablet=\"0px\" body_link_text_shadow_blur_strength_tablet=\"1px\" body_ul_text_shadow_horizontal_length_tablet=\"0px\" body_ul_text_shadow_vertical_length_tablet=\"0px\" body_ul_text_shadow_blur_strength_tablet=\"1px\" body_ol_text_shadow_horizontal_length_tablet=\"0px\" body_ol_text_shadow_vertical_length_tablet=\"0px\" body_ol_text_shadow_blur_strength_tablet=\"1px\" body_quote_text_shadow_horizontal_length_tablet=\"0px\" body_quote_text_shadow_vertical_length_tablet=\"0px\" body_quote_text_shadow_blur_strength_tablet=\"1px\" border_color_all=\"#000000\" box_shadow_horizontal_tablet=\"0px\" box_shadow_vertical_tablet=\"0px\" box_shadow_blur_tablet=\"40px\" box_shadow_spread_tablet=\"0px\" text_shadow_horizontal_length_tablet=\"0px\" text_shadow_vertical_length_tablet=\"0px\" text_shadow_blur_strength_tablet=\"1px\" global_colors_info=\"{}\"]<\/p><p>COMPLIMENT LLEI DE PROTECCI\u00d3 DE DADES 2018 RPGD<br \/>Responsable: CENTRE FORMATIU PRACTIC UNIC BCN 774 , S.L.U CIF: B87963914<br \/>Finalitat: Proporcionar informaci\u00f3 sobre els nostres serveis.<br \/>Legitimaci\u00f3: Consentiment de l'interessat.<br \/>Destinataris: No se cediran dades a tercers, excepte obligaci\u00f3 legal.<br \/>Drets: Accedir, rectificar, suprimir les dades i altres drets, com s'explica en la informaci\u00f3 addicional.<br \/>Informaci\u00f3 addicional: <a href=\"https:\/\/www.practicbcn.com\/aviso-legal-rgpd\/\">Pol\u00edtica de privacitat i RGPD<\/a>.<\/p><p>[\/et_pb_toggle][\/et_pb_column][\/et_pb_row][\/et_pb_section]<\/p>","_et_gb_content_width":"","footnotes":""},"categories":[230,10],"tags":[],"class_list":["post-26941","post","type-post","status-publish","format-standard","has-post-thumbnail","hentry","category-generalitat","category-noticias"],"yoast_head":"<!-- This site is optimized with the Yoast SEO Premium plugin v22.8 (Yoast SEO v27.2) - https:\/\/yoast.com\/product\/yoast-seo-premium-wordpress\/ -->\n<title>Ventajas Administratiu Generalitat - academia oposiciones Barcelona<\/title>\n<meta name=\"description\" content=\"Beneficios que ofrece trabajar como Auxiliar Administrativo en la Generalitat: desde el salario hasta las oportunidades de crecimiento y conciliaci\u00f3n personal.\" \/>\n<meta name=\"robots\" content=\"index, follow, max-snippet:-1, max-image-preview:large, max-video-preview:-1\" \/>\n<link rel=\"canonical\" href=\"https:\/\/www.practicbcn.com\/ca\/ventajas-administratiu-generalitat\/\" \/>\n<meta property=\"og:locale\" content=\"ca_ES\" \/>\n<meta property=\"og:type\" content=\"article\" \/>\n<meta property=\"og:title\" content=\"Ventajas Administratiu Generalitat\" \/>\n<meta property=\"og:description\" content=\"Beneficios que ofrece trabajar como Auxiliar Administrativo en la Generalitat: desde el salario hasta las oportunidades de crecimiento y conciliaci\u00f3n personal.\" \/>\n<meta property=\"og:url\" content=\"https:\/\/www.practicbcn.com\/ca\/ventajas-administratiu-generalitat\/\" \/>\n<meta property=\"og:site_name\" content=\"academia oposiciones Barcelona\" \/>\n<meta property=\"article:published_time\" content=\"2025-10-13T15:00:24+00:00\" \/>\n<meta property=\"article:modified_time\" content=\"2025-10-13T15:10:23+00:00\" \/>\n<meta property=\"og:image\" content=\"https:\/\/www.practicbcn.com\/wp-content\/uploads\/2025\/10\/computer-1185626_1280.jpg\" \/>\n\t<meta property=\"og:image:width\" content=\"1280\" \/>\n\t<meta property=\"og:image:height\" content=\"853\" \/>\n\t<meta property=\"og:image:type\" content=\"image\/jpeg\" \/>\n<meta name=\"author\" content=\"cantu\" \/>\n<meta name=\"twitter:card\" content=\"summary_large_image\" \/>\n<meta name=\"twitter:label1\" content=\"Escrit per\" \/>\n\t<meta name=\"twitter:data1\" content=\"cantu\" \/>\n\t<meta name=\"twitter:label2\" content=\"Temps estimat de lectura\" \/>\n\t<meta name=\"twitter:data2\" content=\"6 minuts\" \/>\n<script type=\"application\/ld+json\" class=\"yoast-schema-graph\">{\"@context\":\"https:\/\/schema.org\",\"@graph\":[{\"@type\":\"Article\",\"@id\":\"https:\/\/www.practicbcn.com\/ca\/ventajas-administratiu-generalitat\/#article\",\"isPartOf\":{\"@id\":\"https:\/\/www.practicbcn.com\/ca\/ventajas-administratiu-generalitat\/\"},\"author\":{\"name\":\"cantu\",\"@id\":\"https:\/\/www.practicbcn.com\/ca\/#\/schema\/person\/b1bf6fae906bb2caf24a3ed0699b35a1\"},\"headline\":\"Ventajas Administratiu Generalitat\",\"datePublished\":\"2025-10-13T15:00:24+00:00\",\"dateModified\":\"2025-10-13T15:10:23+00:00\",\"mainEntityOfPage\":{\"@id\":\"https:\/\/www.practicbcn.com\/ca\/ventajas-administratiu-generalitat\/\"},\"wordCount\":1158,\"publisher\":{\"@id\":\"https:\/\/www.practicbcn.com\/ca\/#organization\"},\"image\":{\"@id\":\"https:\/\/www.practicbcn.com\/ca\/ventajas-administratiu-generalitat\/#primaryimage\"},\"thumbnailUrl\":\"https:\/\/www.practicbcn.com\/wp-content\/uploads\/2025\/10\/computer-1185626_1280.jpg\",\"articleSection\":[\"generalitat\",\"noticias\"],\"inLanguage\":\"ca\"},{\"@type\":\"WebPage\",\"@id\":\"https:\/\/www.practicbcn.com\/ca\/ventajas-administratiu-generalitat\/\",\"url\":\"https:\/\/www.practicbcn.com\/ca\/ventajas-administratiu-generalitat\/\",\"name\":\"Ventajas Administratiu Generalitat - academia oposiciones Barcelona\",\"isPartOf\":{\"@id\":\"https:\/\/www.practicbcn.com\/ca\/#website\"},\"primaryImageOfPage\":{\"@id\":\"https:\/\/www.practicbcn.com\/ca\/ventajas-administratiu-generalitat\/#primaryimage\"},\"image\":{\"@id\":\"https:\/\/www.practicbcn.com\/ca\/ventajas-administratiu-generalitat\/#primaryimage\"},\"thumbnailUrl\":\"https:\/\/www.practicbcn.com\/wp-content\/uploads\/2025\/10\/computer-1185626_1280.jpg\",\"datePublished\":\"2025-10-13T15:00:24+00:00\",\"dateModified\":\"2025-10-13T15:10:23+00:00\",\"description\":\"Beneficios que ofrece trabajar como Auxiliar Administrativo en la Generalitat: desde el salario hasta las oportunidades de crecimiento y conciliaci\u00f3n personal.\",\"breadcrumb\":{\"@id\":\"https:\/\/www.practicbcn.com\/ca\/ventajas-administratiu-generalitat\/#breadcrumb\"},\"inLanguage\":\"ca\",\"potentialAction\":[{\"@type\":\"ReadAction\",\"target\":[\"https:\/\/www.practicbcn.com\/ca\/ventajas-administratiu-generalitat\/\"]}]},{\"@type\":\"ImageObject\",\"inLanguage\":\"ca\",\"@id\":\"https:\/\/www.practicbcn.com\/ca\/ventajas-administratiu-generalitat\/#primaryimage\",\"url\":\"https:\/\/www.practicbcn.com\/wp-content\/uploads\/2025\/10\/computer-1185626_1280.jpg\",\"contentUrl\":\"https:\/\/www.practicbcn.com\/wp-content\/uploads\/2025\/10\/computer-1185626_1280.jpg\",\"width\":1280,\"height\":853,\"caption\":\"Quan ser\u00e0 l\u2019examen d\u2019Administratiu\/va de la Generalitat de Catalunya el 2026?\"},{\"@type\":\"BreadcrumbList\",\"@id\":\"https:\/\/www.practicbcn.com\/ca\/ventajas-administratiu-generalitat\/#breadcrumb\",\"itemListElement\":[{\"@type\":\"ListItem\",\"position\":1,\"name\":\"Portada\",\"item\":\"https:\/\/www.practicbcn.com\/ca\/\"},{\"@type\":\"ListItem\",\"position\":2,\"name\":\"Ventajas Administratiu Generalitat\"}]},{\"@type\":\"WebSite\",\"@id\":\"https:\/\/www.practicbcn.com\/ca\/#website\",\"url\":\"https:\/\/www.practicbcn.com\/ca\/\",\"name\":\"academia oposiciones Barcelona\",\"description\":\"academia oposiciones Barcelona PracticBCN Preparaci\u00f3n de opositores\",\"publisher\":{\"@id\":\"https:\/\/www.practicbcn.com\/ca\/#organization\"},\"potentialAction\":[{\"@type\":\"SearchAction\",\"target\":{\"@type\":\"EntryPoint\",\"urlTemplate\":\"https:\/\/www.practicbcn.com\/ca\/?s={search_term_string}\"},\"query-input\":{\"@type\":\"PropertyValueSpecification\",\"valueRequired\":true,\"valueName\":\"search_term_string\"}}],\"inLanguage\":\"ca\"},{\"@type\":\"Organization\",\"@id\":\"https:\/\/www.practicbcn.com\/ca\/#organization\",\"name\":\"Practic BCN\",\"url\":\"https:\/\/www.practicbcn.com\/ca\/\",\"logo\":{\"@type\":\"ImageObject\",\"inLanguage\":\"ca\",\"@id\":\"https:\/\/www.practicbcn.com\/ca\/#\/schema\/logo\/image\/\",\"url\":\"https:\/\/www.practicbcn.com\/wp-content\/uploads\/2018\/01\/LOGO-PRACTIC.jpg\",\"contentUrl\":\"https:\/\/www.practicbcn.com\/wp-content\/uploads\/2018\/01\/LOGO-PRACTIC.jpg\",\"width\":679,\"height\":676,\"caption\":\"Practic BCN\"},\"image\":{\"@id\":\"https:\/\/www.practicbcn.com\/ca\/#\/schema\/logo\/image\/\"}},{\"@type\":\"Person\",\"@id\":\"https:\/\/www.practicbcn.com\/ca\/#\/schema\/person\/b1bf6fae906bb2caf24a3ed0699b35a1\",\"name\":\"cantu\",\"image\":{\"@type\":\"ImageObject\",\"inLanguage\":\"ca\",\"@id\":\"https:\/\/secure.gravatar.com\/avatar\/9bf69246e68f8fa9721cc29ec236bd9daee6f76dfca26b3ddd7625676a5c2f9c?s=96&d=mm&r=g\",\"url\":\"https:\/\/secure.gravatar.com\/avatar\/9bf69246e68f8fa9721cc29ec236bd9daee6f76dfca26b3ddd7625676a5c2f9c?s=96&d=mm&r=g\",\"contentUrl\":\"https:\/\/secure.gravatar.com\/avatar\/9bf69246e68f8fa9721cc29ec236bd9daee6f76dfca26b3ddd7625676a5c2f9c?s=96&d=mm&r=g\",\"caption\":\"cantu\"}}]}<\/script>\n<!-- \/ Yoast SEO Premium plugin. -->","yoast_head_json":{"title":"Ventajas Administratiu Generalitat - academia oposiciones Barcelona","description":"Beneficios que ofrece trabajar como Auxiliar Administrativo en la Generalitat: desde el salario hasta las oportunidades de crecimiento y conciliaci\u00f3n personal.","robots":{"index":"index","follow":"follow","max-snippet":"max-snippet:-1","max-image-preview":"max-image-preview:large","max-video-preview":"max-video-preview:-1"},"canonical":"https:\/\/www.practicbcn.com\/ca\/ventajas-administratiu-generalitat\/","og_locale":"ca_ES","og_type":"article","og_title":"Ventajas Administratiu Generalitat","og_description":"Beneficios que ofrece trabajar como Auxiliar Administrativo en la Generalitat: desde el salario hasta las oportunidades de crecimiento y conciliaci\u00f3n personal.","og_url":"https:\/\/www.practicbcn.com\/ca\/ventajas-administratiu-generalitat\/","og_site_name":"academia oposiciones Barcelona","article_published_time":"2025-10-13T15:00:24+00:00","article_modified_time":"2025-10-13T15:10:23+00:00","og_image":[{"width":1280,"height":853,"url":"https:\/\/www.practicbcn.com\/wp-content\/uploads\/2025\/10\/computer-1185626_1280.jpg","type":"image\/jpeg"}],"author":"cantu","twitter_card":"summary_large_image","twitter_misc":{"Escrit per":"cantu","Temps estimat de lectura":"6 minuts"},"schema":{"@context":"https:\/\/schema.org","@graph":[{"@type":"Article","@id":"https:\/\/www.practicbcn.com\/ca\/ventajas-administratiu-generalitat\/#article","isPartOf":{"@id":"https:\/\/www.practicbcn.com\/ca\/ventajas-administratiu-generalitat\/"},"author":{"name":"cantu","@id":"https:\/\/www.practicbcn.com\/ca\/#\/schema\/person\/b1bf6fae906bb2caf24a3ed0699b35a1"},"headline":"Ventajas Administratiu Generalitat","datePublished":"2025-10-13T15:00:24+00:00","dateModified":"2025-10-13T15:10:23+00:00","mainEntityOfPage":{"@id":"https:\/\/www.practicbcn.com\/ca\/ventajas-administratiu-generalitat\/"},"wordCount":1158,"publisher":{"@id":"https:\/\/www.practicbcn.com\/ca\/#organization"},"image":{"@id":"https:\/\/www.practicbcn.com\/ca\/ventajas-administratiu-generalitat\/#primaryimage"},"thumbnailUrl":"https:\/\/www.practicbcn.com\/wp-content\/uploads\/2025\/10\/computer-1185626_1280.jpg","articleSection":["generalitat","noticias"],"inLanguage":"ca"},{"@type":"WebPage","@id":"https:\/\/www.practicbcn.com\/ca\/ventajas-administratiu-generalitat\/","url":"https:\/\/www.practicbcn.com\/ca\/ventajas-administratiu-generalitat\/","name":"Ventajas Administratiu Generalitat - academia oposiciones Barcelona","isPartOf":{"@id":"https:\/\/www.practicbcn.com\/ca\/#website"},"primaryImageOfPage":{"@id":"https:\/\/www.practicbcn.com\/ca\/ventajas-administratiu-generalitat\/#primaryimage"},"image":{"@id":"https:\/\/www.practicbcn.com\/ca\/ventajas-administratiu-generalitat\/#primaryimage"},"thumbnailUrl":"https:\/\/www.practicbcn.com\/wp-content\/uploads\/2025\/10\/computer-1185626_1280.jpg","datePublished":"2025-10-13T15:00:24+00:00","dateModified":"2025-10-13T15:10:23+00:00","description":"Beneficios que ofrece trabajar como Auxiliar Administrativo en la Generalitat: desde el salario hasta las oportunidades de crecimiento y conciliaci\u00f3n personal.","breadcrumb":{"@id":"https:\/\/www.practicbcn.com\/ca\/ventajas-administratiu-generalitat\/#breadcrumb"},"inLanguage":"ca","potentialAction":[{"@type":"ReadAction","target":["https:\/\/www.practicbcn.com\/ca\/ventajas-administratiu-generalitat\/"]}]},{"@type":"ImageObject","inLanguage":"ca","@id":"https:\/\/www.practicbcn.com\/ca\/ventajas-administratiu-generalitat\/#primaryimage","url":"https:\/\/www.practicbcn.com\/wp-content\/uploads\/2025\/10\/computer-1185626_1280.jpg","contentUrl":"https:\/\/www.practicbcn.com\/wp-content\/uploads\/2025\/10\/computer-1185626_1280.jpg","width":1280,"height":853,"caption":"Quan ser\u00e0 l\u2019examen d\u2019Administratiu\/va de la Generalitat de Catalunya el 2026?"},{"@type":"BreadcrumbList","@id":"https:\/\/www.practicbcn.com\/ca\/ventajas-administratiu-generalitat\/#breadcrumb","itemListElement":[{"@type":"ListItem","position":1,"name":"Portada","item":"https:\/\/www.practicbcn.com\/ca\/"},{"@type":"ListItem","position":2,"name":"Ventajas Administratiu Generalitat"}]},{"@type":"WebSite","@id":"https:\/\/www.practicbcn.com\/ca\/#website","url":"https:\/\/www.practicbcn.com\/ca\/","name":"academia oposiciones Barcelona","description":"academia oposiciones Barcelona PracticBCN Preparaci\u00f3n de opositores","publisher":{"@id":"https:\/\/www.practicbcn.com\/ca\/#organization"},"potentialAction":[{"@type":"SearchAction","target":{"@type":"EntryPoint","urlTemplate":"https:\/\/www.practicbcn.com\/ca\/?s={search_term_string}"},"query-input":{"@type":"PropertyValueSpecification","valueRequired":true,"valueName":"search_term_string"}}],"inLanguage":"ca"},{"@type":"Organization","@id":"https:\/\/www.practicbcn.com\/ca\/#organization","name":"Practic BCN","url":"https:\/\/www.practicbcn.com\/ca\/","logo":{"@type":"ImageObject","inLanguage":"ca","@id":"https:\/\/www.practicbcn.com\/ca\/#\/schema\/logo\/image\/","url":"https:\/\/www.practicbcn.com\/wp-content\/uploads\/2018\/01\/LOGO-PRACTIC.jpg","contentUrl":"https:\/\/www.practicbcn.com\/wp-content\/uploads\/2018\/01\/LOGO-PRACTIC.jpg","width":679,"height":676,"caption":"Practic BCN"},"image":{"@id":"https:\/\/www.practicbcn.com\/ca\/#\/schema\/logo\/image\/"}},{"@type":"Person","@id":"https:\/\/www.practicbcn.com\/ca\/#\/schema\/person\/b1bf6fae906bb2caf24a3ed0699b35a1","name":"cantu","image":{"@type":"ImageObject","inLanguage":"ca","@id":"https:\/\/secure.gravatar.com\/avatar\/9bf69246e68f8fa9721cc29ec236bd9daee6f76dfca26b3ddd7625676a5c2f9c?s=96&d=mm&r=g","url":"https:\/\/secure.gravatar.com\/avatar\/9bf69246e68f8fa9721cc29ec236bd9daee6f76dfca26b3ddd7625676a5c2f9c?s=96&d=mm&r=g","contentUrl":"https:\/\/secure.gravatar.com\/avatar\/9bf69246e68f8fa9721cc29ec236bd9daee6f76dfca26b3ddd7625676a5c2f9c?s=96&d=mm&r=g","caption":"cantu"}}]}},"_links":{"self":[{"href":"https:\/\/www.practicbcn.com\/ca\/wp-json\/wp\/v2\/posts\/26941","targetHints":{"allow":["GET"]}}],"collection":[{"href":"https:\/\/www.practicbcn.com\/ca\/wp-json\/wp\/v2\/posts"}],"about":[{"href":"https:\/\/www.practicbcn.com\/ca\/wp-json\/wp\/v2\/types\/post"}],"author":[{"embeddable":true,"href":"https:\/\/www.practicbcn.com\/ca\/wp-json\/wp\/v2\/users\/3"}],"replies":[{"embeddable":true,"href":"https:\/\/www.practicbcn.com\/ca\/wp-json\/wp\/v2\/comments?post=26941"}],"version-history":[{"count":0,"href":"https:\/\/www.practicbcn.com\/ca\/wp-json\/wp\/v2\/posts\/26941\/revisions"}],"wp:featuredmedia":[{"embeddable":true,"href":"https:\/\/www.practicbcn.com\/ca\/wp-json\/wp\/v2\/media\/26947"}],"wp:attachment":[{"href":"https:\/\/www.practicbcn.com\/ca\/wp-json\/wp\/v2\/media?parent=26941"}],"wp:term":[{"taxonomy":"category","embeddable":true,"href":"https:\/\/www.practicbcn.com\/ca\/wp-json\/wp\/v2\/categories?post=26941"},{"taxonomy":"post_tag","embeddable":true,"href":"https:\/\/www.practicbcn.com\/ca\/wp-json\/wp\/v2\/tags?post=26941"}],"curies":[{"name":"wp","href":"https:\/\/api.w.org\/{rel}","templated":true}]}}