{"id":19959,"date":"2022-06-20T13:12:20","date_gmt":"2022-06-20T13:12:20","guid":{"rendered":"https:\/\/www.practicbcn.com\/?p=19959"},"modified":"2022-11-29T13:01:47","modified_gmt":"2022-11-29T13:01:47","slug":"auxiliar-administratiu-estat-a-barcelona","status":"publish","type":"post","link":"https:\/\/www.practicbcn.com\/ca\/auxiliar-administratiu-estat-a-barcelona\/","title":{"rendered":"Auxiliar administratiu de l&#8217;estat a Barcelona"},"content":{"rendered":"<p>[et_pb_section fb_built=&#8221;1&#8243; _builder_version=&#8221;4.17.4&#8243; _module_preset=&#8221;default&#8221; global_colors_info=&#8221;{}&#8221;][et_pb_row _builder_version=&#8221;4.17.4&#8243; _module_preset=&#8221;default&#8221; global_colors_info=&#8221;{}&#8221;][et_pb_column type=&#8221;4_4&#8243; _builder_version=&#8221;4.17.4&#8243; _module_preset=&#8221;default&#8221; global_colors_info=&#8221;{}&#8221;][et_pb_text _builder_version=&#8221;4.17.4&#8243; _module_preset=&#8221;default&#8221; global_colors_info=&#8221;{}&#8221;]<\/p>\n<p style=\"text-align: justify;\">Els <strong>auxiliars administratius de l&#8217;Estat<\/strong> s\u00f3n les persones encarregades del contacte amb el p\u00fablic i de les gestions administratives. La mecanografia i l&#8217;organitzaci\u00f3 han de ser algunes de les habilitats amb qu\u00e8 compten els futurs auxiliars. Som una <a href=\"https:\/\/www.practicbcn.com\/\">acad\u00e8mia<\/a> auxiliar administratiu de l\u00b4Estat a Barcelona.<\/p>\n<p style=\"text-align: justify;\">Aprovant les oposicions <a href=\"https:\/\/www.inap.es\/cuerpo-general-auxiliar-de-la-administracion-del-estado\"rel=\"nofollow\">d&#8217;auxiliar administratiu de l&#8217;Estat<\/a> tindr\u00e0s assegurada una feina estable, ben remunerada i per a tota la vida. \u00c9s una de les millors oportunitats per escapar de la precarietat laboral que inunda les ofertes laborals avui dia.<\/p>\n<p style=\"text-align: justify;\">A <strong>PracticBCN<\/strong> tenim professors especialitzats en la preparaci\u00f3 d&#8217;aquesta oposici\u00f3. Envoltant-te dels millors professionals, aconseguir la pla\u00e7a d&#8217;auxiliar administratiu de l&#8217;Estat ser\u00e0 una tasca molt senzilla.<\/p>\n<p style=\"text-align: justify;\">\n<h2 style=\"text-align: justify;\">OOP 2022<\/h2>\n<p style=\"text-align: justify;\">\n<p style=\"text-align: justify;\"><img loading=\"lazy\" decoding=\"async\" class=\"wp-image-19963 size-medium alignleft\" src=\"https:\/\/www.practicbcn.com\/wp-content\/uploads\/2022\/06\/Diseno-sin-titulo-2022-06-16T071155.589-1-300x159.png\" alt=\"\" width=\"300\" height=\"159\" \/>Aquesta oposici\u00f3 \u00e9s una de les m\u00e9s demandades i alhora \u00e9s una de les oposicions en qu\u00e8 s&#8217;ofereixen m\u00e9s places anualment. \u00c9s un lloc amb gran import\u00e0ncia a les diferents administracions p\u00fabliques.<\/p>\n<p style=\"text-align: justify;\">A l&#8217;Oferta d&#8217;Ocupaci\u00f3 P\u00fablica del 2022 es van oferir <strong>600 places<\/strong>. Aquestes places se sumen a les <strong>550 places<\/strong> de l&#8217;any 2021, les quals encara no s&#8217;han distribu\u00eft. Aix\u00f2 fa un total de <strong>1.150 places<\/strong> per al lloc d&#8217;auxiliar d&#8217;administraci\u00f3 de l&#8217;Estat.<\/p>\n<p style=\"text-align: justify;\">\n<h2 style=\"text-align: justify;\">Requisits<\/h2>\n<p style=\"text-align: justify;\">\n<p style=\"text-align: justify;\">Els requisits que se sol\u00b7liciten per a aquesta oposici\u00f3 s\u00f3n m\u00ednims. Te&#8217;ls expliquem a continuaci\u00f3 de manera detallada:<\/p>\n<ul style=\"text-align: justify;\">\n<li>Has de tenir la <strong>nacionalitat espanyola<\/strong> o d&#8217;algun estat membre de la UE. Tamb\u00e9 seria v\u00e0lida la nacionalitat d\u2019algun dels tractats internacionals celebrats per la UE i ratificats per l\u2019estat espanyol.<\/li>\n<li>Has de ser m\u00e9s gran de <strong>16 anys<\/strong> i no haver arribat a l&#8217;edat de jubilaci\u00f3 for\u00e7osa.<\/li>\n<li>Has de posseir el t\u00edtol de <strong>Graduat en Educaci\u00f3 Secund\u00e0ria Obligat\u00f2ria<\/strong>, un <strong>FPI<\/strong> o algun t\u00edtol equivalent. En cas de no posseir-lo, servir\u00e0 si el pots obtenir abans de la data de publicaci\u00f3 de la convocat\u00f2ria.<\/li>\n<li>No pots haver estat separat mitjan\u00e7ant expedient disciplinari de qualsevol servei de l\u2019administraci\u00f3 p\u00fablica. Ni haver estat inhabilitat per a l&#8217;execuci\u00f3 de c\u00e0rrecs p\u00fablics a l&#8217;administraci\u00f3.<\/li>\n<li>No pots patir malalties ni cap mena de limitaci\u00f3 que sigui incompatible amb el desenvolupament de les teves activitats com a auxiliar administratiu de l&#8217;Estat.<\/li>\n<\/ul>\n<p style=\"text-align: justify;\">\n<h2 style=\"text-align: justify;\">Proc\u00e9s selectiu d&#8217;auxiliar administratiu de l&#8217;Estat<\/h2>\n<p style=\"text-align: justify;\">\n<p style=\"text-align: justify;\">El proc\u00e9s pel qual han de passar els opositors que vulguin aconseguir una pla\u00e7a com a auxiliar administratiu de l&#8217;Estat consistir\u00e0 en un \u00fanic exercici que es compon de dues parts diferenciades.<\/p>\n<p style=\"text-align: justify;\">La <strong>primera part<\/strong> \u00e9s un examen escrit de 60 preguntes. Les primeres 30 estaran relacionades amb el temari del bloc I i les 30 preguntes seg\u00fcents seran de car\u00e0cter psicot\u00e8cnic. En aquesta part de l&#8217;examen s&#8217;avaluen tant els coneixements te\u00f2rics com les aptituds que es necessitaran posteriorment per al bon desenvolupament de la feina.<\/p>\n<p style=\"text-align: justify;\">La <strong>segona part<\/strong> consisteix a respondre per escrit un q\u00fcestionari d&#8217;un m\u00e0xim de 50 preguntes. Aquestes preguntes es relacionen amb el bloc II del temari, el contingut del qual \u00e9s Windows i\/o Office.<\/p>\n<p style=\"text-align: justify;\">Tant la primera com la segona part de l\u2019exercici s\u00f3n de car\u00e0cter obligatori i eliminatori. Les dues parts de l\u2019exercici es fan en un mateix dia. \u00c9s important tenir en compte que hem d&#8217;aprovar la primera part perqu\u00e8 es passi a la correcci\u00f3 de la segona part.<\/p>\n<p style=\"text-align: justify;\">\n<h2 style=\"text-align: justify;\">Temps de descans i vacances<\/h2>\n<p style=\"text-align: justify;\">\n<p style=\"text-align: justify;\">\u00c9s important una feina que et faci feli\u00e7 ja que vuit de les vint-i-quatre hores que t\u00e9 un dia les dediquem a la feina. Per\u00f2 el descans \u00e9s un pilar essencial per poder ser productiu durant la jornada laboral. \u00c9s important el descans durant la feina, igual que tenen import\u00e0ncia les vacances. Aquestes \u00faltimes tenen com a finalitat la desconnexi\u00f3 de la rutina di\u00e0ria, per no cremar-te amb el dia a dia.<\/p>\n<p style=\"text-align: justify;\">\n<h3 style=\"text-align: justify;\">Vacances<\/h3>\n<p style=\"text-align: justify;\">\n<p style=\"text-align: justify;\">Els funcionaris que treballen com a auxiliars de l&#8217;Estat gaudeixen de <strong>22 dies h\u00e0bils<\/strong> o un mes natural de vacances per any treballat.<\/p>\n<p style=\"text-align: justify;\">Tamb\u00e9 \u00e9s recomanable distribuir aquestes vacances al llarg de l&#8217;any. Alguns estudis comenten que el temps ideal per desconnectar de la feina \u00e9s d&#8217;una setmana, fins i tot hi ha persones que diuen que necessiten dues setmanes per canviar el xip de la feina. Segons el tipus de persona es podran distribuir les vacances de la manera m\u00e9s eficient per a un mateix.<\/p>\n<p style=\"text-align: justify;\"><img loading=\"lazy\" decoding=\"async\" class=\"wp-image-19965  aligncenter\" src=\"https:\/\/www.practicbcn.com\/wp-content\/uploads\/2022\/06\/Diseno-sin-titulo-2022-06-16T071331.145-1-300x159.png\" alt=\"\" width=\"374\" height=\"198\" \/><\/p>\n<h3 style=\"text-align: justify;\">Ampliaci\u00f3 de vacances<\/h3>\n<p style=\"text-align: justify;\">\n<p style=\"text-align: justify;\">En adquirir la pla\u00e7a es podr\u00e0 gaudir de vint-i-dos dies de vacances, els quals s&#8217;aniran ampliant a mesura que augmentin els anys treballats per a l&#8217;administraci\u00f3 p\u00fablica. Es poden aconseguir fins a quatre dies m\u00e9s de vacances, depenent de l&#8217;antiguitat que tinguis en el lloc. L&#8217;augment de vacances es distribueix de la manera seg\u00fcent:<\/p>\n<ul style=\"text-align: justify;\">\n<li>Als quinze anys de servei: <strong>vint-i-tres dies h\u00e0bils.<\/strong><\/li>\n<li>Als vint anys de servei: <strong>vint-i-quatre dies h\u00e0bils.<\/strong><\/li>\n<li>Als vint-i-cinc anys de servei: <strong>vint-i-cinc dies h\u00e0bils.<\/strong><\/li>\n<li>Als trenta anys o m\u00e9s de servei: <strong>vint-i-sis dies h\u00e0bils.<\/strong><\/li>\n<\/ul>\n<p style=\"text-align: justify;\">A m\u00e9s d&#8217;aquestes vacances, els dissabtes i els diumenges no es treballa. Aix\u00ed que podr\u00e0s gaudir de tots els teus caps de setmana.<\/p>\n<p style=\"text-align: justify;\">\n<h3 style=\"text-align: justify;\">Permisos i exced\u00e8ncies<\/h3>\n<p style=\"text-align: justify;\">\n<p style=\"text-align: justify;\">Al costat dels per\u00edodes de vacances tamb\u00e9 podr\u00e0s gaudir d&#8217;una s\u00e8rie de permisos. Amb aquests permisos, la conciliaci\u00f3 de la teva vida personal amb la feina ser\u00e0 molt m\u00e9s senzilla.<\/p>\n<p style=\"text-align: justify;\">Alguns dels permisos m\u00e9s comuns s\u00f3n: per malaltia, per matrimoni, per maternitat o per paternitat, per mort d&#8217;un familiar o per mudan\u00e7a. A m\u00e9s, els estudiants tenen un perm\u00eds especial per quan s&#8217;han de presentar a ex\u00e0mens.<\/p>\n<p style=\"text-align: justify;\">A les vacances i permisos se li podran afegir 7 dies d&#8217;assumptes propis. Aquests dies no podr\u00e0s anar a treballar i no cal que s&#8217;aporti cap justificant del motiu de l&#8217;abs\u00e8ncia laboral.<\/p>\n<p style=\"text-align: justify;\">Finalment, el darrer tipus de perm\u00eds s\u00f3n les <strong>exced\u00e8ncies<\/strong>. Hi ha quatre tipus d&#8217;exced\u00e8ncies: exced\u00e8ncia volunt\u00e0ria per inter\u00e8s particular, exced\u00e8ncia volunt\u00e0ria per agrupaci\u00f3 familiar, exced\u00e8ncia per cura de familiars i exced\u00e8ncia per viol\u00e8ncia de g\u00e8nere i viol\u00e8ncia terrorista.<\/p>\n<p style=\"text-align: justify;\">\n<h2 style=\"text-align: justify;\">Acad\u00e8mia auxiliar administratiu de l\u00b4Estat a Barcelona<\/h2>\n<p style=\"text-align: justify;\">\n<p style=\"text-align: justify;\">Som una acad\u00e8mia amb una gran experi\u00e8ncia en la preparaci\u00f3 d&#8217;oposicions. Molts alumnes de PracticBCN ja gaudeixen de la seva pla\u00e7a gr\u00e0cies a l&#8217;estudi que han desenvolupat amb el suport de material actualitzat i de professors especialistes.<\/p>\n<p style=\"text-align: justify;\">La darrera OOP del 2022 \u00e9s una gran oportunitat per aconseguir una de les m\u00faltiples places que s&#8217;ofereixen. Comen\u00e7a a preparar-te ja a PracticBCN i arriba als ex\u00e0mens sent una de les persones m\u00e9s preparades. Aprofita l&#8217;estiu per estudiar i assegura&#8217;t un lloc estable i ben remunerat a la convocat\u00f2ria del 2022.<\/p>\n<p style=\"text-align: justify;\">Si ets de Barcelona, podr\u00e0s gaudir de les classes <strong>presencials<\/strong>. I si, al contrari, vius en qualsevol altra part apunta&#8217;t a la modalitat <strong>telepresencial<\/strong>. En aquesta modalitat podr\u00e0s gaudir dels avantatges de les classes presencials, alhora que disposes de flexibilitat per adaptar els teus estudis al teu temps.<\/p>\n<p style=\"text-align: justify;\">Omple el formulari d&#8217;aqu\u00ed sota i et resoldrem qualsevol dubte que tinguis sense cap comprom\u00eds.<\/p>\n<p style=\"text-align: justify;\">Et desitgem molta sort amb la teva oposici\u00f3!<\/p>\n<p>[\/et_pb_text][\/et_pb_column][\/et_pb_row][\/et_pb_section][et_pb_section fb_built=&#8221;1&#8243; _builder_version=&#8221;4.16&#8243; _module_preset=&#8221;default&#8221; background_color=&#8221;#009aa5&#8243; min_height=&#8221;254.9px&#8221; custom_margin=&#8221;||||false|false&#8221; custom_padding=&#8221;0px||0px||true|false&#8221; top_divider_height_tablet=&#8221;&#8221; top_divider_height_phone=&#8221;&#8221; top_divider_height_last_edited=&#8221;on|phone&#8221; saved_tabs=&#8221;all&#8221; global_colors_info=&#8221;{}&#8221; locked=&#8221;off&#8221;][et_pb_row column_structure=&#8221;1_3,1_3,1_3&#8243; use_custom_gutter=&#8221;on&#8221; gutter_width=&#8221;1&#8243; make_equal=&#8221;on&#8221; _builder_version=&#8221;4.19.1&#8243; _module_preset=&#8221;default&#8221; width=&#8221;100%&#8221; max_width=&#8221;2560px&#8221; min_height=&#8221;257.9px&#8221; custom_margin=&#8221;||||false|false&#8221; custom_padding=&#8221;0px||0px||false|false&#8221; hover_enabled=&#8221;0&#8243; global_colors_info=&#8221;{}&#8221; sticky_enabled=&#8221;0&#8243;][et_pb_column type=&#8221;1_3&#8243; _builder_version=&#8221;4.16&#8243; _module_preset=&#8221;default&#8221; global_colors_info=&#8221;{}&#8221;][et_pb_image src=&#8221;https:\/\/www.practicbcn.com\/wp-content\/uploads\/2021\/08\/circulo-06_2-06.png&#8221; alt=&#8221;practic-barcelona-oposiciones&#8221; title_text=&#8221;practic-barcelona-oposiciones&#8221; src_tablet=&#8221;https:\/\/www.practicbcn.com\/wp-content\/uploads\/2021\/09\/practic-barcelona-oposiciones.png&#8221; src_phone=&#8221;https:\/\/www.practicbcn.com\/wp-content\/uploads\/2021\/09\/practic-barcelona-oposiciones.png&#8221; src_last_edited=&#8221;on|tablet&#8221; _builder_version=&#8221;4.16&#8243; _module_preset=&#8221;default&#8221; custom_margin=&#8221;||||false|false&#8221; custom_margin_tablet=&#8221;||0px||false|false&#8221; custom_margin_phone=&#8221;||0px||false|false&#8221; custom_margin_last_edited=&#8221;on|tablet&#8221; global_colors_info=&#8221;{}&#8221;][\/et_pb_image][\/et_pb_column][et_pb_column type=&#8221;1_3&#8243; _builder_version=&#8221;4.16&#8243; _module_preset=&#8221;default&#8221; global_colors_info=&#8221;{}&#8221;][et_pb_text _builder_version=&#8221;4.19.1&#8243; _module_preset=&#8221;default&#8221; header_font=&#8221;Montserrat||||||||&#8221; header_2_font=&#8221;Montserrat|900|||||||&#8221; header_2_text_align=&#8221;center&#8221; header_2_text_color=&#8221;#FFFFFF&#8221; header_2_font_size=&#8221;50px&#8221; header_2_line_height=&#8221;1.2em&#8221; custom_margin=&#8221;105px|-63px|105px|-134px|true|false&#8221; custom_margin_tablet=&#8221;0px||0px||true|false&#8221; custom_margin_phone=&#8221;0px||0px||true|false&#8221; custom_margin_last_edited=&#8221;on|tablet&#8221; custom_padding=&#8221;|0px||||&#8221; header_2_font_size_tablet=&#8221;45px&#8221; header_2_font_size_phone=&#8221;40px&#8221; header_2_font_size_last_edited=&#8221;on|tablet&#8221; global_colors_info=&#8221;{}&#8221;]<\/p>\n<h2 style=\"text-align: center;\">Consigue tu pla\u00e7a amb Practic<\/h2>\n<p>[\/et_pb_text][\/et_pb_column][et_pb_column type=&#8221;1_3&#8243; _builder_version=&#8221;4.16&#8243; _module_preset=&#8221;default&#8221; global_colors_info=&#8221;{}&#8221;][et_pb_image src=&#8221;https:\/\/www.practicbcn.com\/wp-content\/uploads\/2021\/08\/LINEAS_2-07.png&#8221; alt=&#8221;Solicita informaci\u00f3n Practic Barcelona&#8221; title_text=&#8221;Solicita informaci\u00f3n Practic Barcelona&#8221; _builder_version=&#8221;4.16&#8243; _module_preset=&#8221;default&#8221; custom_margin=&#8221;37px||||false|false&#8221; custom_margin_tablet=&#8221;-50px||||false|false&#8221; custom_margin_phone=&#8221;-45px||||false|false&#8221; custom_margin_last_edited=&#8221;on|tablet&#8221; global_colors_info=&#8221;{}&#8221;][\/et_pb_image][\/et_pb_column][\/et_pb_row][\/et_pb_section][et_pb_section fb_built=&#8221;1&#8243; admin_label=&#8221;Formulario&#8221; _builder_version=&#8221;4.16&#8243; _module_preset=&#8221;default&#8221; min_height=&#8221;335.1px&#8221; custom_padding=&#8221;0px||0px||true|false&#8221; saved_tabs=&#8221;all&#8221; global_colors_info=&#8221;{}&#8221; global_module=&#8221;21513&#8243; locked=&#8221;off&#8221;][et_pb_row custom_padding_last_edited=&#8221;on|phone&#8221; _builder_version=&#8221;4.16&#8243; _module_preset=&#8221;default&#8221; width_tablet=&#8221;90%&#8221; width_phone=&#8221;90%&#8221; width_last_edited=&#8221;on|phone&#8221; custom_padding_tablet=&#8221;&#8221; custom_padding_phone=&#8221;0px||0px||true|false&#8221; global_colors_info=&#8221;{}&#8221;][et_pb_column type=&#8221;4_4&#8243; _builder_version=&#8221;4.16&#8243; _module_preset=&#8221;default&#8221; global_colors_info=&#8221;{}&#8221;][et_pb_text _builder_version=&#8221;4.16&#8243; _module_preset=&#8221;default&#8221; text_font=&#8221;Montserrat|900|||||||&#8221; text_text_color=&#8221;#009aa5&#8243; text_font_size=&#8221;48px&#8221; text_line_height=&#8221;1.2em&#8221; header_2_font=&#8221;Montserrat|900|||||||&#8221; header_2_text_color=&#8221;#009aa5&#8243; header_2_font_size=&#8221;46px&#8221; text_orientation=&#8221;center&#8221; text_font_size_tablet=&#8221;&#8221; text_font_size_phone=&#8221;23px&#8221; text_font_size_last_edited=&#8221;on|phone&#8221; global_colors_info=&#8221;{}&#8221;]<\/p>\n<p>Sol\u00b7licita informaci\u00f3 gratu\u00efta i sense comprom\u00eds<\/p>\n<p>[\/et_pb_text][\/et_pb_column][\/et_pb_row][et_pb_row _builder_version=&#8221;4.16&#8243; _module_preset=&#8221;default&#8221; width_tablet=&#8221;&#8221; width_phone=&#8221;100%&#8221; width_last_edited=&#8221;on|phone&#8221; border_color_all=&#8221;#000000&#8243; global_colors_info=&#8221;{}&#8221;][et_pb_column type=&#8221;4_4&#8243; _builder_version=&#8221;4.16&#8243; _module_preset=&#8221;default&#8221; global_colors_info=&#8221;{}&#8221;][et_pb_code _builder_version=&#8221;4.16&#8243; _module_preset=&#8221;default&#8221; text_orientation=&#8221;center&#8221; global_colors_info=&#8221;{}&#8221;]<iframe loading=\"lazy\" src=\"https:\/\/www.practicbcn.com\/formulario2\/form2_cat.php\" width=\"400\" height=\"650\" frameborder=\"0\" scrolling=\"no\"><\/iframe>[\/et_pb_code][et_pb_toggle title=&#8221;RGPD Llei de Protecci\u00f3 de Dades&#8221; open_toggle_text_color=&#8221;#000000&#8243; open_toggle_background_color=&#8221;#ffffff&#8221; closed_toggle_text_color=&#8221;#000000&#8243; closed_toggle_background_color=&#8221;#ffffff&#8221; icon_color=&#8221;#5499A3&#8243; open_icon_color=&#8221;#5499A3&#8243; disabled_on=&#8221;off|off|off&#8221; _builder_version=&#8221;4.16&#8243; title_text_color=&#8221;#000000&#8243; body_text_color=&#8221;#000000&#8243; custom_margin_tablet=&#8221;&#8221; custom_margin_phone=&#8221;|20px||20px|false|true&#8221; custom_margin_last_edited=&#8221;on|phone&#8221; custom_padding_tablet=&#8221;&#8221; custom_padding_phone=&#8221;||||false|false&#8221; custom_padding_last_edited=&#8221;on|phone&#8221; z_index_tablet=&#8221;500&#8243; title_text_shadow_horizontal_length_tablet=&#8221;0px&#8221; title_text_shadow_vertical_length_tablet=&#8221;0px&#8221; title_text_shadow_blur_strength_tablet=&#8221;1px&#8221; closed_title_text_shadow_horizontal_length_tablet=&#8221;0px&#8221; closed_title_text_shadow_vertical_length_tablet=&#8221;0px&#8221; closed_title_text_shadow_blur_strength_tablet=&#8221;1px&#8221; body_text_shadow_horizontal_length_tablet=&#8221;0px&#8221; body_text_shadow_vertical_length_tablet=&#8221;0px&#8221; body_text_shadow_blur_strength_tablet=&#8221;1px&#8221; body_link_text_shadow_horizontal_length_tablet=&#8221;0px&#8221; body_link_text_shadow_vertical_length_tablet=&#8221;0px&#8221; body_link_text_shadow_blur_strength_tablet=&#8221;1px&#8221; body_ul_text_shadow_horizontal_length_tablet=&#8221;0px&#8221; body_ul_text_shadow_vertical_length_tablet=&#8221;0px&#8221; body_ul_text_shadow_blur_strength_tablet=&#8221;1px&#8221; body_ol_text_shadow_horizontal_length_tablet=&#8221;0px&#8221; body_ol_text_shadow_vertical_length_tablet=&#8221;0px&#8221; body_ol_text_shadow_blur_strength_tablet=&#8221;1px&#8221; body_quote_text_shadow_horizontal_length_tablet=&#8221;0px&#8221; body_quote_text_shadow_vertical_length_tablet=&#8221;0px&#8221; body_quote_text_shadow_blur_strength_tablet=&#8221;1px&#8221; border_color_all=&#8221;#000000&#8243; box_shadow_horizontal_tablet=&#8221;0px&#8221; box_shadow_vertical_tablet=&#8221;0px&#8221; box_shadow_blur_tablet=&#8221;40px&#8221; box_shadow_spread_tablet=&#8221;0px&#8221; text_shadow_horizontal_length_tablet=&#8221;0px&#8221; text_shadow_vertical_length_tablet=&#8221;0px&#8221; text_shadow_blur_strength_tablet=&#8221;1px&#8221; global_colors_info=&#8221;{}&#8221;]<\/p>\n<p>COMPLIMENT LLEI DE PROTECCI\u00d3 DE DADES 2018 RPGD<br \/>Responsable: CENTRE FORMATIU PRACTIC UNIC BCN 774 , S.L.U CIF: B87963914<br \/>Finalitat: Proporcionar informaci\u00f3 sobre els nostres serveis.<br \/>Legitimaci\u00f3: Consentiment de l&#8217;interessat.<br \/>Destinataris: No se cediran dades a tercers, excepte obligaci\u00f3 legal.<br \/>Drets: Accedir, rectificar, suprimir les dades i altres drets, com s&#8217;explica en la informaci\u00f3 addicional.<br \/>Informaci\u00f3 addicional: <a href=\"https:\/\/www.practicbcn.com\/aviso-legal-rgpd\/\">Pol\u00edtica de privacitat i RGPD<\/a>.<\/p>\n<p>[\/et_pb_toggle][\/et_pb_column][\/et_pb_row][\/et_pb_section]<\/p>\n","protected":false},"excerpt":{"rendered":"<p>Els auxiliars administratius de l&#8217;Estat s\u00f3n les persones encarregades del contacte amb el p\u00fablic i de les gestions administratives. La mecanografia i l&#8217;organitzaci\u00f3 han de ser algunes de les habilitats amb qu\u00e8 compten els futurs auxiliars. Som una acad\u00e8mia auxiliar administratiu de l\u00b4Estat a Barcelona.<\/p>\n","protected":false},"author":3,"featured_media":19980,"comment_status":"closed","ping_status":"closed","sticky":false,"template":"","format":"standard","meta":{"_et_pb_use_builder":"on","_et_pb_old_content":"","_et_gb_content_width":"","footnotes":""},"categories":[234],"tags":[],"class_list":["post-19959","post","type-post","status-publish","format-standard","has-post-thumbnail","hentry","category-estatals"],"yoast_head":"<!-- This site is optimized with the Yoast SEO Premium plugin v22.8 (Yoast SEO v27.2) - https:\/\/yoast.com\/product\/yoast-seo-premium-wordpress\/ -->\n<title>Auxiliar administratiu de l\u00b4Estat a Barcelona<\/title>\n<meta name=\"description\" content=\"Auxiliar administratiu de l\u00b4Estat a Barcelona | A PracticBCN tenim professors especialitzats en la preparaci\u00f3 d&#039;aquesta oposici\u00f3.\" \/>\n<meta name=\"robots\" content=\"index, follow, max-snippet:-1, max-image-preview:large, max-video-preview:-1\" \/>\n<link rel=\"canonical\" href=\"https:\/\/www.practicbcn.com\/ca\/auxiliar-administratiu-estat-a-barcelona\/\" \/>\n<meta property=\"og:locale\" content=\"ca_ES\" \/>\n<meta property=\"og:type\" content=\"article\" \/>\n<meta property=\"og:title\" content=\"Auxiliar administratiu de l&#039;estat a Barcelona\" \/>\n<meta property=\"og:description\" content=\"Auxiliar administratiu de l\u00b4Estat a Barcelona | A PracticBCN tenim professors especialitzats en la preparaci\u00f3 d&#039;aquesta oposici\u00f3.\" \/>\n<meta property=\"og:url\" content=\"https:\/\/www.practicbcn.com\/ca\/auxiliar-administratiu-estat-a-barcelona\/\" \/>\n<meta property=\"og:site_name\" content=\"academia oposiciones Barcelona\" \/>\n<meta property=\"article:published_time\" content=\"2022-06-20T13:12:20+00:00\" \/>\n<meta property=\"article:modified_time\" content=\"2022-11-29T13:01:47+00:00\" \/>\n<meta property=\"og:image\" content=\"https:\/\/www.practicbcn.com\/wp-content\/uploads\/2022\/06\/Post-Practic-Espan\u0303ol-21.png\" \/>\n\t<meta property=\"og:image:width\" content=\"640\" \/>\n\t<meta property=\"og:image:height\" content=\"400\" \/>\n\t<meta property=\"og:image:type\" content=\"image\/png\" \/>\n<meta name=\"author\" content=\"cantu\" \/>\n<meta name=\"twitter:card\" content=\"summary_large_image\" \/>\n<meta name=\"twitter:label1\" content=\"Escrit per\" \/>\n\t<meta name=\"twitter:data1\" content=\"cantu\" \/>\n\t<meta name=\"twitter:label2\" content=\"Temps estimat de lectura\" \/>\n\t<meta name=\"twitter:data2\" content=\"11 minuts\" \/>\n<script type=\"application\/ld+json\" class=\"yoast-schema-graph\">{\"@context\":\"https:\/\/schema.org\",\"@graph\":[{\"@type\":\"Article\",\"@id\":\"https:\/\/www.practicbcn.com\/ca\/auxiliar-administratiu-estat-a-barcelona\/#article\",\"isPartOf\":{\"@id\":\"https:\/\/www.practicbcn.com\/ca\/auxiliar-administratiu-estat-a-barcelona\/\"},\"author\":{\"name\":\"cantu\",\"@id\":\"https:\/\/www.practicbcn.com\/ca\/#\/schema\/person\/b1bf6fae906bb2caf24a3ed0699b35a1\"},\"headline\":\"Auxiliar administratiu de l&#8217;estat a Barcelona\",\"datePublished\":\"2022-06-20T13:12:20+00:00\",\"dateModified\":\"2022-11-29T13:01:47+00:00\",\"mainEntityOfPage\":{\"@id\":\"https:\/\/www.practicbcn.com\/ca\/auxiliar-administratiu-estat-a-barcelona\/\"},\"wordCount\":2186,\"publisher\":{\"@id\":\"https:\/\/www.practicbcn.com\/ca\/#organization\"},\"image\":{\"@id\":\"https:\/\/www.practicbcn.com\/ca\/auxiliar-administratiu-estat-a-barcelona\/#primaryimage\"},\"thumbnailUrl\":\"https:\/\/www.practicbcn.com\/wp-content\/uploads\/2022\/06\/Post-Practic-Espan\u0303ol-21.png\",\"articleSection\":[\"Estatals\"],\"inLanguage\":\"ca\"},{\"@type\":\"WebPage\",\"@id\":\"https:\/\/www.practicbcn.com\/ca\/auxiliar-administratiu-estat-a-barcelona\/\",\"url\":\"https:\/\/www.practicbcn.com\/ca\/auxiliar-administratiu-estat-a-barcelona\/\",\"name\":\"Auxiliar administratiu de l\u00b4Estat a Barcelona\",\"isPartOf\":{\"@id\":\"https:\/\/www.practicbcn.com\/ca\/#website\"},\"primaryImageOfPage\":{\"@id\":\"https:\/\/www.practicbcn.com\/ca\/auxiliar-administratiu-estat-a-barcelona\/#primaryimage\"},\"image\":{\"@id\":\"https:\/\/www.practicbcn.com\/ca\/auxiliar-administratiu-estat-a-barcelona\/#primaryimage\"},\"thumbnailUrl\":\"https:\/\/www.practicbcn.com\/wp-content\/uploads\/2022\/06\/Post-Practic-Espan\u0303ol-21.png\",\"datePublished\":\"2022-06-20T13:12:20+00:00\",\"dateModified\":\"2022-11-29T13:01:47+00:00\",\"description\":\"Auxiliar administratiu de l\u00b4Estat a Barcelona | A PracticBCN tenim professors especialitzats en la preparaci\u00f3 d'aquesta oposici\u00f3.\",\"breadcrumb\":{\"@id\":\"https:\/\/www.practicbcn.com\/ca\/auxiliar-administratiu-estat-a-barcelona\/#breadcrumb\"},\"inLanguage\":\"ca\",\"potentialAction\":[{\"@type\":\"ReadAction\",\"target\":[\"https:\/\/www.practicbcn.com\/ca\/auxiliar-administratiu-estat-a-barcelona\/\"]}]},{\"@type\":\"ImageObject\",\"inLanguage\":\"ca\",\"@id\":\"https:\/\/www.practicbcn.com\/ca\/auxiliar-administratiu-estat-a-barcelona\/#primaryimage\",\"url\":\"https:\/\/www.practicbcn.com\/wp-content\/uploads\/2022\/06\/Post-Practic-Espan\u0303ol-21.png\",\"contentUrl\":\"https:\/\/www.practicbcn.com\/wp-content\/uploads\/2022\/06\/Post-Practic-Espan\u0303ol-21.png\",\"width\":640,\"height\":400,\"caption\":\"Auxiliar administratiu de l'Estat de Barcelona\"},{\"@type\":\"BreadcrumbList\",\"@id\":\"https:\/\/www.practicbcn.com\/ca\/auxiliar-administratiu-estat-a-barcelona\/#breadcrumb\",\"itemListElement\":[{\"@type\":\"ListItem\",\"position\":1,\"name\":\"Portada\",\"item\":\"https:\/\/www.practicbcn.com\/ca\/\"},{\"@type\":\"ListItem\",\"position\":2,\"name\":\"Auxiliar administratiu de l&#8217;estat a Barcelona\"}]},{\"@type\":\"WebSite\",\"@id\":\"https:\/\/www.practicbcn.com\/ca\/#website\",\"url\":\"https:\/\/www.practicbcn.com\/ca\/\",\"name\":\"academia oposiciones Barcelona\",\"description\":\"academia oposiciones Barcelona PracticBCN Preparaci\u00f3n de opositores\",\"publisher\":{\"@id\":\"https:\/\/www.practicbcn.com\/ca\/#organization\"},\"potentialAction\":[{\"@type\":\"SearchAction\",\"target\":{\"@type\":\"EntryPoint\",\"urlTemplate\":\"https:\/\/www.practicbcn.com\/ca\/?s={search_term_string}\"},\"query-input\":{\"@type\":\"PropertyValueSpecification\",\"valueRequired\":true,\"valueName\":\"search_term_string\"}}],\"inLanguage\":\"ca\"},{\"@type\":\"Organization\",\"@id\":\"https:\/\/www.practicbcn.com\/ca\/#organization\",\"name\":\"Practic BCN\",\"url\":\"https:\/\/www.practicbcn.com\/ca\/\",\"logo\":{\"@type\":\"ImageObject\",\"inLanguage\":\"ca\",\"@id\":\"https:\/\/www.practicbcn.com\/ca\/#\/schema\/logo\/image\/\",\"url\":\"https:\/\/www.practicbcn.com\/wp-content\/uploads\/2018\/01\/LOGO-PRACTIC.jpg\",\"contentUrl\":\"https:\/\/www.practicbcn.com\/wp-content\/uploads\/2018\/01\/LOGO-PRACTIC.jpg\",\"width\":679,\"height\":676,\"caption\":\"Practic BCN\"},\"image\":{\"@id\":\"https:\/\/www.practicbcn.com\/ca\/#\/schema\/logo\/image\/\"}},{\"@type\":\"Person\",\"@id\":\"https:\/\/www.practicbcn.com\/ca\/#\/schema\/person\/b1bf6fae906bb2caf24a3ed0699b35a1\",\"name\":\"cantu\",\"image\":{\"@type\":\"ImageObject\",\"inLanguage\":\"ca\",\"@id\":\"https:\/\/secure.gravatar.com\/avatar\/9bf69246e68f8fa9721cc29ec236bd9daee6f76dfca26b3ddd7625676a5c2f9c?s=96&d=mm&r=g\",\"url\":\"https:\/\/secure.gravatar.com\/avatar\/9bf69246e68f8fa9721cc29ec236bd9daee6f76dfca26b3ddd7625676a5c2f9c?s=96&d=mm&r=g\",\"contentUrl\":\"https:\/\/secure.gravatar.com\/avatar\/9bf69246e68f8fa9721cc29ec236bd9daee6f76dfca26b3ddd7625676a5c2f9c?s=96&d=mm&r=g\",\"caption\":\"cantu\"}}]}<\/script>\n<!-- \/ Yoast SEO Premium plugin. -->","yoast_head_json":{"title":"Auxiliar administratiu de l\u00b4Estat a Barcelona","description":"Auxiliar administratiu de l\u00b4Estat a Barcelona | A PracticBCN tenim professors especialitzats en la preparaci\u00f3 d'aquesta oposici\u00f3.","robots":{"index":"index","follow":"follow","max-snippet":"max-snippet:-1","max-image-preview":"max-image-preview:large","max-video-preview":"max-video-preview:-1"},"canonical":"https:\/\/www.practicbcn.com\/ca\/auxiliar-administratiu-estat-a-barcelona\/","og_locale":"ca_ES","og_type":"article","og_title":"Auxiliar administratiu de l'estat a Barcelona","og_description":"Auxiliar administratiu de l\u00b4Estat a Barcelona | A PracticBCN tenim professors especialitzats en la preparaci\u00f3 d'aquesta oposici\u00f3.","og_url":"https:\/\/www.practicbcn.com\/ca\/auxiliar-administratiu-estat-a-barcelona\/","og_site_name":"academia oposiciones Barcelona","article_published_time":"2022-06-20T13:12:20+00:00","article_modified_time":"2022-11-29T13:01:47+00:00","og_image":[{"width":640,"height":400,"url":"https:\/\/www.practicbcn.com\/wp-content\/uploads\/2022\/06\/Post-Practic-Espan\u0303ol-21.png","type":"image\/png"}],"author":"cantu","twitter_card":"summary_large_image","twitter_misc":{"Escrit per":"cantu","Temps estimat de lectura":"11 minuts"},"schema":{"@context":"https:\/\/schema.org","@graph":[{"@type":"Article","@id":"https:\/\/www.practicbcn.com\/ca\/auxiliar-administratiu-estat-a-barcelona\/#article","isPartOf":{"@id":"https:\/\/www.practicbcn.com\/ca\/auxiliar-administratiu-estat-a-barcelona\/"},"author":{"name":"cantu","@id":"https:\/\/www.practicbcn.com\/ca\/#\/schema\/person\/b1bf6fae906bb2caf24a3ed0699b35a1"},"headline":"Auxiliar administratiu de l&#8217;estat a Barcelona","datePublished":"2022-06-20T13:12:20+00:00","dateModified":"2022-11-29T13:01:47+00:00","mainEntityOfPage":{"@id":"https:\/\/www.practicbcn.com\/ca\/auxiliar-administratiu-estat-a-barcelona\/"},"wordCount":2186,"publisher":{"@id":"https:\/\/www.practicbcn.com\/ca\/#organization"},"image":{"@id":"https:\/\/www.practicbcn.com\/ca\/auxiliar-administratiu-estat-a-barcelona\/#primaryimage"},"thumbnailUrl":"https:\/\/www.practicbcn.com\/wp-content\/uploads\/2022\/06\/Post-Practic-Espan\u0303ol-21.png","articleSection":["Estatals"],"inLanguage":"ca"},{"@type":"WebPage","@id":"https:\/\/www.practicbcn.com\/ca\/auxiliar-administratiu-estat-a-barcelona\/","url":"https:\/\/www.practicbcn.com\/ca\/auxiliar-administratiu-estat-a-barcelona\/","name":"Auxiliar administratiu de l\u00b4Estat a Barcelona","isPartOf":{"@id":"https:\/\/www.practicbcn.com\/ca\/#website"},"primaryImageOfPage":{"@id":"https:\/\/www.practicbcn.com\/ca\/auxiliar-administratiu-estat-a-barcelona\/#primaryimage"},"image":{"@id":"https:\/\/www.practicbcn.com\/ca\/auxiliar-administratiu-estat-a-barcelona\/#primaryimage"},"thumbnailUrl":"https:\/\/www.practicbcn.com\/wp-content\/uploads\/2022\/06\/Post-Practic-Espan\u0303ol-21.png","datePublished":"2022-06-20T13:12:20+00:00","dateModified":"2022-11-29T13:01:47+00:00","description":"Auxiliar administratiu de l\u00b4Estat a Barcelona | A PracticBCN tenim professors especialitzats en la preparaci\u00f3 d'aquesta oposici\u00f3.","breadcrumb":{"@id":"https:\/\/www.practicbcn.com\/ca\/auxiliar-administratiu-estat-a-barcelona\/#breadcrumb"},"inLanguage":"ca","potentialAction":[{"@type":"ReadAction","target":["https:\/\/www.practicbcn.com\/ca\/auxiliar-administratiu-estat-a-barcelona\/"]}]},{"@type":"ImageObject","inLanguage":"ca","@id":"https:\/\/www.practicbcn.com\/ca\/auxiliar-administratiu-estat-a-barcelona\/#primaryimage","url":"https:\/\/www.practicbcn.com\/wp-content\/uploads\/2022\/06\/Post-Practic-Espan\u0303ol-21.png","contentUrl":"https:\/\/www.practicbcn.com\/wp-content\/uploads\/2022\/06\/Post-Practic-Espan\u0303ol-21.png","width":640,"height":400,"caption":"Auxiliar administratiu de l'Estat de Barcelona"},{"@type":"BreadcrumbList","@id":"https:\/\/www.practicbcn.com\/ca\/auxiliar-administratiu-estat-a-barcelona\/#breadcrumb","itemListElement":[{"@type":"ListItem","position":1,"name":"Portada","item":"https:\/\/www.practicbcn.com\/ca\/"},{"@type":"ListItem","position":2,"name":"Auxiliar administratiu de l&#8217;estat a Barcelona"}]},{"@type":"WebSite","@id":"https:\/\/www.practicbcn.com\/ca\/#website","url":"https:\/\/www.practicbcn.com\/ca\/","name":"academia oposiciones Barcelona","description":"academia oposiciones Barcelona PracticBCN Preparaci\u00f3n de opositores","publisher":{"@id":"https:\/\/www.practicbcn.com\/ca\/#organization"},"potentialAction":[{"@type":"SearchAction","target":{"@type":"EntryPoint","urlTemplate":"https:\/\/www.practicbcn.com\/ca\/?s={search_term_string}"},"query-input":{"@type":"PropertyValueSpecification","valueRequired":true,"valueName":"search_term_string"}}],"inLanguage":"ca"},{"@type":"Organization","@id":"https:\/\/www.practicbcn.com\/ca\/#organization","name":"Practic BCN","url":"https:\/\/www.practicbcn.com\/ca\/","logo":{"@type":"ImageObject","inLanguage":"ca","@id":"https:\/\/www.practicbcn.com\/ca\/#\/schema\/logo\/image\/","url":"https:\/\/www.practicbcn.com\/wp-content\/uploads\/2018\/01\/LOGO-PRACTIC.jpg","contentUrl":"https:\/\/www.practicbcn.com\/wp-content\/uploads\/2018\/01\/LOGO-PRACTIC.jpg","width":679,"height":676,"caption":"Practic BCN"},"image":{"@id":"https:\/\/www.practicbcn.com\/ca\/#\/schema\/logo\/image\/"}},{"@type":"Person","@id":"https:\/\/www.practicbcn.com\/ca\/#\/schema\/person\/b1bf6fae906bb2caf24a3ed0699b35a1","name":"cantu","image":{"@type":"ImageObject","inLanguage":"ca","@id":"https:\/\/secure.gravatar.com\/avatar\/9bf69246e68f8fa9721cc29ec236bd9daee6f76dfca26b3ddd7625676a5c2f9c?s=96&d=mm&r=g","url":"https:\/\/secure.gravatar.com\/avatar\/9bf69246e68f8fa9721cc29ec236bd9daee6f76dfca26b3ddd7625676a5c2f9c?s=96&d=mm&r=g","contentUrl":"https:\/\/secure.gravatar.com\/avatar\/9bf69246e68f8fa9721cc29ec236bd9daee6f76dfca26b3ddd7625676a5c2f9c?s=96&d=mm&r=g","caption":"cantu"}}]}},"_links":{"self":[{"href":"https:\/\/www.practicbcn.com\/ca\/wp-json\/wp\/v2\/posts\/19959","targetHints":{"allow":["GET"]}}],"collection":[{"href":"https:\/\/www.practicbcn.com\/ca\/wp-json\/wp\/v2\/posts"}],"about":[{"href":"https:\/\/www.practicbcn.com\/ca\/wp-json\/wp\/v2\/types\/post"}],"author":[{"embeddable":true,"href":"https:\/\/www.practicbcn.com\/ca\/wp-json\/wp\/v2\/users\/3"}],"replies":[{"embeddable":true,"href":"https:\/\/www.practicbcn.com\/ca\/wp-json\/wp\/v2\/comments?post=19959"}],"version-history":[{"count":0,"href":"https:\/\/www.practicbcn.com\/ca\/wp-json\/wp\/v2\/posts\/19959\/revisions"}],"wp:featuredmedia":[{"embeddable":true,"href":"https:\/\/www.practicbcn.com\/ca\/wp-json\/wp\/v2\/media\/19980"}],"wp:attachment":[{"href":"https:\/\/www.practicbcn.com\/ca\/wp-json\/wp\/v2\/media?parent=19959"}],"wp:term":[{"taxonomy":"category","embeddable":true,"href":"https:\/\/www.practicbcn.com\/ca\/wp-json\/wp\/v2\/categories?post=19959"},{"taxonomy":"post_tag","embeddable":true,"href":"https:\/\/www.practicbcn.com\/ca\/wp-json\/wp\/v2\/tags?post=19959"}],"curies":[{"name":"wp","href":"https:\/\/api.w.org\/{rel}","templated":true}]}}