{"id":12974,"date":"2021-03-10T12:29:44","date_gmt":"2021-03-10T12:29:44","guid":{"rendered":"https:\/\/www.practicbcn.com\/publicada-en-el-dogc-la-convocatoria-de-259-places-de-guardia-urbana\/"},"modified":"2022-12-07T08:23:35","modified_gmt":"2022-12-07T08:23:35","slug":"places-guardia-urbana","status":"publish","type":"post","link":"https:\/\/www.practicbcn.com\/ca\/places-guardia-urbana\/","title":{"rendered":"Publicada en el DOGC la convocat\u00f2ria de 259 places de Gu\u00e0rdia Urbana"},"content":{"rendered":"<p>[et_pb_section fb_built=&#8221;1&#8243; _builder_version=&#8221;4.16&#8243; _module_preset=&#8221;default&#8221; global_colors_info=&#8221;{}&#8221;][et_pb_row _builder_version=&#8221;4.16&#8243; _module_preset=&#8221;default&#8221; global_colors_info=&#8221;{}&#8221;][et_pb_column type=&#8221;4_4&#8243; _builder_version=&#8221;4.16&#8243; _module_preset=&#8221;default&#8221; global_colors_info=&#8221;{}&#8221;][et_pb_text _builder_version=&#8221;4.16&#8243; _module_preset=&#8221;default&#8221; global_colors_info=&#8221;{}&#8221;]<\/p>\n<p style=\"text-align: justify;\"><span style=\"font-size: 12pt;\"><span style=\"font-weight: 400;\">Seguim amb les bones not\u00edcies opositores! L&#8217;ajuntament de Barcelona ha convocat 259 noves <\/span><strong><i>places de Gu\u00e0rdia Urbana<\/i><\/strong><span style=\"font-weight: 400;\">!<\/span> <\/span><span style=\"font-size: 12pt;\"><span style=\"font-weight: 400;\">Podr\u00e0s inscriure&#8217;t des de dem\u00e0, 11 de mar\u00e7, fins al 30 de mar\u00e7. Si vols con\u00e8ixer <\/span><span style=\"font-weight: 400;\">detalladament les bases de la convocat\u00f2ria<\/span>, <span style=\"font-weight: 400;\">continua llegint!<\/span><\/span><\/p>\n<p>&nbsp;<\/p>\n<p style=\"text-align: center;\">[bctt tweet=&#8221;L&#8217;ajuntament de Barcelona convoca oposicions per cobrir 259 places de Gu\u00e0rdia Urbana. Un 40% d&#8217;elles reservades per a dones! &#8221; username=&#8221;practibcn&#8221;]<\/p>\n<p>&nbsp;<\/p>\n<h2 style=\"text-align: justify;\"><span style=\"font-weight: 400;\">Novetats del sistema de selecci\u00f3 de places Gu\u00e0rdia Urbana<\/span><\/h2>\n<p>&nbsp;<\/p>\n<p><img loading=\"lazy\" decoding=\"async\" class=\"alignright wp-image-12978 size-full\" src=\"https:\/\/www.practicbcn.com\/wp-content\/uploads\/2021\/03\/places-guardia-urbana-1.png\" alt=\"places-guardia-urbana\" width=\"500\" height=\"310\" srcset=\"https:\/\/www.practicbcn.com\/wp-content\/uploads\/2021\/03\/places-guardia-urbana-1.png 500w, https:\/\/www.practicbcn.com\/wp-content\/uploads\/2021\/03\/places-guardia-urbana-1-480x298.png 480w\" sizes=\"(min-width: 0px) and (max-width: 480px) 480px, (min-width: 481px) 500px, 100vw\" \/><\/p>\n<p style=\"text-align: justify;\"><span style=\"font-size: 12pt;\"><span style=\"font-weight: 400;\">La convocat\u00f2ria es regir\u00e0 mitjan\u00e7ant el sistema d&#8217;oposici\u00f3 de torn lliure, on es reserva un<\/span> <b>40% de les places a les dones.<\/b><\/span><\/p>\n<p><span style=\"font-size: 12pt; text-align: justify;\">L&#8217;adjudicaci\u00f3 de les places es realitzar\u00e0 seguint una llista final d&#8217;aspirants, ordenada en funci\u00f3 de la qualificaci\u00f3 obtinguda.<\/span><\/p>\n<p style=\"text-align: justify;\"><span style=\"font-weight: 400; font-size: 12pt;\">En cas d&#8217;empat en la puntuaci\u00f3, tindr\u00e0s prefer\u00e8ncia si ets dona i has empatat amb un home.<\/span><\/p>\n<p style=\"text-align: justify;\"><span style=\"font-weight: 400; font-size: 12pt;\">La finalitat d&#8217;aquesta mesura \u00e9s donar prioritat a les dones per accedir al cos.<\/span><\/p>\n<p style=\"text-align: justify;\"><span style=\"font-weight: 400; font-size: 12pt;\">A m\u00e9s, s&#8217;elimina el requisit d&#8217;altura m\u00ednima i els tatuatges estan permesos (sempre que es considerin no ofensius).<\/span><\/p>\n<p style=\"text-align: justify;\"><span style=\"font-weight: 400; font-size: 12pt;\">D&#8217;altra banda, el temari s&#8217;ha ampliat introduint temes sobre les Institucions de la Uni\u00f3 Europea.<\/span><\/p>\n<p>&nbsp;<\/p>\n<h2 style=\"text-align: justify;\"><span style=\"font-weight: 400;\">Sol\u00b7licitud de participaci\u00f3 en el proc\u00e9s selectiu<\/span><\/h2>\n<p>&nbsp;<\/p>\n<p style=\"text-align: justify;\"><span style=\"font-weight: 400; font-size: 12pt;\">Des de dem\u00e0, 11 de mar\u00e7, disposar\u00e0s de 20 dies naturals per sol\u00b7licitar l&#8217;acc\u00e9s al cos. Fora d&#8217;aquest termini, la teva sol\u00b7licitud quedar\u00e0 invalidada.<\/span><\/p>\n<p style=\"text-align: justify;\"><span style=\"font-weight: 400; font-size: 12pt;\">Tamb\u00e9 pots quedar fora del proc\u00e9s selectiu, si no compleixes els requisits. O no lliures la documentaci\u00f3 sol\u00b7licitada.<\/span><\/p>\n<p style=\"text-align: justify;\"><span style=\"font-size: 12pt;\"><span style=\"font-weight: 400;\">Podr\u00e0s tramitar la sol\u00b7licitud via telem\u00e0tica<\/span> <span style=\"font-weight: 400;\">des de la<\/span> <span style=\"font-weight: 400;\">p\u00e0gina web de l&#8217;ajuntament de Barcelona<\/span> <span style=\"font-weight: 400;\">en l&#8217;apartat d&#8217;oferta p\u00fablica<\/span><span style=\"font-weight: 400;\">.<\/span><\/span><\/p>\n<p style=\"text-align: justify;\"><span style=\"font-weight: 400; font-size: 12pt;\">Haur\u00e0s de completar la sol\u00b7licitud correctament, i lliurar la documentaci\u00f3 pertinent. Per a aix\u00f2, et recomanem entrar en la sol\u00b7licitud, i veure quines dades i documentaci\u00f3 t&#8217;exigeixen. Preparar-la i tornar a entrar per completar-la.<\/span><\/p>\n<p style=\"text-align: justify;\"><span style=\"font-weight: 400; font-size: 12pt;\">Alguns dels documents que haur\u00e0s de lliurar seran: la fotoc\u00f2pia del DNI, del t\u00edtol educatiu, el rebut de les taxes d&#8217;examen\u2026<\/span><\/p>\n<p style=\"text-align: justify;\"><span style=\"font-weight: 400; font-size: 12pt;\">Tamb\u00e9 pots con\u00e8ixer les dades que has d&#8217;emplenar i la documentaci\u00f3 en les bases de la convocat\u00f2ria publicada avui en el DOGC. A m\u00e9s, tindr\u00e0s l&#8217;opci\u00f3 de realitzar la inscripci\u00f3 en paper, i lliurar-la en el registre del Ministeri de Just\u00edcia.<\/span><\/p>\n<p style=\"text-align: justify;\"><span style=\"font-weight: 400; font-size: 12pt;\">De totes maneres, et recomanem realitzar la sol\u00b7licitud de manera telem\u00e0tica, per la precauci\u00f3 que ens exigeix la situaci\u00f3 sanit\u00e0ria i perqu\u00e8 les taxes a pagar s\u00f3n inferiors. A m\u00e9s, \u00e9s molt m\u00e9s r\u00e0pid i pr\u00e0ctic. <\/span><\/p>\n<p>&nbsp;<\/p>\n<h2 style=\"text-align: justify;\"><span style=\"font-weight: 400;\">Requisits de la convocat\u00f2ria<\/span><\/h2>\n<p>&nbsp;<\/p>\n<p style=\"text-align: justify;\"><span style=\"font-size: 12pt;\"><span style=\"font-weight: 400;\">Per a poder aconseguir una de les<\/span> <strong>places de Gu\u00e0rdia Urbana<\/strong> <span style=\"font-weight: 400;\">haur\u00e0s de complir una s\u00e8rie de requisits:<\/span><\/span><\/p>\n<ul>\n<li style=\"text-align: justify;\"><span style=\"font-weight: 400; font-size: 12pt;\">Has de tenir la nacionalitat espanyola.<\/span><\/li>\n<li style=\"text-align: justify;\"><span style=\"font-weight: 400; font-size: 12pt;\">Ser major d&#8217;edat i no estar en edat de jubilaci\u00f3 for\u00e7osa.<\/span><\/li>\n<li style=\"text-align: justify;\"><span style=\"font-weight: 400; font-size: 12pt;\">Complir amb les compet\u00e8ncies exigides per al desenvolupament de les funcions del lloc.<\/span><\/li>\n<li style=\"text-align: justify;\"><span style=\"font-weight: 400; font-size: 12pt;\">Posseir el t\u00edtol de graduat en ESO, un t\u00edtol equivalent o superior. En cas de posseir un t\u00edtol estranger haur\u00e0 d&#8217;estar convalidat pel Ministeri d&#8217;Educaci\u00f3.<\/span><\/li>\n<li style=\"text-align: justify;\"><span style=\"font-weight: 400; font-size: 12pt;\">No haver estat condemnat per cap delicte. Ni estar inhabilitat en l&#8217;exercici de les funcions p\u00fabliques.<\/span><\/li>\n<li style=\"text-align: justify;\"><span style=\"font-weight: 400; font-size: 12pt;\">Has de tenir perm\u00eds de conduir classe B i classe A2.<\/span><\/li>\n<\/ul>\n<p style=\"text-align: justify;\"><span style=\"font-weight: 400; font-size: 12pt;\">Haur\u00e0s de presentar els requisits juntament amb la documentaci\u00f3 que acrediti que compleixes amb ells durant el proc\u00e9s d&#8217;inscripci\u00f3. A excepci\u00f3 dels permisos de conduir.<\/span><\/p>\n<p style=\"text-align: justify;\"><span style=\"font-weight: 400; font-size: 12pt;\">D&#8217;altra banda, una vegada comencis el curs de l&#8217;Escola de policia, haur\u00e0s de fer dues declaracions jurades: u<\/span><span style=\"font-weight: 400; font-size: 12pt;\">na al\u00b7legant que et compromets a mantenir vigents els teus permisos de circulaci\u00f3 mentre treballis dins del cos, i una altra <\/span><span style=\"font-weight: 400; font-size: 12pt;\">on et compromets a portar una arma amb responsabilitat, i actualitzar el teu perm\u00eds d&#8217;armes.<\/span><\/p>\n<p>&nbsp;<\/p>\n<h2 style=\"text-align: justify;\"><span style=\"font-weight: 400;\">Llistes de persones admeses i excloses (provisional i definitiva)<\/span><\/h2>\n<p>&nbsp;<\/p>\n<p style=\"text-align: justify;\"><span style=\"font-size: 12pt;\"><span style=\"font-weight: 400;\">Dies despr\u00e9s del tancament de la inscripci\u00f3 es donaran a con\u00e8ixer les<\/span> <b>llistes provisionals d&#8217;admesos.<\/b><\/span><\/p>\n<p style=\"text-align: justify;\"><span style=\"font-weight: 400; font-size: 12pt;\">Si no et trobes en el llistat d&#8217;admesos, haur\u00e0s de veure quines s\u00f3n les teves errates en la sol\u00b7licitud. Tindr\u00e0s un termini de 10 dies per esmenar-les.<\/span><\/p>\n<p style=\"text-align: justify;\"><span style=\"font-size: 12pt;\"><span style=\"font-weight: 400;\">Finalment, sortiran les <\/span><b>llistes definitives<\/b><span style=\"font-weight: 400;\">. En elles estaran indicats els candidats que, per aconseguir una de les places de Gu\u00e0rdia Urbana, necessitin realitzar una prova nivell de la llengua catalana.<\/span><\/span><\/p>\n<p>&nbsp;<\/p>\n<h2 style=\"text-align: justify;\"><span style=\"font-weight: 400;\">Proc\u00e9s de selecci\u00f3<\/span><\/h2>\n<p>&nbsp;<\/p>\n<p style=\"text-align: justify;\"><span style=\"font-size: 12pt;\"><span style=\"font-weight: 400;\">El proc\u00e9s de selecci\u00f3 al qual t&#8217;enfrontar\u00e0s consta de<\/span> <b>tres fases<\/b><span style=\"font-weight: 400;\">:<\/span><\/span><\/p>\n<ol style=\"text-align: justify;\">\n<li><span style=\"font-size: 12pt;\"> <b>Fase d&#8217;oposici\u00f3.<\/b><span style=\"font-weight: 400;\"> Est\u00e0 dividida en 7 proves diferents.<\/span><\/span><\/li>\n<li><span style=\"font-size: 12pt;\"> <b>Fase de formaci\u00f3.<\/b><span style=\"font-weight: 400;\"> On haur\u00e0s de realitzar un curs selectiu en l&#8217;Institut de Seguretat de Catalunya.<\/span><\/span><\/li>\n<li><span style=\"font-size: 12pt;\"> <b>Pr\u00e0ctiques.<\/b><span style=\"font-weight: 400;\"> En aquesta fase estar\u00e0s treballant com a funcionari en pr\u00e0ctiques durant 12 mesos, per a valorar si ets apte per pert\u00e0nyer al cos.<\/span><\/span><\/li>\n<\/ol>\n<p>&nbsp;<\/p>\n<h3 style=\"text-align: justify;\"><span style=\"font-weight: 400;\">Fase d&#8217;oposici\u00f3<\/span><\/h3>\n<p>&nbsp;<\/p>\n<p style=\"text-align: justify;\"><span style=\"font-size: 12pt;\"><span style=\"font-weight: 400;\">Aquesta fase est\u00e0 formada per<\/span> <b>sis proves obligat\u00f2ries i eliminat\u00f2ries,<\/b> <span style=\"font-weight: 400;\">a m\u00e9s d&#8217;una<\/span> <b>prova volunt\u00e0ria<\/b> que haur\u00e0s de superar amb la millor puntuaci\u00f3 possible per <span style=\"font-weight: 400;\">aconseguir una de le<\/span>s <strong>places de Gu\u00e0rdia Urbana<\/strong><b>.<\/b><\/span><\/p>\n<p>&nbsp;<\/p>\n<h4 style=\"text-align: justify;\"><span style=\"font-weight: 400;\">Primera prova: cultural i te\u00f2rica (obligat\u00f2ria i eliminat\u00f2ria)<\/span><\/h4>\n<p>&nbsp;<\/p>\n<p style=\"text-align: justify;\"><span style=\"font-weight: 400; font-size: 12pt;\">Aquesta prova consisteix en la realitzaci\u00f3 de dos tests. En el primer s&#8217;avaluaran coneixements de cultura general, corresponents als del temari de l&#8217;ESO. A m\u00e9s d&#8217;actualitat dels \u00faltims sis mesos.<\/span><\/p>\n<p style=\"text-align: justify;\"><span style=\"font-weight: 400; font-size: 12pt;\">En la segona prova, s&#8217;avaluaran els continguts del temari corresponent de la convocat\u00f2ria.<\/span><\/p>\n<p>&nbsp;<\/p>\n<h4 style=\"text-align: justify;\"><span style=\"font-weight: 400;\">Segona prova: test altitudinals (obligat\u00f2ria i eliminat\u00f2ria)<\/span><\/h4>\n<p>&nbsp;<\/p>\n<p style=\"text-align: justify;\"><span style=\"font-weight: 400; font-size: 12pt;\">T&#8217;enfrontar\u00e0s a tres tests, amb l&#8217;objectiu de valorar les teves capacitats intel\u00b7lectuals i els teus processos de raonament.<\/span><\/p>\n<p style=\"text-align: justify;\"><span style=\"font-weight: 400; font-size: 12pt;\">Aquesta prova no es tracta tant de valorar la teva capacitat de mem\u00f2ria sobre el temari, sin\u00f3 la teva capacitat de reacci\u00f3 davant situacions del dia a dia de la Gu\u00e0rdia Urbana.<\/span><\/p>\n<p>&nbsp;<\/p>\n<h4 style=\"text-align: justify;\"><span style=\"font-weight: 400;\">Tercera prova: idioma estranger (volunt\u00e0ria i no eliminat\u00f2ria)<\/span><\/h4>\n<p>&nbsp;<\/p>\n<p style=\"text-align: justify;\"><span style=\"font-weight: 400; font-size: 12pt;\">Aquesta prova \u00e9s de car\u00e0cter voluntari, \u00e9s a dir, no \u00e9s necessari que et presentis. Encara que si \u00e9s recomanable.<\/span><\/p>\n<p style=\"text-align: justify;\"><span style=\"font-weight: 400; font-size: 12pt;\">En ella haur\u00e0s de respondre un q\u00fcestionari corresponent a un nivell B2 a triar entre angl\u00e8s, \u00e0rab, xin\u00e8s o ordeixo.<\/span><\/p>\n<p>&nbsp;<\/p>\n<h4 style=\"text-align: justify;\"><span style=\"font-weight: 400;\">Quarta prova: aptituds f\u00edsiques (obligat\u00f2ria i eliminat\u00f2ria)<\/span><\/h4>\n<p>&nbsp;<\/p>\n<p style=\"text-align: justify;\"><span style=\"font-weight: 400; font-size: 12pt;\">Realitzar\u00e0s tres exercicis f\u00edsics. En ells es valorar\u00e0 la teva agilitat, la teva for\u00e7a est\u00e0tica m\u00e0xima i la teva pot\u00e8ncia aer\u00f2bica.<\/span><\/p>\n<p style=\"text-align: justify;\"><span style=\"font-size: 12pt;\"><span style=\"font-weight: 400;\">Per a aix\u00f2, a m\u00e9s d&#8217;estudiar l&#8217;oposici\u00f3, haur\u00e0s d&#8217;inscriure&#8217;t en un gimn\u00e0s i preparar-te f\u00edsicament. Com m\u00e9s preparat estiguis, m\u00e9s possibilitats d&#8217;aconseguir una de les <\/span><strong>places de Gu\u00e0rdia Urbana.<\/strong><\/span><\/p>\n<p>&nbsp;<\/p>\n<h4 style=\"text-align: justify;\"><span style=\"font-weight: 400;\">Cinquena prova: coneixement de catal\u00e0<\/span><\/h4>\n<p>&nbsp;<\/p>\n<p style=\"text-align: justify;\"><span style=\"font-weight: 400; font-size: 12pt;\">Aquesta prova nom\u00e9s l&#8217;haur\u00e0s de realitzar si no pots acreditar que el teu nivell de l&#8217;idioma \u00e9s equivalent o superior a un B2.<\/span><\/p>\n<p style=\"text-align: justify;\"><span style=\"font-weight: 400; font-size: 12pt;\">Com abans hem dit, s&#8217;indicar\u00e0 si necessites realitzar la prova en les llistes definitives.<\/span><\/p>\n<p>&nbsp;<\/p>\n<h4 style=\"text-align: justify;\"><span style=\"font-weight: 400;\">Sisena prova: proves de personalitat i compet\u00e8ncies (obligat\u00f2ria i eliminat\u00f2ria)<\/span><\/h4>\n<p>&nbsp;<\/p>\n<p style=\"text-align: justify;\"><span style=\"font-weight: 400; font-size: 12pt;\">En ella realitzar\u00e0s tres q\u00fcestionaris i una entrevista personal. Aix\u00ed, mesuraran aspectes i trets de la teva personalitat.<\/span><\/p>\n<p style=\"text-align: justify;\"><span style=\"font-weight: 400; font-size: 12pt;\">Tamb\u00e9 es valoraran trets cl\u00ednics, la teva adaptaci\u00f3 personal a diferents entorns i el grau d&#8217;adequaci\u00f3 al perfil sol\u00b7licitat.<\/span><\/p>\n<p style=\"text-align: justify;\">\n<h4 style=\"text-align: justify;\"><span style=\"font-weight: 400;\">Setena prova: proves m\u00e8diques (obligat\u00f2ria i eliminat\u00f2ria)<\/span><\/h4>\n<p>&nbsp;<\/p>\n<p style=\"text-align: justify;\"><span style=\"font-weight: 400; font-size: 12pt;\">Consisteix a realitzar un reconeixement m\u00e8dic a c\u00e0rrec d&#8217;un metge col\u00b7legiat.<\/span><\/p>\n<p style=\"text-align: justify;\"><span style=\"font-weight: 400; font-size: 12pt;\">Podr\u00e0s ser excl\u00f2s per superar l&#8217;\u00edndex de massa corporal establert. Encara que seran tolerants si mostres un \u00edndex superior amb abs\u00e8ncia de greix i predomini de m\u00fascul.<\/span><\/p>\n<p style=\"text-align: justify;\"><span style=\"font-weight: 400; font-size: 12pt;\">Tamb\u00e9 si mostres lesions cr\u00f2niques, o dissimetries en l&#8217;aparell motor. Bufs, lesions en el cor. Malformacions respirat\u00f2ries. H\u00e8rnies estomacals o pancreatitis. O trastorns del sistema nervi\u00f3s com l&#8217;epil\u00e8psia, lesions en el sistema nervi\u00f3s central o perif\u00e8ric que vari\u00efn la teva conducta\u2026<\/span><\/p>\n<p style=\"text-align: justify;\"><span style=\"font-weight: 400; font-size: 12pt;\">Tampoc seran admesos aquells candidats amb trastorns psiqui\u00e0trics com l&#8217;alcoholisme o problemes de drogoaddicci\u00f3, esquizofr\u00e8nia, trastorns de l&#8217;estat de l&#8217;\u00e0nim o trastorns de conducta aliment\u00e0ria.<\/span><\/p>\n<p>&nbsp;<\/p>\n<h3 style=\"text-align: justify;\"><span style=\"font-weight: 400;\">Fase de formaci\u00f3 per aconseguir una de les places de Gu\u00e0rdia Urbana<\/span><\/h3>\n<p>&nbsp;<\/p>\n<p style=\"text-align: justify;\"><span style=\"font-weight: 400; font-size: 12pt;\">Si aconsegueixes aprovar la fase d&#8217;oposici\u00f3 i superar la seg\u00fcent fase, comen\u00e7ar\u00e0s la seg\u00fcent.<\/span><\/p>\n<p style=\"text-align: justify;\"><span style=\"font-weight: 400; font-size: 12pt;\">En ella realitzar\u00e0s un curs on sol els millors seran seleccionats. Estan exempts de realitzar el curs aquells aspirants que l&#8217;hagin realitzat en convocat\u00f2ries anteriors.<\/span><\/p>\n<p style=\"text-align: justify;\"><span style=\"font-weight: 400; font-size: 12pt;\">Durant el curs, com aspirant, rebr\u00e0s una retribuci\u00f3 b\u00e0sica corresponent al grup C2 de funcionaris de l&#8217;ajuntament.<\/span><\/p>\n<p style=\"text-align: justify;\"><span style=\"font-weight: 400; font-size: 12pt;\">En ell, s&#8217;avaluaran les compet\u00e8ncies t\u00e8cniques i compet\u00e8ncies clau que determina l&#8217;Institut de Seguretat P\u00fablica de Catalunya.<\/span><\/p>\n<p>&nbsp;<\/p>\n<h3 style=\"text-align: justify;\"><span style=\"font-weight: 400;\">Fase de pr\u00e0ctiques<\/span><\/h3>\n<p>&nbsp;<\/p>\n<p style=\"text-align: justify;\"><span style=\"font-size: 12pt;\"><span style=\"font-weight: 400;\">Nom\u00e9s si has resultat APTE en la fase de formaci\u00f3 podr\u00e0s realitzar les pr\u00e0ctiques. Durant les mateixes estar\u00e0s <\/span><b>treballant 12 mesos<\/b> <span style=\"font-weight: 400;\">com un m\u00e9s de l&#8217;equip.<\/span><\/span><\/p>\n<p style=\"text-align: justify;\"><span style=\"font-weight: 400; font-size: 12pt;\">El teu c\u00e0rrec ser\u00e0 de funcionari en pr\u00e0ctiques, i igual que durant el curs, la retribuci\u00f3 ser\u00e0 la base del sou dels funcionaris de nivell C2.<\/span><\/p>\n<p>&nbsp;<\/p>\n<h3 style=\"text-align: justify;\"><span style=\"font-weight: 400;\">Nomenament de funcionaris<\/span><\/h3>\n<p>&nbsp;<\/p>\n<p style=\"text-align: justify;\"><span style=\"font-weight: 400; font-size: 12pt;\">Una vegada acabades les teves pr\u00e0ctiques, el Tribunal Qualificador valorar\u00e0 la teva pertinen\u00e7a en el cos o no.<\/span><\/p>\n<p style=\"text-align: justify;\"><span style=\"font-weight: 400; font-size: 12pt;\">Sabr\u00e0s si has aconseguit una de les places de Gu\u00e0rdia Urbana a trav\u00e9s de la llista d&#8217;admesos definitiva que es publicar\u00e0 en la web de l&#8217;Ajuntament de Barcelona.<\/span><\/p>\n<p style=\"text-align: justify;\"><span style=\"font-weight: 400; font-size: 12pt;\">Si el teu nom apareix en aquesta llista, enhorabona!, oficialment pertanys al cos d&#8217;agents de la Gu\u00e0rdia Urbana de Barcelona.<\/span><\/p>\n<p>&nbsp;<\/p>\n<h2 style=\"text-align: justify;\"><span style=\"font-weight: 400;\">Aconsegueix una de les places de Gu\u00e0rdia Urbana amb Pr\u00e0ctic<\/span><\/h2>\n<p>&nbsp;<\/p>\n<p style=\"text-align: justify;\"><span style=\"font-size: 12pt;\"><span style=\"font-weight: 400;\">T&#8217;agradaria aconseguir una de les<\/span> <b>259<\/b> <strong>places de Gu\u00e0rdia Urbana<\/strong><span style=\"font-weight: 400;\">? No et mentirem, \u00e9s un lloc que has de lluitar, no sols valdr\u00e0 amb aprovar l&#8217;oposici\u00f3, sin\u00f3 que haur\u00e0s d&#8217;esfor\u00e7ar-te per ser el millor.<\/span><\/span><\/p>\n<p style=\"text-align: justify;\"><span style=\"font-weight: 400; font-size: 12pt;\">Per a aix\u00f2, \u00e9s fonamental que estiguis ben preparat. Ajudant-te de professionals que gui\u00efn el teu cam\u00ed i treguin el millor de tu mateix.<\/span><\/p>\n<p style=\"text-align: justify;\"><span style=\"font-size: 12pt;\"><span style=\"font-weight: 400;\">Si<\/span> <span style=\"font-weight: 400;\">el teu somni \u00e9s <a href=\"https:\/\/www.practicbcn.com\/ca\/oposicions-guardia-urbana-a-barcelona\/\" target=\"_blank\" rel=\"noopener\">convertir-te en agent <\/a>de la Gu\u00e0rdia Urbana<\/span><span style=\"font-weight: 400;\">, i la teva meta \u00e9s un treball per a tota la vida,<\/span><b>el cam\u00ed comen\u00e7a a Pr\u00e0ctic.<\/b><\/span><\/p>\n<p style=\"text-align: justify;\"><span style=\"font-weight: 400; font-size: 12pt;\">Som la teva acad\u00e8mia d&#8217;oposicions de Barcelona, formem als millors agents de la ciutat.<\/span><\/p>\n<p style=\"text-align: justify;\"><span style=\"font-weight: 400; font-size: 12pt;\">Sabem l&#8217;important que \u00e9s la seguretat, i per aix\u00f2, no escatimem en la teva formaci\u00f3.<\/span><\/p>\n<p style=\"text-align: justify;\"><span style=\"font-weight: 400; font-size: 12pt;\">Aconsegueix el millor temari, complet i actualitzat. Acompanyat d&#8217;un grup de professionals que et faran el proc\u00e9s m\u00e9s senzill.<\/span><\/p>\n<p style=\"text-align: justify;\"><span style=\"font-weight: 400; font-size: 12pt;\">A m\u00e9s, podr\u00e0s entrenar les teves aptituds amb els nostres tests psicot\u00e8cnics. I podr\u00e0s realitzar simulacres amb ex\u00e0mens de convocat\u00f2ries anteriors.<\/span><\/p>\n<p style=\"text-align: justify;\"><span style=\"font-size: 12pt;\"><span style=\"font-weight: 400;\">Vols estar un pas m\u00e9s prop de ser Gu\u00e0rdia Urbana a la ciutat de Barcelona? <\/span><b>Omple el seg\u00fcent formulari,<\/b> <span style=\"font-weight: 400;\">i rep tota la informaci\u00f3 que necessites.<\/span><\/span><\/p>\n<p>[\/et_pb_text][\/et_pb_column][\/et_pb_row][\/et_pb_section][et_pb_section fb_built=&#8221;1&#8243; _builder_version=&#8221;4.16&#8243; _module_preset=&#8221;default&#8221; background_color=&#8221;#009aa5&#8243; min_height=&#8221;254.9px&#8221; custom_margin=&#8221;||||false|false&#8221; custom_padding=&#8221;0px||0px||true|false&#8221; top_divider_height_tablet=&#8221;&#8221; top_divider_height_phone=&#8221;&#8221; top_divider_height_last_edited=&#8221;on|phone&#8221; global_colors_info=&#8221;{}&#8221; global_module=&#8221;21501&#8243; locked=&#8221;off&#8221;][et_pb_row column_structure=&#8221;1_3,1_3,1_3&#8243; use_custom_gutter=&#8221;on&#8221; gutter_width=&#8221;1&#8243; make_equal=&#8221;on&#8221; _builder_version=&#8221;4.16&#8243; _module_preset=&#8221;default&#8221; width=&#8221;100%&#8221; max_width=&#8221;2560px&#8221; min_height=&#8221;257.9px&#8221; custom_margin=&#8221;||||false|false&#8221; custom_padding=&#8221;0px||0px||false|false&#8221; global_colors_info=&#8221;{}&#8221; theme_builder_area=&#8221;post_content&#8221;][et_pb_column type=&#8221;1_3&#8243; _builder_version=&#8221;4.16&#8243; _module_preset=&#8221;default&#8221; global_colors_info=&#8221;{}&#8221; theme_builder_area=&#8221;post_content&#8221;][et_pb_image src=&#8221;https:\/\/www.practicbcn.com\/wp-content\/uploads\/2021\/08\/circulo-06_2-06.png&#8221; alt=&#8221;practic-barcelona-oposiciones&#8221; title_text=&#8221;practic-barcelona-oposiciones&#8221; src_tablet=&#8221;https:\/\/www.practicbcn.com\/wp-content\/uploads\/2021\/09\/practic-barcelona-oposiciones.png&#8221; src_phone=&#8221;https:\/\/www.practicbcn.com\/wp-content\/uploads\/2021\/09\/practic-barcelona-oposiciones.png&#8221; src_last_edited=&#8221;on|tablet&#8221; _builder_version=&#8221;4.16&#8243; _module_preset=&#8221;default&#8221; custom_margin=&#8221;||||false|false&#8221; custom_margin_tablet=&#8221;||0px||false|false&#8221; custom_margin_phone=&#8221;||0px||false|false&#8221; custom_margin_last_edited=&#8221;on|tablet&#8221; global_colors_info=&#8221;{}&#8221; theme_builder_area=&#8221;post_content&#8221;][\/et_pb_image][\/et_pb_column][et_pb_column type=&#8221;1_3&#8243; _builder_version=&#8221;4.16&#8243; _module_preset=&#8221;default&#8221; global_colors_info=&#8221;{}&#8221; theme_builder_area=&#8221;post_content&#8221;][et_pb_text _builder_version=&#8221;4.19.1&#8243; _module_preset=&#8221;default&#8221; header_font=&#8221;Montserrat||||||||&#8221; header_2_font=&#8221;Montserrat|900|||||||&#8221; header_2_text_align=&#8221;center&#8221; header_2_text_color=&#8221;#FFFFFF&#8221; header_2_font_size=&#8221;50px&#8221; header_2_line_height=&#8221;1.2em&#8221; custom_margin=&#8221;105px|-63px|105px|-134px|true|false&#8221; custom_margin_tablet=&#8221;0px||0px||true|false&#8221; custom_margin_phone=&#8221;0px||0px||true|false&#8221; custom_margin_last_edited=&#8221;on|tablet&#8221; custom_padding=&#8221;|0px||||&#8221; header_2_font_size_tablet=&#8221;45px&#8221; header_2_font_size_phone=&#8221;40px&#8221; header_2_font_size_last_edited=&#8221;on|tablet&#8221; global_colors_info=&#8221;{}&#8221; theme_builder_area=&#8221;post_content&#8221;]<\/p>\n<h2 style=\"text-align: center;\">Consigue tu pla\u00e7a amb Practic<\/h2>\n<p>[\/et_pb_text][\/et_pb_column][et_pb_column type=&#8221;1_3&#8243; _builder_version=&#8221;4.16&#8243; _module_preset=&#8221;default&#8221; global_colors_info=&#8221;{}&#8221; theme_builder_area=&#8221;post_content&#8221;][et_pb_image src=&#8221;https:\/\/www.practicbcn.com\/wp-content\/uploads\/2021\/08\/LINEAS_2-07.png&#8221; alt=&#8221;Solicita informaci\u00f3n Practic Barcelona&#8221; title_text=&#8221;Solicita informaci\u00f3n Practic Barcelona&#8221; _builder_version=&#8221;4.16&#8243; _module_preset=&#8221;default&#8221; custom_margin=&#8221;37px||||false|false&#8221; custom_margin_tablet=&#8221;-50px||||false|false&#8221; custom_margin_phone=&#8221;-45px||||false|false&#8221; custom_margin_last_edited=&#8221;on|tablet&#8221; global_colors_info=&#8221;{}&#8221; theme_builder_area=&#8221;post_content&#8221;][\/et_pb_image][\/et_pb_column][\/et_pb_row][\/et_pb_section][et_pb_section fb_built=&#8221;1&#8243; admin_label=&#8221;Formulario&#8221; _builder_version=&#8221;4.16&#8243; _module_preset=&#8221;default&#8221; min_height=&#8221;335.1px&#8221; custom_padding=&#8221;0px||0px||true|false&#8221; global_colors_info=&#8221;{}&#8221; global_module=&#8221;21499&#8243; locked=&#8221;off&#8221;][et_pb_row custom_padding_last_edited=&#8221;on|phone&#8221; _builder_version=&#8221;4.16&#8243; _module_preset=&#8221;default&#8221; width_tablet=&#8221;90%&#8221; width_phone=&#8221;90%&#8221; width_last_edited=&#8221;on|phone&#8221; custom_padding_tablet=&#8221;&#8221; custom_padding_phone=&#8221;0px||0px||true|false&#8221; global_colors_info=&#8221;{}&#8221; theme_builder_area=&#8221;post_content&#8221;][et_pb_column type=&#8221;4_4&#8243; _builder_version=&#8221;4.16&#8243; _module_preset=&#8221;default&#8221; global_colors_info=&#8221;{}&#8221; theme_builder_area=&#8221;post_content&#8221;][et_pb_text _builder_version=&#8221;4.16&#8243; _module_preset=&#8221;default&#8221; text_font=&#8221;Montserrat|900|||||||&#8221; text_text_color=&#8221;#009aa5&#8243; text_font_size=&#8221;48px&#8221; text_line_height=&#8221;1.2em&#8221; header_2_font=&#8221;Montserrat|900|||||||&#8221; header_2_text_color=&#8221;#009aa5&#8243; header_2_font_size=&#8221;46px&#8221; text_orientation=&#8221;center&#8221; text_font_size_tablet=&#8221;&#8221; text_font_size_phone=&#8221;23px&#8221; text_font_size_last_edited=&#8221;on|phone&#8221; global_colors_info=&#8221;{}&#8221; theme_builder_area=&#8221;post_content&#8221;]<\/p>\n<p>Sol\u00b7licita informaci\u00f3 gratu\u00efta i sense comprom\u00eds<\/p>\n<p>[\/et_pb_text][\/et_pb_column][\/et_pb_row][et_pb_row _builder_version=&#8221;4.16&#8243; _module_preset=&#8221;default&#8221; width_tablet=&#8221;&#8221; width_phone=&#8221;100%&#8221; width_last_edited=&#8221;on|phone&#8221; border_color_all=&#8221;#000000&#8243; global_colors_info=&#8221;{}&#8221; theme_builder_area=&#8221;post_content&#8221;][et_pb_column type=&#8221;4_4&#8243; _builder_version=&#8221;4.16&#8243; _module_preset=&#8221;default&#8221; global_colors_info=&#8221;{}&#8221; theme_builder_area=&#8221;post_content&#8221;][et_pb_code _builder_version=&#8221;4.16&#8243; _module_preset=&#8221;default&#8221; text_orientation=&#8221;center&#8221; global_colors_info=&#8221;{}&#8221; theme_builder_area=&#8221;post_content&#8221;]<iframe loading=\"lazy\" src=\"https:\/\/www.practicbcn.com\/formulario2\/form2_cat.php\" width=\"400\" height=\"650\" frameborder=\"0\" scrolling=\"no\"><\/iframe>[\/et_pb_code][et_pb_toggle title=&#8221;RGPD Llei de Protecci\u00f3 de Dades&#8221; open_toggle_text_color=&#8221;#000000&#8243; open_toggle_background_color=&#8221;#ffffff&#8221; closed_toggle_text_color=&#8221;#000000&#8243; closed_toggle_background_color=&#8221;#ffffff&#8221; icon_color=&#8221;#5499A3&#8243; open_icon_color=&#8221;#5499A3&#8243; disabled_on=&#8221;off|off|off&#8221; _builder_version=&#8221;4.16&#8243; title_text_color=&#8221;#000000&#8243; body_text_color=&#8221;#000000&#8243; custom_margin_tablet=&#8221;&#8221; custom_margin_phone=&#8221;|20px||20px|false|true&#8221; custom_margin_last_edited=&#8221;on|phone&#8221; custom_padding_tablet=&#8221;&#8221; custom_padding_phone=&#8221;||||false|false&#8221; custom_padding_last_edited=&#8221;on|phone&#8221; z_index_tablet=&#8221;500&#8243; title_text_shadow_horizontal_length_tablet=&#8221;0px&#8221; title_text_shadow_vertical_length_tablet=&#8221;0px&#8221; title_text_shadow_blur_strength_tablet=&#8221;1px&#8221; closed_title_text_shadow_horizontal_length_tablet=&#8221;0px&#8221; closed_title_text_shadow_vertical_length_tablet=&#8221;0px&#8221; closed_title_text_shadow_blur_strength_tablet=&#8221;1px&#8221; body_text_shadow_horizontal_length_tablet=&#8221;0px&#8221; body_text_shadow_vertical_length_tablet=&#8221;0px&#8221; body_text_shadow_blur_strength_tablet=&#8221;1px&#8221; body_link_text_shadow_horizontal_length_tablet=&#8221;0px&#8221; body_link_text_shadow_vertical_length_tablet=&#8221;0px&#8221; body_link_text_shadow_blur_strength_tablet=&#8221;1px&#8221; body_ul_text_shadow_horizontal_length_tablet=&#8221;0px&#8221; body_ul_text_shadow_vertical_length_tablet=&#8221;0px&#8221; body_ul_text_shadow_blur_strength_tablet=&#8221;1px&#8221; body_ol_text_shadow_horizontal_length_tablet=&#8221;0px&#8221; body_ol_text_shadow_vertical_length_tablet=&#8221;0px&#8221; body_ol_text_shadow_blur_strength_tablet=&#8221;1px&#8221; body_quote_text_shadow_horizontal_length_tablet=&#8221;0px&#8221; body_quote_text_shadow_vertical_length_tablet=&#8221;0px&#8221; body_quote_text_shadow_blur_strength_tablet=&#8221;1px&#8221; border_color_all=&#8221;#000000&#8243; box_shadow_horizontal_tablet=&#8221;0px&#8221; box_shadow_vertical_tablet=&#8221;0px&#8221; box_shadow_blur_tablet=&#8221;40px&#8221; box_shadow_spread_tablet=&#8221;0px&#8221; text_shadow_horizontal_length_tablet=&#8221;0px&#8221; text_shadow_vertical_length_tablet=&#8221;0px&#8221; text_shadow_blur_strength_tablet=&#8221;1px&#8221; global_colors_info=&#8221;{}&#8221; theme_builder_area=&#8221;post_content&#8221;]<\/p>\n<p>COMPLIMENT LLEI DE PROTECCI\u00d3 DE DADES 2018 RPGD<br \/>Responsable: CENTRE FORMATIU PRACTIC UNIC BCN 774 , S.L.U CIF: B87963914<br \/>Finalitat: Proporcionar informaci\u00f3 sobre els nostres serveis.<br \/>Legitimaci\u00f3: Consentiment de l&#8217;interessat.<br \/>Destinataris: No se cediran dades a tercers, excepte obligaci\u00f3 legal.<br \/>Drets: Accedir, rectificar, suprimir les dades i altres drets, com s&#8217;explica en la informaci\u00f3 addicional.<br \/>Informaci\u00f3 addicional: <a href=\"https:\/\/www.practicbcn.com\/aviso-legal-rgpd\/\">Pol\u00edtica de privacitat i RGPD<\/a>.<\/p>\n<p>[\/et_pb_toggle][\/et_pb_column][\/et_pb_row][\/et_pb_section]<\/p>\n","protected":false},"excerpt":{"rendered":"<p>Ja pots inscriure&#8217;t a les oposicions de Gu\u00e0rdia Urbana de l&#8217;Ajuntament de Barcelona! Una convocat\u00f2ria plagada de novetats. Aconseguir una de les 259 places comen\u00e7a emplenant la teva sol\u00b7licitud de participaci\u00f3 en el proc\u00e9s selectiu. Com es fa? Descobreix-ho aqu\u00ed!<\/p>\n","protected":false},"author":3,"featured_media":12978,"comment_status":"closed","ping_status":"closed","sticky":false,"template":"","format":"standard","meta":{"_et_pb_use_builder":"on","_et_pb_old_content":"","_et_gb_content_width":"","footnotes":""},"categories":[231,10],"tags":[],"class_list":["post-12974","post","type-post","status-publish","format-standard","has-post-thumbnail","hentry","category-municipales","category-noticias"],"yoast_head":"<!-- This site is optimized with the Yoast SEO Premium plugin v22.8 (Yoast SEO v27.2) - https:\/\/yoast.com\/product\/yoast-seo-premium-wordpress\/ -->\n<title>Places Gu\u00e0rdia Urbana \u21e8 Obert el termini d&#039;inscripci\u00f3 a les oposicions<\/title>\n<meta name=\"description\" content=\"Places Gu\u00e0rdia Urbana \u2714 Vols una de les places convocades? Corre a inscriure&#039;t a la nova convocat\u00f2ria. Coneix les bases de l&#039;oposici\u00f3!\" \/>\n<meta name=\"robots\" content=\"index, follow, max-snippet:-1, max-image-preview:large, max-video-preview:-1\" \/>\n<link rel=\"canonical\" href=\"https:\/\/www.practicbcn.com\/ca\/places-guardia-urbana\/\" \/>\n<meta property=\"og:locale\" content=\"ca_ES\" \/>\n<meta property=\"og:type\" content=\"article\" \/>\n<meta property=\"og:title\" content=\"Publicada en el DOGC la convocat\u00f2ria de 259 places de Gu\u00e0rdia Urbana\" \/>\n<meta property=\"og:description\" content=\"Places Gu\u00e0rdia Urbana \u2714 Vols una de les places convocades? Corre a inscriure&#039;t a la nova convocat\u00f2ria. Coneix les bases de l&#039;oposici\u00f3!\" \/>\n<meta property=\"og:url\" content=\"https:\/\/www.practicbcn.com\/ca\/places-guardia-urbana\/\" \/>\n<meta property=\"og:site_name\" content=\"academia oposiciones Barcelona\" \/>\n<meta property=\"article:published_time\" content=\"2021-03-10T12:29:44+00:00\" \/>\n<meta property=\"article:modified_time\" content=\"2022-12-07T08:23:35+00:00\" \/>\n<meta property=\"og:image\" content=\"https:\/\/www.practicbcn.com\/wp-content\/uploads\/2021\/03\/places-guardia-urbana-1.png\" \/>\n\t<meta property=\"og:image:width\" content=\"500\" \/>\n\t<meta property=\"og:image:height\" content=\"310\" \/>\n\t<meta property=\"og:image:type\" content=\"image\/png\" \/>\n<meta name=\"author\" content=\"cantu\" \/>\n<meta name=\"twitter:card\" content=\"summary_large_image\" \/>\n<meta name=\"twitter:label1\" content=\"Escrit per\" \/>\n\t<meta name=\"twitter:data1\" content=\"cantu\" \/>\n\t<meta name=\"twitter:label2\" content=\"Temps estimat de lectura\" \/>\n\t<meta name=\"twitter:data2\" content=\"14 minuts\" \/>\n<script type=\"application\/ld+json\" class=\"yoast-schema-graph\">{\"@context\":\"https:\/\/schema.org\",\"@graph\":[{\"@type\":\"Article\",\"@id\":\"https:\/\/www.practicbcn.com\/ca\/places-guardia-urbana\/#article\",\"isPartOf\":{\"@id\":\"https:\/\/www.practicbcn.com\/ca\/places-guardia-urbana\/\"},\"author\":{\"name\":\"cantu\",\"@id\":\"https:\/\/www.practicbcn.com\/ca\/#\/schema\/person\/b1bf6fae906bb2caf24a3ed0699b35a1\"},\"headline\":\"Publicada en el DOGC la convocat\u00f2ria de 259 places de Gu\u00e0rdia Urbana\",\"datePublished\":\"2021-03-10T12:29:44+00:00\",\"dateModified\":\"2022-12-07T08:23:35+00:00\",\"mainEntityOfPage\":{\"@id\":\"https:\/\/www.practicbcn.com\/ca\/places-guardia-urbana\/\"},\"wordCount\":2843,\"publisher\":{\"@id\":\"https:\/\/www.practicbcn.com\/ca\/#organization\"},\"image\":{\"@id\":\"https:\/\/www.practicbcn.com\/ca\/places-guardia-urbana\/#primaryimage\"},\"thumbnailUrl\":\"https:\/\/www.practicbcn.com\/wp-content\/uploads\/2021\/03\/places-guardia-urbana-1.png\",\"articleSection\":[\"municipales\",\"noticias\"],\"inLanguage\":\"ca\"},{\"@type\":\"WebPage\",\"@id\":\"https:\/\/www.practicbcn.com\/ca\/places-guardia-urbana\/\",\"url\":\"https:\/\/www.practicbcn.com\/ca\/places-guardia-urbana\/\",\"name\":\"Places Gu\u00e0rdia Urbana \u21e8 Obert el termini d'inscripci\u00f3 a les oposicions\",\"isPartOf\":{\"@id\":\"https:\/\/www.practicbcn.com\/ca\/#website\"},\"primaryImageOfPage\":{\"@id\":\"https:\/\/www.practicbcn.com\/ca\/places-guardia-urbana\/#primaryimage\"},\"image\":{\"@id\":\"https:\/\/www.practicbcn.com\/ca\/places-guardia-urbana\/#primaryimage\"},\"thumbnailUrl\":\"https:\/\/www.practicbcn.com\/wp-content\/uploads\/2021\/03\/places-guardia-urbana-1.png\",\"datePublished\":\"2021-03-10T12:29:44+00:00\",\"dateModified\":\"2022-12-07T08:23:35+00:00\",\"description\":\"Places Gu\u00e0rdia Urbana \u2714 Vols una de les places convocades? Corre a inscriure't a la nova convocat\u00f2ria. Coneix les bases de l'oposici\u00f3!\",\"breadcrumb\":{\"@id\":\"https:\/\/www.practicbcn.com\/ca\/places-guardia-urbana\/#breadcrumb\"},\"inLanguage\":\"ca\",\"potentialAction\":[{\"@type\":\"ReadAction\",\"target\":[\"https:\/\/www.practicbcn.com\/ca\/places-guardia-urbana\/\"]}]},{\"@type\":\"ImageObject\",\"inLanguage\":\"ca\",\"@id\":\"https:\/\/www.practicbcn.com\/ca\/places-guardia-urbana\/#primaryimage\",\"url\":\"https:\/\/www.practicbcn.com\/wp-content\/uploads\/2021\/03\/places-guardia-urbana-1.png\",\"contentUrl\":\"https:\/\/www.practicbcn.com\/wp-content\/uploads\/2021\/03\/places-guardia-urbana-1.png\",\"width\":500,\"height\":310,\"caption\":\"places-guardia-urbana\"},{\"@type\":\"BreadcrumbList\",\"@id\":\"https:\/\/www.practicbcn.com\/ca\/places-guardia-urbana\/#breadcrumb\",\"itemListElement\":[{\"@type\":\"ListItem\",\"position\":1,\"name\":\"Portada\",\"item\":\"https:\/\/www.practicbcn.com\/ca\/\"},{\"@type\":\"ListItem\",\"position\":2,\"name\":\"Publicada en el DOGC la convocat\u00f2ria de 259 places de Gu\u00e0rdia Urbana\"}]},{\"@type\":\"WebSite\",\"@id\":\"https:\/\/www.practicbcn.com\/ca\/#website\",\"url\":\"https:\/\/www.practicbcn.com\/ca\/\",\"name\":\"academia oposiciones Barcelona\",\"description\":\"academia oposiciones Barcelona PracticBCN Preparaci\u00f3n de opositores\",\"publisher\":{\"@id\":\"https:\/\/www.practicbcn.com\/ca\/#organization\"},\"potentialAction\":[{\"@type\":\"SearchAction\",\"target\":{\"@type\":\"EntryPoint\",\"urlTemplate\":\"https:\/\/www.practicbcn.com\/ca\/?s={search_term_string}\"},\"query-input\":{\"@type\":\"PropertyValueSpecification\",\"valueRequired\":true,\"valueName\":\"search_term_string\"}}],\"inLanguage\":\"ca\"},{\"@type\":\"Organization\",\"@id\":\"https:\/\/www.practicbcn.com\/ca\/#organization\",\"name\":\"Practic BCN\",\"url\":\"https:\/\/www.practicbcn.com\/ca\/\",\"logo\":{\"@type\":\"ImageObject\",\"inLanguage\":\"ca\",\"@id\":\"https:\/\/www.practicbcn.com\/ca\/#\/schema\/logo\/image\/\",\"url\":\"https:\/\/www.practicbcn.com\/wp-content\/uploads\/2018\/01\/LOGO-PRACTIC.jpg\",\"contentUrl\":\"https:\/\/www.practicbcn.com\/wp-content\/uploads\/2018\/01\/LOGO-PRACTIC.jpg\",\"width\":679,\"height\":676,\"caption\":\"Practic BCN\"},\"image\":{\"@id\":\"https:\/\/www.practicbcn.com\/ca\/#\/schema\/logo\/image\/\"}},{\"@type\":\"Person\",\"@id\":\"https:\/\/www.practicbcn.com\/ca\/#\/schema\/person\/b1bf6fae906bb2caf24a3ed0699b35a1\",\"name\":\"cantu\",\"image\":{\"@type\":\"ImageObject\",\"inLanguage\":\"ca\",\"@id\":\"https:\/\/secure.gravatar.com\/avatar\/9bf69246e68f8fa9721cc29ec236bd9daee6f76dfca26b3ddd7625676a5c2f9c?s=96&d=mm&r=g\",\"url\":\"https:\/\/secure.gravatar.com\/avatar\/9bf69246e68f8fa9721cc29ec236bd9daee6f76dfca26b3ddd7625676a5c2f9c?s=96&d=mm&r=g\",\"contentUrl\":\"https:\/\/secure.gravatar.com\/avatar\/9bf69246e68f8fa9721cc29ec236bd9daee6f76dfca26b3ddd7625676a5c2f9c?s=96&d=mm&r=g\",\"caption\":\"cantu\"}}]}<\/script>\n<!-- \/ Yoast SEO Premium plugin. -->","yoast_head_json":{"title":"Places Gu\u00e0rdia Urbana \u21e8 Obert el termini d'inscripci\u00f3 a les oposicions","description":"Places Gu\u00e0rdia Urbana \u2714 Vols una de les places convocades? Corre a inscriure't a la nova convocat\u00f2ria. Coneix les bases de l'oposici\u00f3!","robots":{"index":"index","follow":"follow","max-snippet":"max-snippet:-1","max-image-preview":"max-image-preview:large","max-video-preview":"max-video-preview:-1"},"canonical":"https:\/\/www.practicbcn.com\/ca\/places-guardia-urbana\/","og_locale":"ca_ES","og_type":"article","og_title":"Publicada en el DOGC la convocat\u00f2ria de 259 places de Gu\u00e0rdia Urbana","og_description":"Places Gu\u00e0rdia Urbana \u2714 Vols una de les places convocades? Corre a inscriure't a la nova convocat\u00f2ria. Coneix les bases de l'oposici\u00f3!","og_url":"https:\/\/www.practicbcn.com\/ca\/places-guardia-urbana\/","og_site_name":"academia oposiciones Barcelona","article_published_time":"2021-03-10T12:29:44+00:00","article_modified_time":"2022-12-07T08:23:35+00:00","og_image":[{"width":500,"height":310,"url":"https:\/\/www.practicbcn.com\/wp-content\/uploads\/2021\/03\/places-guardia-urbana-1.png","type":"image\/png"}],"author":"cantu","twitter_card":"summary_large_image","twitter_misc":{"Escrit per":"cantu","Temps estimat de lectura":"14 minuts"},"schema":{"@context":"https:\/\/schema.org","@graph":[{"@type":"Article","@id":"https:\/\/www.practicbcn.com\/ca\/places-guardia-urbana\/#article","isPartOf":{"@id":"https:\/\/www.practicbcn.com\/ca\/places-guardia-urbana\/"},"author":{"name":"cantu","@id":"https:\/\/www.practicbcn.com\/ca\/#\/schema\/person\/b1bf6fae906bb2caf24a3ed0699b35a1"},"headline":"Publicada en el DOGC la convocat\u00f2ria de 259 places de Gu\u00e0rdia Urbana","datePublished":"2021-03-10T12:29:44+00:00","dateModified":"2022-12-07T08:23:35+00:00","mainEntityOfPage":{"@id":"https:\/\/www.practicbcn.com\/ca\/places-guardia-urbana\/"},"wordCount":2843,"publisher":{"@id":"https:\/\/www.practicbcn.com\/ca\/#organization"},"image":{"@id":"https:\/\/www.practicbcn.com\/ca\/places-guardia-urbana\/#primaryimage"},"thumbnailUrl":"https:\/\/www.practicbcn.com\/wp-content\/uploads\/2021\/03\/places-guardia-urbana-1.png","articleSection":["municipales","noticias"],"inLanguage":"ca"},{"@type":"WebPage","@id":"https:\/\/www.practicbcn.com\/ca\/places-guardia-urbana\/","url":"https:\/\/www.practicbcn.com\/ca\/places-guardia-urbana\/","name":"Places Gu\u00e0rdia Urbana \u21e8 Obert el termini d'inscripci\u00f3 a les oposicions","isPartOf":{"@id":"https:\/\/www.practicbcn.com\/ca\/#website"},"primaryImageOfPage":{"@id":"https:\/\/www.practicbcn.com\/ca\/places-guardia-urbana\/#primaryimage"},"image":{"@id":"https:\/\/www.practicbcn.com\/ca\/places-guardia-urbana\/#primaryimage"},"thumbnailUrl":"https:\/\/www.practicbcn.com\/wp-content\/uploads\/2021\/03\/places-guardia-urbana-1.png","datePublished":"2021-03-10T12:29:44+00:00","dateModified":"2022-12-07T08:23:35+00:00","description":"Places Gu\u00e0rdia Urbana \u2714 Vols una de les places convocades? Corre a inscriure't a la nova convocat\u00f2ria. Coneix les bases de l'oposici\u00f3!","breadcrumb":{"@id":"https:\/\/www.practicbcn.com\/ca\/places-guardia-urbana\/#breadcrumb"},"inLanguage":"ca","potentialAction":[{"@type":"ReadAction","target":["https:\/\/www.practicbcn.com\/ca\/places-guardia-urbana\/"]}]},{"@type":"ImageObject","inLanguage":"ca","@id":"https:\/\/www.practicbcn.com\/ca\/places-guardia-urbana\/#primaryimage","url":"https:\/\/www.practicbcn.com\/wp-content\/uploads\/2021\/03\/places-guardia-urbana-1.png","contentUrl":"https:\/\/www.practicbcn.com\/wp-content\/uploads\/2021\/03\/places-guardia-urbana-1.png","width":500,"height":310,"caption":"places-guardia-urbana"},{"@type":"BreadcrumbList","@id":"https:\/\/www.practicbcn.com\/ca\/places-guardia-urbana\/#breadcrumb","itemListElement":[{"@type":"ListItem","position":1,"name":"Portada","item":"https:\/\/www.practicbcn.com\/ca\/"},{"@type":"ListItem","position":2,"name":"Publicada en el DOGC la convocat\u00f2ria de 259 places de Gu\u00e0rdia Urbana"}]},{"@type":"WebSite","@id":"https:\/\/www.practicbcn.com\/ca\/#website","url":"https:\/\/www.practicbcn.com\/ca\/","name":"academia oposiciones Barcelona","description":"academia oposiciones Barcelona PracticBCN Preparaci\u00f3n de opositores","publisher":{"@id":"https:\/\/www.practicbcn.com\/ca\/#organization"},"potentialAction":[{"@type":"SearchAction","target":{"@type":"EntryPoint","urlTemplate":"https:\/\/www.practicbcn.com\/ca\/?s={search_term_string}"},"query-input":{"@type":"PropertyValueSpecification","valueRequired":true,"valueName":"search_term_string"}}],"inLanguage":"ca"},{"@type":"Organization","@id":"https:\/\/www.practicbcn.com\/ca\/#organization","name":"Practic BCN","url":"https:\/\/www.practicbcn.com\/ca\/","logo":{"@type":"ImageObject","inLanguage":"ca","@id":"https:\/\/www.practicbcn.com\/ca\/#\/schema\/logo\/image\/","url":"https:\/\/www.practicbcn.com\/wp-content\/uploads\/2018\/01\/LOGO-PRACTIC.jpg","contentUrl":"https:\/\/www.practicbcn.com\/wp-content\/uploads\/2018\/01\/LOGO-PRACTIC.jpg","width":679,"height":676,"caption":"Practic BCN"},"image":{"@id":"https:\/\/www.practicbcn.com\/ca\/#\/schema\/logo\/image\/"}},{"@type":"Person","@id":"https:\/\/www.practicbcn.com\/ca\/#\/schema\/person\/b1bf6fae906bb2caf24a3ed0699b35a1","name":"cantu","image":{"@type":"ImageObject","inLanguage":"ca","@id":"https:\/\/secure.gravatar.com\/avatar\/9bf69246e68f8fa9721cc29ec236bd9daee6f76dfca26b3ddd7625676a5c2f9c?s=96&d=mm&r=g","url":"https:\/\/secure.gravatar.com\/avatar\/9bf69246e68f8fa9721cc29ec236bd9daee6f76dfca26b3ddd7625676a5c2f9c?s=96&d=mm&r=g","contentUrl":"https:\/\/secure.gravatar.com\/avatar\/9bf69246e68f8fa9721cc29ec236bd9daee6f76dfca26b3ddd7625676a5c2f9c?s=96&d=mm&r=g","caption":"cantu"}}]}},"_links":{"self":[{"href":"https:\/\/www.practicbcn.com\/ca\/wp-json\/wp\/v2\/posts\/12974","targetHints":{"allow":["GET"]}}],"collection":[{"href":"https:\/\/www.practicbcn.com\/ca\/wp-json\/wp\/v2\/posts"}],"about":[{"href":"https:\/\/www.practicbcn.com\/ca\/wp-json\/wp\/v2\/types\/post"}],"author":[{"embeddable":true,"href":"https:\/\/www.practicbcn.com\/ca\/wp-json\/wp\/v2\/users\/3"}],"replies":[{"embeddable":true,"href":"https:\/\/www.practicbcn.com\/ca\/wp-json\/wp\/v2\/comments?post=12974"}],"version-history":[{"count":0,"href":"https:\/\/www.practicbcn.com\/ca\/wp-json\/wp\/v2\/posts\/12974\/revisions"}],"wp:featuredmedia":[{"embeddable":true,"href":"https:\/\/www.practicbcn.com\/ca\/wp-json\/wp\/v2\/media\/12978"}],"wp:attachment":[{"href":"https:\/\/www.practicbcn.com\/ca\/wp-json\/wp\/v2\/media?parent=12974"}],"wp:term":[{"taxonomy":"category","embeddable":true,"href":"https:\/\/www.practicbcn.com\/ca\/wp-json\/wp\/v2\/categories?post=12974"},{"taxonomy":"post_tag","embeddable":true,"href":"https:\/\/www.practicbcn.com\/ca\/wp-json\/wp\/v2\/tags?post=12974"}],"curies":[{"name":"wp","href":"https:\/\/api.w.org\/{rel}","templated":true}]}}