{"id":12773,"date":"2021-02-08T13:52:33","date_gmt":"2021-02-08T13:52:33","guid":{"rendered":"https:\/\/www.practicbcn.com\/correus-anuncia-lobertura-de-la-nova-borsa-de-treball\/"},"modified":"2022-12-01T10:38:09","modified_gmt":"2022-12-01T10:38:09","slug":"borsa-de-treball-correus","status":"publish","type":"post","link":"https:\/\/www.practicbcn.com\/ca\/borsa-de-treball-correus\/","title":{"rendered":"Correus anuncia l&#8217;obertura de la nova Borsa de Treball"},"content":{"rendered":"<p>[et_pb_section fb_built=&#8221;1&#8243; _builder_version=&#8221;4.16&#8243; _module_preset=&#8221;default&#8221; global_colors_info=&#8221;{}&#8221;][et_pb_row _builder_version=&#8221;4.16&#8243; _module_preset=&#8221;default&#8221; global_colors_info=&#8221;{}&#8221;][et_pb_column type=&#8221;4_4&#8243; _builder_version=&#8221;4.16&#8243; _module_preset=&#8221;default&#8221; global_colors_info=&#8221;{}&#8221;][et_pb_text _builder_version=&#8221;4.16&#8243; _module_preset=&#8221;default&#8221; global_colors_info=&#8221;{}&#8221;]<\/p>\n<p style=\"text-align: justify;\"><span style=\"font-size: 12pt;\">Atents opositors! Avui s&#8217;ha obert el termini d&#8217;inscripcions de la nova i tan esperada <strong>Borsa de Treball Correus<\/strong>. Despr\u00e9s de m\u00e9s de 3 anys sense publicar-se una nova borsa de treball arriba l&#8217;oportunitat que molts est\u00e0veu esperant per poder <b>treballar a Correus<\/b>.<\/span><\/p>\n<p style=\"text-align: justify;\"><span style=\"font-size: 12pt;\">A continuaci\u00f3, en aquest post, t&#8217;expliquem el termini que ha fixat Correus per poder inscriure&#8217;t a les borses, els requisits que haur\u00e0s de complir si vols entrar a formar part de les mateixes i els avantatges i inconvenients que aquestes suposen en comparaci\u00f3 a les <b>oposicions a Correus<\/b>.<\/span><\/p>\n<p>&nbsp;<\/p>\n<h2 style=\"text-align: justify;\">Quan s&#8217;obre la borsa de treball de Correus?<\/h2>\n<p>&nbsp;<\/p>\n<p style=\"text-align: justify;\"><span style=\"font-size: 12pt;\">La borsa de treball de Correus ja est\u00e0 oberta perqu\u00e8 puguis inscriure&#8217;t. El termini d&#8217;inscripci\u00f3 per apuntar-se \u00e9s des d&#8217;avui 8 de febrer de 2021, fins al 17 febrer a les 00.00 hores.<\/span><\/p>\n<p style=\"text-align: justify;\"><span style=\"font-size: 12pt;\">A continuaci\u00f3, t&#8217;expliquem amb deteniment qu\u00e8 \u00e9s la borsa de Correus, com pots accedir a la mateixa i quins passos has de dur a terme per realitzar la inscripci\u00f3.<\/span><\/p>\n<p>&nbsp;<\/p>\n<p>[bctt tweet=&#8221;Obertes les borses de Treball de Correus! Termini d&#8217;inscripcions: del 8 de febrer al 17 de febrer de 2021 (incl\u00f2s). T&#8217;ensenyem a inscriure&#8217;t en aquest post.&#8221; username=&#8221;practicbcn&#8221;]<\/p>\n<p>&nbsp;<\/p>\n<h2 style=\"text-align: justify;\">Qu\u00e8 \u00e9s la Borsa de Treball de Correus?<\/h2>\n<p>&nbsp;<\/p>\n<p style=\"text-align: justify;\"><span style=\"font-size: 12pt;\">La Borsa de Treball de Correus \u00e9s un sistema llan\u00e7at per l&#8217;empresa postal per seleccionar personal amb <b>contractes temporals<\/b>. Aquests integrants ajuden en les ampliacions de plantilla quan es precisen, igual que per a cobrir baixes, substitucions, etc.<\/span><\/p>\n<p><span style=\"font-size: 12pt;\">Les Borses d&#8217;Ocupaci\u00f3 s\u00f3n en l&#8217;\u00e0mbit provincial i poden incloure una o diverses localitats.<\/span><\/p>\n<p><span style=\"font-size: 12pt;\">Distingim 4 <b>tipus de borses de Treball Correus<\/b> per cada \u00e0mbit geogr\u00e0fic:<\/span><\/p>\n<ul>\n<li><span style=\"font-size: 12pt;\">Atenci\u00f3 al Client.<\/span><\/li>\n<li><span style=\"font-size: 12pt;\">Agent\/Classificaci\u00f3.<\/span><\/li>\n<li><span style=\"font-size: 12pt;\">Repartiment 1: Repartiment 1 i serveis rurals motoritzats.<\/span><\/li>\n<li><span style=\"font-size: 12pt;\">Repartiment 2: Repartiment 2 i serveis rurals no motoritzats. <\/span><\/li>\n<\/ul>\n<p>&nbsp;<\/p>\n<p style=\"text-align: justify;\"><span style=\"font-size: 12pt;\">Cal destacar que per a la borsa del cos d&#8217;Agent de Classificaci\u00f3, les necessitats actuals de cobertura s\u00f3n, amb car\u00e0cter general, de torn de nit. Pel que si tens pensat presentar-te a aquest grup, has de tenir-ho en compte i estar disposat abans d&#8217;aplicar. <\/span><\/p>\n<p>&nbsp;<\/p>\n<h2 style=\"text-align: justify;\">Com accedir a la Borsa de Feina de Correus?<\/h2>\n<p>&nbsp;<\/p>\n<p style=\"text-align: justify;\"><span style=\"font-size: 12pt;\">Per accedir a la Borsa de Treball de Correus no fa falta opositar, simplement has d&#8217;enviar el teu curr\u00edculum a l&#8217;entitat i completar la inscripci\u00f3.<\/span><\/p>\n<p style=\"text-align: justify;\"><span style=\"font-size: 12pt;\">Els principals <b>requisits per pert\u00e0nyer a la Borsa de Treball de Correus<\/b> s\u00f3n:<\/span><\/p>\n<ul style=\"text-align: justify;\">\n<li><span style=\"font-size: 12pt;\">Estar en edat legal de treballar i no superar la de jubilaci\u00f3.<\/span><\/li>\n<li><span style=\"font-size: 12pt;\">No haver pertangut a m\u00e9s de dues Borses d&#8217;Ocupaci\u00f3 anteriorment.<\/span><\/li>\n<li><span style=\"font-size: 12pt;\">Complir els requisits contractuals conforme a la legislaci\u00f3 vigent. <\/span><\/li>\n<li><span style=\"font-size: 12pt;\">Graduat en ESO o equivalent.<\/span><\/li>\n<li><span style=\"font-size: 12pt;\">Perm\u00eds de conducci\u00f3 A, A1 o A2 per al lloc de Repartiment 1, amb una antiguitat m\u00ednima de tres anys (excepte per als rurals amb autom\u00f2bil).<\/span><\/li>\n<li><span style=\"font-size: 12pt;\">Perm\u00eds de conducci\u00f3 pertinent per als llocs que es requereixi aportar un vehicle. <\/span><\/li>\n<\/ul>\n<p>&nbsp;<\/p>\n<h2 style=\"text-align: justify;\">Bases per participar en la Borsa de Treball Correus<\/h2>\n<p>&nbsp;<\/p>\n<p><img loading=\"lazy\" decoding=\"async\" class=\"wp-image-12758  alignright\" src=\"https:\/\/www.practicbcn.com\/wp-content\/uploads\/2021\/02\/borsa_de_treball_correos-1-300x186.png\" alt=\"borsa-de-treball-correus\" width=\"435\" height=\"271\" \/><\/p>\n<p style=\"text-align: justify;\"><span style=\"font-size: 12pt;\">Enguany a m\u00e9s Correus exigeix acreditar els m\u00e8rits documentalment al moment de fer la sol\u00b7licitud en la Borsa. Et recomanem que ho tinguis preparat abans de realitzar la inscripci\u00f3.<\/span><\/p>\n<p style=\"text-align: justify;\"><span style=\"font-size: 12pt;\">Per tant, \u00e9s important que escanegis i guardis en l&#8217;ordinador tots els documents que necessitis a l&#8217;hora de realitzar la teva sol\u00b7licitud. Perqu\u00e8 aquesta et resulti r\u00e0pida, senzilla i no et trobis en la tessitura de no trobar un document.<\/span><\/p>\n<p style=\"text-align: justify;\"><span style=\"font-size: 12pt;\">La grand\u00e0ria m\u00e0xima del document ser\u00e0 de 2M per cadascun. L&#8217;escaneig de tots els documents, s&#8217;ha de realitzar per totes dues cares. \u00c9s fonamental que els m\u00e8rits estiguin expedits abans de la finalitzaci\u00f3 del termini.<\/span><\/p>\n<p>&nbsp;<\/p>\n<h3 style=\"text-align: justify;\">Quina documentaci\u00f3 necessitar\u00e0s adjuntar a la sol\u00b7licitud?<\/h3>\n<p>&nbsp;<\/p>\n<ul style=\"text-align: justify;\">\n<li><span style=\"font-size: 12pt;\">DNI o NIE. Nom\u00e9s en cas que NO pertanyis a les Borses d&#8217;Ocupaci\u00f3 actuals.<\/span><\/li>\n<li><span style=\"font-size: 12pt;\">Perm\u00eds de conduir (B, A, A1 o A2). Nom\u00e9s haur\u00e0s d&#8217;adjuntar-los si no concedeixes perm\u00eds a Correus d&#8217;accedir a les teves dades de la DGT.<\/span><\/li>\n<li><span style=\"font-size: 12pt;\">Diploma o certificaci\u00f3 de la titulaci\u00f3 acad\u00e8mica. Nom\u00e9s aquella valorada per algun dels llocs (Grau universitari, FP Superior, Batxillerat o FP Grau Mitj\u00e0). A m\u00e9s hauran d&#8217;anar acompanyades del centre on el vas cursar i la branca d&#8217;especialitzaci\u00f3.<\/span><\/li>\n<li><span style=\"font-size: 12pt;\">Diploma o certificaci\u00f3 d&#8217;angl\u00e8s. Haur\u00e0s d&#8217;adjuntar la certificaci\u00f3 del nivell B1 o A2 segons l&#8217;Annex II de les bases.<\/span><\/li>\n<li><span style=\"font-size: 12pt;\">Certificaci\u00f3 de la llengua oficial de la Comunitat Aut\u00f2noma. Segons l&#8217;autonomia haur\u00e0s d&#8217;adjuntar l&#8217;acreditaci\u00f3.<\/span><\/li>\n<li><span style=\"font-size: 12pt;\">Cursos puntuables. No haur\u00e0s d&#8217;adjuntar diplomes, per\u00f2 s\u00ed marcar les caselles corresponents als cursos que hagis realitzat.<\/span><\/li>\n<\/ul>\n<p style=\"text-align: justify;\"><span style=\"font-size: 12pt;\">Si et trobes encara en proc\u00e9s d&#8217;acabar algun curs, idioma, llengua o perm\u00eds de conduir, haur\u00e0s d&#8217;esperar fins al resultat per poder inscriure&#8217;t en les borses.<\/span><\/p>\n<p>&nbsp;<\/p>\n<h2 style=\"text-align: justify;\">M\u00e8rits de les Borses de Correus<\/h2>\n<p>&nbsp;<\/p>\n<p style=\"text-align: justify;\"><span style=\"font-size: 16px;\">Els m\u00e8rits que puntuaran en la inscripci\u00f3 a les borses d&#8217;ocupaci\u00f3 s\u00f3n, d&#8217;una banda, per cada dia treballat s Correus, sigui en contracte temporal a temps complet o a temps parcial. <\/span><\/p>\n<p style=\"text-align: justify;\"><span style=\"font-size: 16px;\">La puntuaci\u00f3 es far\u00e0 en data de 17 de febrer, sobre la base de les seg\u00fcents premisses:<\/span><\/p>\n<p>&nbsp;<\/p>\n<h4>Serveis prestats com a personal laboral de Correus<\/h4>\n<p>&nbsp;<\/p>\n<ul>\n<li style=\"text-align: justify;\"><span style=\"font-size: 12pt;\">0,00700 punts per dia treballat en els llocs d&#8217;ATC i Repartiment 1 (a temps parcial). Puntuaci\u00f3 m\u00e0xima: 5 punts.<\/span><\/li>\n<li style=\"text-align: justify;\"><span style=\"font-size: 12pt;\">0,00836 punts per dia treballat en els llocs de Repartiment 2 i Agent Classificaci\u00f3 (a temps parcial). Puntuaci\u00f3 m\u00e0xima: 6 punts.<\/span><\/li>\n<li><span style=\"font-size: 12pt;\">0,01254 punts per dia treballat (a temps complet) a la prov\u00edncia sol\u00b7licitada en els llocs d&#8217;ATC, Repartiment 1 i 2 i Agent de Classificaci\u00f3. Puntuaci\u00f3 m\u00e0xima: 9 punts. <\/span><\/li>\n<\/ul>\n<p style=\"text-align: justify;\"><span style=\"font-size: 12pt;\">Els m\u00e8rits dels candidats que hagin estat indemnitzades per acomiadament no seran avaluats. <\/span><\/p>\n<p style=\"text-align: justify;\"><span style=\"font-size: 12pt;\">Els serveis prestats com a personal laboral de Correus han d&#8217;estar compresos entre l&#8217;1 de maig de 2012 i el 17 de febrer de 2021. <\/span><\/p>\n<p>&nbsp;<\/p>\n<h4>Participaci\u00f3 en les Oposicions a Correus<\/h4>\n<p>&nbsp;<\/p>\n<p><span style=\"font-size: 12pt;\">Si t&#8217;has presentat a alguna convocat\u00f2ria p\u00fablica d&#8217;ocupaci\u00f3 de Correus, i vas aprovar l&#8217;examen, les respostes correctes tamb\u00e9 puntuaran com a m\u00e8rit per a les borses de treball de Correus.<\/span><\/p>\n<ul>\n<li style=\"text-align: justify;\"><span style=\"font-size: 12pt;\">De 40 a 49 preguntes encertades: 1 punt.<\/span><\/li>\n<li style=\"text-align: justify;\"><span style=\"font-size: 12pt;\">De 50 a 59 preguntes encertades: 2 punts.<\/span><\/li>\n<li style=\"text-align: justify;\"><span style=\"font-size: 12pt;\">60 a 69 preguntes encertades: 4 punts.<\/span><\/li>\n<li style=\"text-align: justify;\"><span style=\"font-size: 12pt;\">70 o m\u00e9s preguntes encertades: 6 punts per a les Borses d&#8217;ATC i 5 punts per a Repartiment 1 i 2 i Agent Classificaci\u00f3.<\/span><\/li>\n<\/ul>\n<p>&nbsp;<\/p>\n<h4>Permisos de conduir<\/h4>\n<p>&nbsp;<\/p>\n<ul>\n<li style=\"text-align: justify;\"><span style=\"font-size: 12pt;\">A, A1, A2: 6 punts (per a la bossa de Repartiment 1). No puntua per a la resta de Borses. <\/span><\/li>\n<li><span style=\"font-size: 12pt;\">B: 3 punts. <\/span><\/li>\n<\/ul>\n<p>&nbsp;<\/p>\n<h4>Titulacions acad\u00e8miques<\/h4>\n<p>&nbsp;<\/p>\n<p style=\"text-align: justify;\"><span style=\"font-size: 12pt;\"><b>Borsa Atenci\u00f3 al client<\/b>: 6 punts per titulacions universit\u00e0ries o Formacions Professionals de Grau Superior. 3 punts per disposar del t\u00edtol de Batxiller o Formaci\u00f3 Professional de Grau Mitj\u00e0.<\/span><\/p>\n<p style=\"text-align: justify;\"><span style=\"font-size: 12pt;\"><b>Borses Repartiment i Agent Classificaci\u00f3<\/b>: 2 punts per titulacions universit\u00e0ries o Formacions Professionals de Grau Superior. 1 punt per disposar del t\u00edtol de Batxiller o Formaci\u00f3 Professional de Grau Mitj\u00e0.<\/span><\/p>\n<p>&nbsp;<\/p>\n<h4>Certificat d&#8217;Idiomes<\/h4>\n<p>&nbsp;<\/p>\n<p style=\"text-align: justify;\"><span style=\"font-size: 12pt;\"><b>Borsa Atenci\u00f3 al client<\/b>: M\u00e0xim de 6 punts.<\/span><\/p>\n<p style=\"text-align: justify;\"><span style=\"font-size: 12pt;\"><b>Borses Repartiment i Agent Classificaci\u00f3<\/b>: M\u00e0xim de 2 punts. <\/span><\/p>\n<ul>\n<li style=\"text-align: justify;\"><span style=\"font-size: 12pt;\">En el cas de Gal\u00edcia, Pa\u00eds Basc, Navarra, Catalunya, Balears i Comunitat Valenciana,<\/span><span style=\"font-size: 12pt;\">1 punt per coneixement de l&#8217;idioma angl\u00e8s (amb un nivell A2 o superior) i 1 punt per coneixement de la llengua pr\u00f2pia de cada Comunitat Aut\u00f2noma.<\/span><\/li>\n<li style=\"text-align: justify;\"><span style=\"font-size: 12pt;\">En la resta de comunitats l&#8217;acreditaci\u00f3 per l&#8217;angl\u00e8s (nivell A2 o superior) es valorar\u00e0 amb un total de 2 punts. <\/span><\/li>\n<\/ul>\n<p>&nbsp;<\/p>\n<p><span style=\"font-size: 12pt;\"><b>Borses d&#8217;Atenci\u00f3 al Client<\/b>: M\u00e0xim de 6 punts. <\/span><\/p>\n<ul>\n<li style=\"text-align: justify;\"><span style=\"font-size: 12pt;\">En el cas de Gal\u00edcia, Pa\u00eds Basc, Navarra, Catalunya, Balears i Comunitat Valenciana, 3<\/span> <span style=\"font-size: 12pt;\">punts per coneixement de l&#8217;idioma angl\u00e8s (amb un nivell B1 o superior) i 3 punts per coneixement de la llengua pr\u00f2pia de cada Comunitat Aut\u00f2noma.<\/span><\/li>\n<li style=\"text-align: justify;\"><span style=\"font-size: 12pt;\">En la resta de comunitats l&#8217;acreditaci\u00f3 per l&#8217;angl\u00e8s (nivell B1 o superior) es valorar\u00e0 amb un total de 6 punts. <\/span><\/li>\n<\/ul>\n<p>&nbsp;<\/p>\n<h3 style=\"text-align: justify;\">Pas a pas per realitzar la inscripci\u00f3<\/h3>\n<p>&nbsp;<\/p>\n<p style=\"text-align: justify;\"><span style=\"font-size: 12pt;\">Primer de tot has d&#8217;inscriure&#8217;t dins del termini indicat per Correus. \u00c9s a dir, del 8 al 17 de febrer <a href=\"https:\/\/www.correos.com\/personas-y-talento\/#convocatorias-publicas\" target=\"_blank\" rel=\"noopener\">a trav\u00e9s d&#8217;aquest enlla\u00e7<\/a> proporcionat per Correus, o en la Intranet corporativa Connecta (a trav\u00e9s de la mateixa podr\u00e0s revisar l&#8217;estat de la teva sol\u00b7licitud i participaci\u00f3 al llarg del proc\u00e9s). <\/span><\/p>\n<p style=\"text-align: justify;\"><span style=\"font-size: 12pt;\">Tingues en compte que en la inscripci\u00f3 <b>podr\u00e0s aplicar a un m\u00e0xim de dues Borses de Treball Correus<\/b>, dins de la mateixa prov\u00edncia o en prov\u00edncies lim\u00edtrofes. <\/span><\/p>\n<p style=\"text-align: justify;\"><span style=\"font-size: 12pt;\">Per comen\u00e7ar, has de facilitar el teu n\u00famero de tel\u00e8fon i un correu electr\u00f2nic perqu\u00e8 es puguin realitzar totes les comunicacions necess\u00e0ries durant la tramitaci\u00f3 del proc\u00e9s. <\/span><\/p>\n<p>&nbsp;<\/p>\n<h4>En emplenar la teva sol\u00b7licitud<\/h4>\n<p>&nbsp;<\/p>\n<p style=\"text-align: justify;\"><span style=\"font-size: 12pt;\">Tamb\u00e9 haur\u00e0s de triar entre dues modalitats de jornada diferents, tens tres per triar: <\/span><\/p>\n<ul>\n<li style=\"text-align: justify;\"><span style=\"font-size: 12pt;\">Jornada completa.<\/span><\/li>\n<li style=\"text-align: justify;\"><span style=\"font-size: 12pt;\">Parcial de dilluns a divendres (m\u00ednim de 4 hores di\u00e0ries continuades, excepte en l&#8217;\u00e0mbit rural).<\/span><\/li>\n<li style=\"text-align: justify;\"><span style=\"font-size: 12pt;\">Jornada parcial per dies. Determinats dies a la setmana o distribu\u00efts en divendres, dissabtes, diumenges i festius (m\u00ednim de 4 hores di\u00e0ries continuades).<\/span><\/li>\n<\/ul>\n<p style=\"text-align: justify;\"><span style=\"font-size: 12pt;\">A m\u00e9s d&#8217;emplenar aquestes prefer\u00e8ncies en la sol\u00b7licitud, haur\u00e0s d&#8217;indicar si t&#8217;agradaria o no treballar en els serveis rurals de la prov\u00edncia a la qual t&#8217;inscrius. Aix\u00ed mateix, tindr\u00e0s la possibilitat de marcar:<\/span><\/p>\n<ul>\n<li><span style=\"font-size: 12pt;\">En els grups de serveis rurals, que tenint origen en la mateixa localitat i oficina t\u00e8cnica, tenen els mateixos requisits. En aquest sentit, si el candidat selecciona un grup determinat de serveis rurals, estar\u00e0 obligat a prestar serveis en tots els serveis inclosos en aquest grup. <\/span><\/li>\n<li><span style=\"font-size: 12pt;\">Serveis rurals individualitzats com oficines auxiliars, amb aportaci\u00f3 de local i serveis rurals de repartiment a peu. <\/span><\/li>\n<\/ul>\n<p><span style=\"font-size: 12pt;\">Els participants que opteu a serveis rurals se us exigir\u00e0 el comprom\u00eds d&#8217;aportar els mitjans necessaris per poder exercir les funcions, \u00e9s a dir, vehicle adequat, local, etc. <\/span><\/p>\n<p>&nbsp;<\/p>\n<h3 style=\"text-align: justify;\">Passos posteriors a la inscripci\u00f3<\/h3>\n<p>&nbsp;<\/p>\n<p style=\"text-align: justify;\"><span style=\"font-size: 12pt;\">Despr\u00e9s de realitzar la inscripci\u00f3, Correus emetr\u00e0 una llista provisional d&#8217;admesos. Tots aquells que s&#8217;hagin quedat fora per algun error que es pot canviar o la falta d&#8217;algun paper, tindran un per\u00edode per esmenar errors i tornar a enviar la sol\u00b7licitud, aquesta vegada de manera correcta.<\/span><\/p>\n<p style=\"text-align: justify;\"><span style=\"font-size: 12pt;\">Despr\u00e9s d&#8217;aquesta segona inscripci\u00f3 per esmenar errors, sortir\u00e0 la llista definitiva de la Borsa de Treball Correus. Seran publicades en l&#8217;apartat de la <a href=\"https:\/\/www.correos.com\/personas-y-talento\/#convocatorias-publicas\" target=\"_blank\" rel=\"noopener\">web de Correus, Persones i Talent<\/a>.<\/span><\/p>\n<p style=\"text-align: justify;\"><span style=\"font-size: 12pt;\">L&#8217;ordre de la Borsa de Treball estar\u00e0 en funci\u00f3 de la puntuaci\u00f3 obtinguda pels candidats, fins al l\u00edmit m\u00e0xim de llocs per modalitat de jornada. En cas d&#8217;empat es tindran en compte els seg\u00fcents criteris: <\/span><\/p>\n<ol>\n<li style=\"text-align: justify;\"><span style=\"font-size: 12pt;\">Nombre de dies treballats per al lloc i prov\u00edncia. <\/span><\/li>\n<li style=\"text-align: justify;\"><span style=\"font-size: 12pt;\">Antiguitat total.<\/span><\/li>\n<li style=\"text-align: justify;\"><span style=\"font-size: 12pt;\">Si es tracta de la Borsa de Repartiment 1, la puntuaci\u00f3 pel perm\u00eds de moto. <\/span><\/li>\n<li style=\"text-align: justify;\"><span style=\"font-size: 12pt;\">Puntuaci\u00f3 obtinguda en l&#8217;examen d&#8217;oposicions. <\/span><\/li>\n<li style=\"text-align: justify;\"><span style=\"font-size: 12pt;\">Puntuaci\u00f3 pel m\u00e8rit de l&#8217;angl\u00e8s.<\/span><\/li>\n<li style=\"text-align: justify;\"><span style=\"font-size: 12pt;\">Per la formaci\u00f3 acad\u00e8mica. <\/span><\/li>\n<li style=\"text-align: justify;\"><span style=\"font-size: 12pt;\">Si es tracta de la Borsa de Repartiment 2 i Agent Classificaci\u00f3, per posseir el perm\u00eds de conduir B.<\/span><\/li>\n<li style=\"text-align: justify;\"><span style=\"font-size: 12pt;\">Si persisteix l&#8217;empat, quedar\u00e0 en mans de la Comissi\u00f3 d&#8217;Ocupaci\u00f3 Central. <\/span><\/li>\n<\/ol>\n<p>&nbsp;<\/p>\n<h2 style=\"text-align: justify;\">Avantatges i inconvenients de les bosses de Correus<\/h2>\n<p>&nbsp;<\/p>\n<h4 style=\"text-align: justify;\">Inconvenients<\/h4>\n<p>&nbsp;<\/p>\n<ul style=\"text-align: justify;\">\n<li><span style=\"font-size: 12pt;\">La Borsa d&#8217;Ocupaci\u00f3 Correus no est\u00e0 oberta cont\u00ednuament. Nom\u00e9s es podr\u00e0 enviar el curr\u00edculum durant el termini d&#8217;inscripci\u00f3.<\/span><\/li>\n<li><span style=\"font-size: 12pt;\">En inscriure&#8217;s no aconsegueixes pla\u00e7a immediatament, has de complir una s\u00e8rie de requisits necessaris. Encara que els compleixis tots pots quedar fora de la llista.<\/span><\/li>\n<li><span style=\"font-size: 12pt;\">El lloc no \u00e9s fix. Els contractes s\u00f3n temporals, una vegada s&#8217;acaben has d&#8217;esperar que et tornin a cridar.<\/span><\/li>\n<li><span style=\"font-size: 12pt;\">No podr\u00e0s pert\u00e0nyer a m\u00e9s de dues Borses de Treball Correus.<\/span><\/li>\n<\/ul>\n<p>&nbsp;<\/p>\n<h4 style=\"text-align: justify;\">Avantatges<\/h4>\n<p>&nbsp;<\/p>\n<ul style=\"text-align: justify;\">\n<li><span style=\"font-size: 12pt;\">Qualsevol pot inscriure&#8217;s i aconseguir ocupaci\u00f3.<\/span><\/li>\n<li><span style=\"font-size: 12pt;\">Es convoquen molt poques Borses de Treball Correus, per la qual cosa tindr\u00e0s treballs durant un llarg per\u00edode de temps.<\/span><\/li>\n<li><span style=\"font-size: 12pt;\">T\u00e9 una gran flexibilitat hor\u00e0ria.<\/span><\/li>\n<li><span style=\"font-size: 12pt;\">Si t&#8217;est\u00e0s preparant les oposicions de Correus, es permet que tamb\u00e9 t&#8217;inscriguis en la Borsa d&#8217;Ocupaci\u00f3.<\/span><\/li>\n<li><span style=\"font-size: 12pt;\">La Borsa de Treball Correus aporta punts en la fase de m\u00e8rits de les oposicions.<\/span><\/li>\n<li><span style=\"font-size: 12pt;\">En el cas que vulguis treure les oposicions (ara o en el futur) et servir\u00e0 per a con\u00e8ixer l&#8217;empresa per dins i et facilitar\u00e0 l&#8217;estudi del temari.<\/span><\/li>\n<\/ul>\n<p>&nbsp;<\/p>\n<h2 style=\"text-align: justify;\">Treballa a Correus a trav\u00e9s de la Borsa de Treball<\/h2>\n<p>&nbsp;<\/p>\n<p style=\"text-align: justify;\"><span style=\"font-size: 12pt;\">Aquesta oportunitat \u00e9s per tothom i no pots desaprofitar-la. Tant si est\u00e0s preparant les oposicions a Correus, com si simplement est\u00e0s buscant treball, per inscriure&#8217;t no perds absolutament res.<\/span><\/p>\n<p style=\"text-align: justify;\"><span style=\"font-size: 12pt;\">A m\u00e9s, aquesta experi\u00e8ncia pot conv\u00e8ncer-te per aconseguir una pla\u00e7a fixa en l&#8217;empresa i <b>comen\u00e7ar a preparar-te les oposicions<\/b>. Aconseguint punts en la fase de m\u00e8rits d&#8217;aquestes.<\/span><\/p>\n<p style=\"text-align: justify;\"><span style=\"font-size: 12pt;\">En cas que aprovis les oposicions, sortir\u00e0s directament de la Borsa i passar\u00e0s a ocupar el lloc fix que et correspon dins de l&#8217;empresa.<\/span><\/p>\n<p style=\"text-align: justify;\"><span style=\"font-size: 12pt;\">Preparar les oposicions mentre treballes en la Borsa de Treball Correus et permetr\u00e0 con\u00e8ixer l&#8217;empresa per dins, et donar\u00e0 facilitats en l&#8217;estudi i la formaci\u00f3. A m\u00e9s, al contrari que les Borses de Treball, les convocat\u00f2ries p\u00fabliques d&#8217;ocupaci\u00f3 per treballar a Correus surten cada any. Pel que si no aproves en una convocat\u00f2ria en concret sempre pots provar en la seg\u00fcent. <\/span><\/p>\n<p style=\"text-align: justify;\"><span style=\"font-size: 12pt;\">L&#8217;\u00faltima, el passat mes de desembre compta amb <b>m\u00e9s de 3.000 places<\/b> d&#8217;ocupaci\u00f3 laboral fixa que encara estan pendents de ser convocades. Troba aqu\u00ed tota la informaci\u00f3 per <a href=\"https:\/\/www.practicbcn.com\/ca\/correus-ocupacio-publica\/\" target=\"_blank\" rel=\"noopener\"><b>opositar a Correus<\/b><\/a>.<\/span><\/p>\n<p>&nbsp;<\/p>\n<h3 style=\"text-align: justify;\">Accedeix a una ocupaci\u00f3 p\u00fablica<\/h3>\n<p>&nbsp;<\/p>\n<p style=\"text-align: justify;\"><span style=\"font-size: 12pt;\">Ja ho saps! Inscriu-te a la Borsa de Treball de Correus i obre la porta a un bon futur laboral.<\/span><\/p>\n<p style=\"text-align: justify;\"><span style=\"font-size: 12pt;\">No tothom aconsegueix el somni de treballar a Correus. I la borsa de treball pot ser el primer pas per aconseguir-ho.<\/span><\/p>\n<p style=\"text-align: justify;\"><span style=\"font-size: 12pt;\">A <b>Pr\u00e0ctic<\/b>, la millor acad\u00e8mia d&#8217;oposicions de Barcelona, t&#8217;oferim la formaci\u00f3 que necessites per opositar. Amb anys d&#8217;experi\u00e8ncia al darrere, el millor professorat qualificat i les millors t\u00e8cniques de preparaci\u00f3, tindr\u00e0s tot el necessari per aprovar.<\/span><\/p>\n<p style=\"text-align: justify;\"><span style=\"font-size: 12pt;\">Si necessites m\u00e9s informaci\u00f3, emplena el seg\u00fcent formulari o contacta amb nosaltres directament trucant al <a href=\"tel:938588369\">938 588 369<\/a>. Estarem encantats d&#8217;ajudar-te i resoldre tots els teus dubtes.<\/span><\/p>\n<p>[\/et_pb_text][\/et_pb_column][\/et_pb_row][\/et_pb_section][et_pb_section fb_built=&#8221;1&#8243; _builder_version=&#8221;4.16&#8243; _module_preset=&#8221;default&#8221; background_color=&#8221;#009aa5&#8243; min_height=&#8221;254.9px&#8221; custom_margin=&#8221;||||false|false&#8221; custom_padding=&#8221;0px||0px||true|false&#8221; top_divider_height_tablet=&#8221;&#8221; top_divider_height_phone=&#8221;&#8221; top_divider_height_last_edited=&#8221;on|phone&#8221; global_colors_info=&#8221;{}&#8221; global_module=&#8221;21501&#8243; locked=&#8221;off&#8221;][et_pb_row column_structure=&#8221;1_3,1_3,1_3&#8243; use_custom_gutter=&#8221;on&#8221; gutter_width=&#8221;1&#8243; make_equal=&#8221;on&#8221; _builder_version=&#8221;4.16&#8243; _module_preset=&#8221;default&#8221; width=&#8221;100%&#8221; max_width=&#8221;2560px&#8221; min_height=&#8221;257.9px&#8221; custom_margin=&#8221;||||false|false&#8221; custom_padding=&#8221;0px||0px||false|false&#8221; global_colors_info=&#8221;{}&#8221; theme_builder_area=&#8221;post_content&#8221;][et_pb_column type=&#8221;1_3&#8243; _builder_version=&#8221;4.16&#8243; _module_preset=&#8221;default&#8221; global_colors_info=&#8221;{}&#8221; theme_builder_area=&#8221;post_content&#8221;][et_pb_image src=&#8221;https:\/\/www.practicbcn.com\/wp-content\/uploads\/2021\/08\/circulo-06_2-06.png&#8221; alt=&#8221;practic-barcelona-oposiciones&#8221; title_text=&#8221;practic-barcelona-oposiciones&#8221; src_tablet=&#8221;https:\/\/www.practicbcn.com\/wp-content\/uploads\/2021\/09\/practic-barcelona-oposiciones.png&#8221; src_phone=&#8221;https:\/\/www.practicbcn.com\/wp-content\/uploads\/2021\/09\/practic-barcelona-oposiciones.png&#8221; src_last_edited=&#8221;on|tablet&#8221; _builder_version=&#8221;4.16&#8243; _module_preset=&#8221;default&#8221; custom_margin=&#8221;||||false|false&#8221; custom_margin_tablet=&#8221;||0px||false|false&#8221; custom_margin_phone=&#8221;||0px||false|false&#8221; custom_margin_last_edited=&#8221;on|tablet&#8221; global_colors_info=&#8221;{}&#8221; theme_builder_area=&#8221;post_content&#8221;][\/et_pb_image][\/et_pb_column][et_pb_column type=&#8221;1_3&#8243; _builder_version=&#8221;4.16&#8243; _module_preset=&#8221;default&#8221; global_colors_info=&#8221;{}&#8221; theme_builder_area=&#8221;post_content&#8221;][et_pb_text _builder_version=&#8221;4.19.1&#8243; _module_preset=&#8221;default&#8221; header_font=&#8221;Montserrat||||||||&#8221; header_2_font=&#8221;Montserrat|900|||||||&#8221; header_2_text_align=&#8221;center&#8221; header_2_text_color=&#8221;#FFFFFF&#8221; header_2_font_size=&#8221;50px&#8221; header_2_line_height=&#8221;1.2em&#8221; custom_margin=&#8221;105px|-63px|105px|-134px|true|false&#8221; custom_margin_tablet=&#8221;0px||0px||true|false&#8221; custom_margin_phone=&#8221;0px||0px||true|false&#8221; custom_margin_last_edited=&#8221;on|tablet&#8221; custom_padding=&#8221;|0px||||&#8221; header_2_font_size_tablet=&#8221;45px&#8221; header_2_font_size_phone=&#8221;40px&#8221; header_2_font_size_last_edited=&#8221;on|tablet&#8221; global_colors_info=&#8221;{}&#8221; theme_builder_area=&#8221;post_content&#8221;]<\/p>\n<h2 style=\"text-align: center;\">Consigue tu pla\u00e7a amb Practic<\/h2>\n<p>[\/et_pb_text][\/et_pb_column][et_pb_column type=&#8221;1_3&#8243; _builder_version=&#8221;4.16&#8243; _module_preset=&#8221;default&#8221; global_colors_info=&#8221;{}&#8221; theme_builder_area=&#8221;post_content&#8221;][et_pb_image src=&#8221;https:\/\/www.practicbcn.com\/wp-content\/uploads\/2021\/08\/LINEAS_2-07.png&#8221; alt=&#8221;Solicita informaci\u00f3n Practic Barcelona&#8221; title_text=&#8221;Solicita informaci\u00f3n Practic Barcelona&#8221; _builder_version=&#8221;4.16&#8243; _module_preset=&#8221;default&#8221; custom_margin=&#8221;37px||||false|false&#8221; custom_margin_tablet=&#8221;-50px||||false|false&#8221; custom_margin_phone=&#8221;-45px||||false|false&#8221; custom_margin_last_edited=&#8221;on|tablet&#8221; global_colors_info=&#8221;{}&#8221; theme_builder_area=&#8221;post_content&#8221;][\/et_pb_image][\/et_pb_column][\/et_pb_row][\/et_pb_section][et_pb_section fb_built=&#8221;1&#8243; admin_label=&#8221;Formulario&#8221; _builder_version=&#8221;4.16&#8243; _module_preset=&#8221;default&#8221; min_height=&#8221;335.1px&#8221; custom_padding=&#8221;0px||0px||true|false&#8221; global_colors_info=&#8221;{}&#8221; global_module=&#8221;21499&#8243; locked=&#8221;off&#8221;][et_pb_row custom_padding_last_edited=&#8221;on|phone&#8221; _builder_version=&#8221;4.16&#8243; _module_preset=&#8221;default&#8221; width_tablet=&#8221;90%&#8221; width_phone=&#8221;90%&#8221; width_last_edited=&#8221;on|phone&#8221; custom_padding_tablet=&#8221;&#8221; custom_padding_phone=&#8221;0px||0px||true|false&#8221; global_colors_info=&#8221;{}&#8221; theme_builder_area=&#8221;post_content&#8221;][et_pb_column type=&#8221;4_4&#8243; _builder_version=&#8221;4.16&#8243; _module_preset=&#8221;default&#8221; global_colors_info=&#8221;{}&#8221; theme_builder_area=&#8221;post_content&#8221;][et_pb_text _builder_version=&#8221;4.16&#8243; _module_preset=&#8221;default&#8221; text_font=&#8221;Montserrat|900|||||||&#8221; text_text_color=&#8221;#009aa5&#8243; text_font_size=&#8221;48px&#8221; text_line_height=&#8221;1.2em&#8221; header_2_font=&#8221;Montserrat|900|||||||&#8221; header_2_text_color=&#8221;#009aa5&#8243; header_2_font_size=&#8221;46px&#8221; text_orientation=&#8221;center&#8221; text_font_size_tablet=&#8221;&#8221; text_font_size_phone=&#8221;23px&#8221; text_font_size_last_edited=&#8221;on|phone&#8221; global_colors_info=&#8221;{}&#8221; theme_builder_area=&#8221;post_content&#8221;]<\/p>\n<p>Sol\u00b7licita informaci\u00f3 gratu\u00efta i sense comprom\u00eds<\/p>\n<p>[\/et_pb_text][\/et_pb_column][\/et_pb_row][et_pb_row _builder_version=&#8221;4.16&#8243; _module_preset=&#8221;default&#8221; width_tablet=&#8221;&#8221; width_phone=&#8221;100%&#8221; width_last_edited=&#8221;on|phone&#8221; border_color_all=&#8221;#000000&#8243; global_colors_info=&#8221;{}&#8221; theme_builder_area=&#8221;post_content&#8221;][et_pb_column type=&#8221;4_4&#8243; _builder_version=&#8221;4.16&#8243; _module_preset=&#8221;default&#8221; global_colors_info=&#8221;{}&#8221; theme_builder_area=&#8221;post_content&#8221;][et_pb_code _builder_version=&#8221;4.16&#8243; _module_preset=&#8221;default&#8221; text_orientation=&#8221;center&#8221; global_colors_info=&#8221;{}&#8221; theme_builder_area=&#8221;post_content&#8221;]<iframe loading=\"lazy\" src=\"https:\/\/www.practicbcn.com\/formulario2\/form2_cat.php\" width=\"400\" height=\"650\" frameborder=\"0\" scrolling=\"no\"><\/iframe>[\/et_pb_code][et_pb_toggle title=&#8221;RGPD Llei de Protecci\u00f3 de Dades&#8221; open_toggle_text_color=&#8221;#000000&#8243; open_toggle_background_color=&#8221;#ffffff&#8221; closed_toggle_text_color=&#8221;#000000&#8243; closed_toggle_background_color=&#8221;#ffffff&#8221; icon_color=&#8221;#5499A3&#8243; open_icon_color=&#8221;#5499A3&#8243; disabled_on=&#8221;off|off|off&#8221; _builder_version=&#8221;4.16&#8243; title_text_color=&#8221;#000000&#8243; body_text_color=&#8221;#000000&#8243; custom_margin_tablet=&#8221;&#8221; custom_margin_phone=&#8221;|20px||20px|false|true&#8221; custom_margin_last_edited=&#8221;on|phone&#8221; custom_padding_tablet=&#8221;&#8221; custom_padding_phone=&#8221;||||false|false&#8221; custom_padding_last_edited=&#8221;on|phone&#8221; z_index_tablet=&#8221;500&#8243; title_text_shadow_horizontal_length_tablet=&#8221;0px&#8221; title_text_shadow_vertical_length_tablet=&#8221;0px&#8221; title_text_shadow_blur_strength_tablet=&#8221;1px&#8221; closed_title_text_shadow_horizontal_length_tablet=&#8221;0px&#8221; closed_title_text_shadow_vertical_length_tablet=&#8221;0px&#8221; closed_title_text_shadow_blur_strength_tablet=&#8221;1px&#8221; body_text_shadow_horizontal_length_tablet=&#8221;0px&#8221; body_text_shadow_vertical_length_tablet=&#8221;0px&#8221; body_text_shadow_blur_strength_tablet=&#8221;1px&#8221; body_link_text_shadow_horizontal_length_tablet=&#8221;0px&#8221; body_link_text_shadow_vertical_length_tablet=&#8221;0px&#8221; body_link_text_shadow_blur_strength_tablet=&#8221;1px&#8221; body_ul_text_shadow_horizontal_length_tablet=&#8221;0px&#8221; body_ul_text_shadow_vertical_length_tablet=&#8221;0px&#8221; body_ul_text_shadow_blur_strength_tablet=&#8221;1px&#8221; body_ol_text_shadow_horizontal_length_tablet=&#8221;0px&#8221; body_ol_text_shadow_vertical_length_tablet=&#8221;0px&#8221; body_ol_text_shadow_blur_strength_tablet=&#8221;1px&#8221; body_quote_text_shadow_horizontal_length_tablet=&#8221;0px&#8221; body_quote_text_shadow_vertical_length_tablet=&#8221;0px&#8221; body_quote_text_shadow_blur_strength_tablet=&#8221;1px&#8221; border_color_all=&#8221;#000000&#8243; box_shadow_horizontal_tablet=&#8221;0px&#8221; box_shadow_vertical_tablet=&#8221;0px&#8221; box_shadow_blur_tablet=&#8221;40px&#8221; box_shadow_spread_tablet=&#8221;0px&#8221; text_shadow_horizontal_length_tablet=&#8221;0px&#8221; text_shadow_vertical_length_tablet=&#8221;0px&#8221; text_shadow_blur_strength_tablet=&#8221;1px&#8221; global_colors_info=&#8221;{}&#8221; theme_builder_area=&#8221;post_content&#8221;]<\/p>\n<p>COMPLIMENT LLEI DE PROTECCI\u00d3 DE DADES 2018 RPGD<br \/>Responsable: CENTRE FORMATIU PRACTIC UNIC BCN 774 , S.L.U CIF: B87963914<br \/>Finalitat: Proporcionar informaci\u00f3 sobre els nostres serveis.<br \/>Legitimaci\u00f3: Consentiment de l&#8217;interessat.<br \/>Destinataris: No se cediran dades a tercers, excepte obligaci\u00f3 legal.<br \/>Drets: Accedir, rectificar, suprimir les dades i altres drets, com s&#8217;explica en la informaci\u00f3 addicional.<br \/>Informaci\u00f3 addicional: <a href=\"https:\/\/www.practicbcn.com\/aviso-legal-rgpd\/\">Pol\u00edtica de privacitat i RGPD<\/a>.<\/p>\n<p>[\/et_pb_toggle][\/et_pb_column][\/et_pb_row][\/et_pb_section]<\/p>\n","protected":false},"excerpt":{"rendered":"<p>Despr\u00e9s de 3 anys sense novetats sobre el tema, Correus anuncia les Noves Borses de Treball! Inscriu-te JA seguint les indicacions que et donem en aquest post, i no perdis l&#8217;oportunitat d&#8217;accedir a una ocupaci\u00f3 temporal a Correus. Et servir\u00e0 per obtenir m\u00e8rits i coneixements de cara a les oposicions!<\/p>\n","protected":false},"author":3,"featured_media":12758,"comment_status":"closed","ping_status":"closed","sticky":false,"template":"","format":"standard","meta":{"_et_pb_use_builder":"on","_et_pb_old_content":"","_et_gb_content_width":"","footnotes":""},"categories":[226,221],"tags":[],"class_list":["post-12773","post","type-post","status-publish","format-standard","has-post-thumbnail","hentry","category-correus","category-noticies"],"yoast_head":"<!-- This site is optimized with the Yoast SEO Premium plugin v22.8 (Yoast SEO v27.2) - https:\/\/yoast.com\/product\/yoast-seo-premium-wordpress\/ -->\n<title>Borsa de Treball Correus ? Oberta inscripci\u00f3 per treballar a Correus<\/title>\n<meta name=\"description\" content=\"Borsa de Treball Correus \u21e8 Correus obre les noves borses de treball per accedir a llocs temporals. Inscriu-te aqu\u00ed! T&#039;expliquem com\" \/>\n<meta name=\"robots\" content=\"index, follow, max-snippet:-1, max-image-preview:large, max-video-preview:-1\" \/>\n<link rel=\"canonical\" href=\"https:\/\/www.practicbcn.com\/ca\/borsa-de-treball-correus\/\" \/>\n<meta property=\"og:locale\" content=\"ca_ES\" \/>\n<meta property=\"og:type\" content=\"article\" \/>\n<meta property=\"og:title\" content=\"Correus anuncia l&#039;obertura de la nova Borsa de Treball\" \/>\n<meta property=\"og:description\" content=\"Borsa de Treball Correus \u21e8 Correus obre les noves borses de treball per accedir a llocs temporals. Inscriu-te aqu\u00ed! T&#039;expliquem com\" \/>\n<meta property=\"og:url\" content=\"https:\/\/www.practicbcn.com\/ca\/borsa-de-treball-correus\/\" \/>\n<meta property=\"og:site_name\" content=\"academia oposiciones Barcelona\" \/>\n<meta property=\"article:published_time\" content=\"2021-02-08T13:52:33+00:00\" \/>\n<meta property=\"article:modified_time\" content=\"2022-12-01T10:38:09+00:00\" \/>\n<meta property=\"og:image\" content=\"https:\/\/www.practicbcn.com\/wp-content\/uploads\/2021\/02\/borsa_de_treball_correos-1.png\" \/>\n\t<meta property=\"og:image:width\" content=\"500\" \/>\n\t<meta property=\"og:image:height\" content=\"310\" \/>\n\t<meta property=\"og:image:type\" content=\"image\/png\" \/>\n<meta name=\"author\" content=\"cantu\" \/>\n<meta name=\"twitter:card\" content=\"summary_large_image\" \/>\n<meta name=\"twitter:label1\" content=\"Escrit per\" \/>\n\t<meta name=\"twitter:data1\" content=\"cantu\" \/>\n\t<meta name=\"twitter:label2\" content=\"Temps estimat de lectura\" \/>\n\t<meta name=\"twitter:data2\" content=\"17 minuts\" \/>\n<script type=\"application\/ld+json\" class=\"yoast-schema-graph\">{\"@context\":\"https:\/\/schema.org\",\"@graph\":[{\"@type\":\"Article\",\"@id\":\"https:\/\/www.practicbcn.com\/ca\/borsa-de-treball-correus\/#article\",\"isPartOf\":{\"@id\":\"https:\/\/www.practicbcn.com\/ca\/borsa-de-treball-correus\/\"},\"author\":{\"name\":\"cantu\",\"@id\":\"https:\/\/www.practicbcn.com\/ca\/#\/schema\/person\/b1bf6fae906bb2caf24a3ed0699b35a1\"},\"headline\":\"Correus anuncia l&#8217;obertura de la nova Borsa de Treball\",\"datePublished\":\"2021-02-08T13:52:33+00:00\",\"dateModified\":\"2022-12-01T10:38:09+00:00\",\"mainEntityOfPage\":{\"@id\":\"https:\/\/www.practicbcn.com\/ca\/borsa-de-treball-correus\/\"},\"wordCount\":3356,\"publisher\":{\"@id\":\"https:\/\/www.practicbcn.com\/ca\/#organization\"},\"image\":{\"@id\":\"https:\/\/www.practicbcn.com\/ca\/borsa-de-treball-correus\/#primaryimage\"},\"thumbnailUrl\":\"https:\/\/www.practicbcn.com\/wp-content\/uploads\/2021\/02\/borsa_de_treball_correos-1.png\",\"articleSection\":[\"Correus\",\"noticies\"],\"inLanguage\":\"ca\"},{\"@type\":\"WebPage\",\"@id\":\"https:\/\/www.practicbcn.com\/ca\/borsa-de-treball-correus\/\",\"url\":\"https:\/\/www.practicbcn.com\/ca\/borsa-de-treball-correus\/\",\"name\":\"Borsa de Treball Correus ? Oberta inscripci\u00f3 per treballar a Correus\",\"isPartOf\":{\"@id\":\"https:\/\/www.practicbcn.com\/ca\/#website\"},\"primaryImageOfPage\":{\"@id\":\"https:\/\/www.practicbcn.com\/ca\/borsa-de-treball-correus\/#primaryimage\"},\"image\":{\"@id\":\"https:\/\/www.practicbcn.com\/ca\/borsa-de-treball-correus\/#primaryimage\"},\"thumbnailUrl\":\"https:\/\/www.practicbcn.com\/wp-content\/uploads\/2021\/02\/borsa_de_treball_correos-1.png\",\"datePublished\":\"2021-02-08T13:52:33+00:00\",\"dateModified\":\"2022-12-01T10:38:09+00:00\",\"description\":\"Borsa de Treball Correus \u21e8 Correus obre les noves borses de treball per accedir a llocs temporals. Inscriu-te aqu\u00ed! T'expliquem com\",\"breadcrumb\":{\"@id\":\"https:\/\/www.practicbcn.com\/ca\/borsa-de-treball-correus\/#breadcrumb\"},\"inLanguage\":\"ca\",\"potentialAction\":[{\"@type\":\"ReadAction\",\"target\":[\"https:\/\/www.practicbcn.com\/ca\/borsa-de-treball-correus\/\"]}]},{\"@type\":\"ImageObject\",\"inLanguage\":\"ca\",\"@id\":\"https:\/\/www.practicbcn.com\/ca\/borsa-de-treball-correus\/#primaryimage\",\"url\":\"https:\/\/www.practicbcn.com\/wp-content\/uploads\/2021\/02\/borsa_de_treball_correos-1.png\",\"contentUrl\":\"https:\/\/www.practicbcn.com\/wp-content\/uploads\/2021\/02\/borsa_de_treball_correos-1.png\",\"width\":500,\"height\":310,\"caption\":\"borsa-de-treball-correus\"},{\"@type\":\"BreadcrumbList\",\"@id\":\"https:\/\/www.practicbcn.com\/ca\/borsa-de-treball-correus\/#breadcrumb\",\"itemListElement\":[{\"@type\":\"ListItem\",\"position\":1,\"name\":\"Portada\",\"item\":\"https:\/\/www.practicbcn.com\/ca\/\"},{\"@type\":\"ListItem\",\"position\":2,\"name\":\"Correus anuncia l&#8217;obertura de la nova Borsa de Treball\"}]},{\"@type\":\"WebSite\",\"@id\":\"https:\/\/www.practicbcn.com\/ca\/#website\",\"url\":\"https:\/\/www.practicbcn.com\/ca\/\",\"name\":\"academia oposiciones Barcelona\",\"description\":\"academia oposiciones Barcelona PracticBCN Preparaci\u00f3n de opositores\",\"publisher\":{\"@id\":\"https:\/\/www.practicbcn.com\/ca\/#organization\"},\"potentialAction\":[{\"@type\":\"SearchAction\",\"target\":{\"@type\":\"EntryPoint\",\"urlTemplate\":\"https:\/\/www.practicbcn.com\/ca\/?s={search_term_string}\"},\"query-input\":{\"@type\":\"PropertyValueSpecification\",\"valueRequired\":true,\"valueName\":\"search_term_string\"}}],\"inLanguage\":\"ca\"},{\"@type\":\"Organization\",\"@id\":\"https:\/\/www.practicbcn.com\/ca\/#organization\",\"name\":\"Practic BCN\",\"url\":\"https:\/\/www.practicbcn.com\/ca\/\",\"logo\":{\"@type\":\"ImageObject\",\"inLanguage\":\"ca\",\"@id\":\"https:\/\/www.practicbcn.com\/ca\/#\/schema\/logo\/image\/\",\"url\":\"https:\/\/www.practicbcn.com\/wp-content\/uploads\/2018\/01\/LOGO-PRACTIC.jpg\",\"contentUrl\":\"https:\/\/www.practicbcn.com\/wp-content\/uploads\/2018\/01\/LOGO-PRACTIC.jpg\",\"width\":679,\"height\":676,\"caption\":\"Practic BCN\"},\"image\":{\"@id\":\"https:\/\/www.practicbcn.com\/ca\/#\/schema\/logo\/image\/\"}},{\"@type\":\"Person\",\"@id\":\"https:\/\/www.practicbcn.com\/ca\/#\/schema\/person\/b1bf6fae906bb2caf24a3ed0699b35a1\",\"name\":\"cantu\",\"image\":{\"@type\":\"ImageObject\",\"inLanguage\":\"ca\",\"@id\":\"https:\/\/secure.gravatar.com\/avatar\/9bf69246e68f8fa9721cc29ec236bd9daee6f76dfca26b3ddd7625676a5c2f9c?s=96&d=mm&r=g\",\"url\":\"https:\/\/secure.gravatar.com\/avatar\/9bf69246e68f8fa9721cc29ec236bd9daee6f76dfca26b3ddd7625676a5c2f9c?s=96&d=mm&r=g\",\"contentUrl\":\"https:\/\/secure.gravatar.com\/avatar\/9bf69246e68f8fa9721cc29ec236bd9daee6f76dfca26b3ddd7625676a5c2f9c?s=96&d=mm&r=g\",\"caption\":\"cantu\"}}]}<\/script>\n<!-- \/ Yoast SEO Premium plugin. -->","yoast_head_json":{"title":"Borsa de Treball Correus ? Oberta inscripci\u00f3 per treballar a Correus","description":"Borsa de Treball Correus \u21e8 Correus obre les noves borses de treball per accedir a llocs temporals. Inscriu-te aqu\u00ed! T'expliquem com","robots":{"index":"index","follow":"follow","max-snippet":"max-snippet:-1","max-image-preview":"max-image-preview:large","max-video-preview":"max-video-preview:-1"},"canonical":"https:\/\/www.practicbcn.com\/ca\/borsa-de-treball-correus\/","og_locale":"ca_ES","og_type":"article","og_title":"Correus anuncia l'obertura de la nova Borsa de Treball","og_description":"Borsa de Treball Correus \u21e8 Correus obre les noves borses de treball per accedir a llocs temporals. Inscriu-te aqu\u00ed! T'expliquem com","og_url":"https:\/\/www.practicbcn.com\/ca\/borsa-de-treball-correus\/","og_site_name":"academia oposiciones Barcelona","article_published_time":"2021-02-08T13:52:33+00:00","article_modified_time":"2022-12-01T10:38:09+00:00","og_image":[{"width":500,"height":310,"url":"https:\/\/www.practicbcn.com\/wp-content\/uploads\/2021\/02\/borsa_de_treball_correos-1.png","type":"image\/png"}],"author":"cantu","twitter_card":"summary_large_image","twitter_misc":{"Escrit per":"cantu","Temps estimat de lectura":"17 minuts"},"schema":{"@context":"https:\/\/schema.org","@graph":[{"@type":"Article","@id":"https:\/\/www.practicbcn.com\/ca\/borsa-de-treball-correus\/#article","isPartOf":{"@id":"https:\/\/www.practicbcn.com\/ca\/borsa-de-treball-correus\/"},"author":{"name":"cantu","@id":"https:\/\/www.practicbcn.com\/ca\/#\/schema\/person\/b1bf6fae906bb2caf24a3ed0699b35a1"},"headline":"Correus anuncia l&#8217;obertura de la nova Borsa de Treball","datePublished":"2021-02-08T13:52:33+00:00","dateModified":"2022-12-01T10:38:09+00:00","mainEntityOfPage":{"@id":"https:\/\/www.practicbcn.com\/ca\/borsa-de-treball-correus\/"},"wordCount":3356,"publisher":{"@id":"https:\/\/www.practicbcn.com\/ca\/#organization"},"image":{"@id":"https:\/\/www.practicbcn.com\/ca\/borsa-de-treball-correus\/#primaryimage"},"thumbnailUrl":"https:\/\/www.practicbcn.com\/wp-content\/uploads\/2021\/02\/borsa_de_treball_correos-1.png","articleSection":["Correus","noticies"],"inLanguage":"ca"},{"@type":"WebPage","@id":"https:\/\/www.practicbcn.com\/ca\/borsa-de-treball-correus\/","url":"https:\/\/www.practicbcn.com\/ca\/borsa-de-treball-correus\/","name":"Borsa de Treball Correus ? Oberta inscripci\u00f3 per treballar a Correus","isPartOf":{"@id":"https:\/\/www.practicbcn.com\/ca\/#website"},"primaryImageOfPage":{"@id":"https:\/\/www.practicbcn.com\/ca\/borsa-de-treball-correus\/#primaryimage"},"image":{"@id":"https:\/\/www.practicbcn.com\/ca\/borsa-de-treball-correus\/#primaryimage"},"thumbnailUrl":"https:\/\/www.practicbcn.com\/wp-content\/uploads\/2021\/02\/borsa_de_treball_correos-1.png","datePublished":"2021-02-08T13:52:33+00:00","dateModified":"2022-12-01T10:38:09+00:00","description":"Borsa de Treball Correus \u21e8 Correus obre les noves borses de treball per accedir a llocs temporals. Inscriu-te aqu\u00ed! T'expliquem com","breadcrumb":{"@id":"https:\/\/www.practicbcn.com\/ca\/borsa-de-treball-correus\/#breadcrumb"},"inLanguage":"ca","potentialAction":[{"@type":"ReadAction","target":["https:\/\/www.practicbcn.com\/ca\/borsa-de-treball-correus\/"]}]},{"@type":"ImageObject","inLanguage":"ca","@id":"https:\/\/www.practicbcn.com\/ca\/borsa-de-treball-correus\/#primaryimage","url":"https:\/\/www.practicbcn.com\/wp-content\/uploads\/2021\/02\/borsa_de_treball_correos-1.png","contentUrl":"https:\/\/www.practicbcn.com\/wp-content\/uploads\/2021\/02\/borsa_de_treball_correos-1.png","width":500,"height":310,"caption":"borsa-de-treball-correus"},{"@type":"BreadcrumbList","@id":"https:\/\/www.practicbcn.com\/ca\/borsa-de-treball-correus\/#breadcrumb","itemListElement":[{"@type":"ListItem","position":1,"name":"Portada","item":"https:\/\/www.practicbcn.com\/ca\/"},{"@type":"ListItem","position":2,"name":"Correus anuncia l&#8217;obertura de la nova Borsa de Treball"}]},{"@type":"WebSite","@id":"https:\/\/www.practicbcn.com\/ca\/#website","url":"https:\/\/www.practicbcn.com\/ca\/","name":"academia oposiciones Barcelona","description":"academia oposiciones Barcelona PracticBCN Preparaci\u00f3n de opositores","publisher":{"@id":"https:\/\/www.practicbcn.com\/ca\/#organization"},"potentialAction":[{"@type":"SearchAction","target":{"@type":"EntryPoint","urlTemplate":"https:\/\/www.practicbcn.com\/ca\/?s={search_term_string}"},"query-input":{"@type":"PropertyValueSpecification","valueRequired":true,"valueName":"search_term_string"}}],"inLanguage":"ca"},{"@type":"Organization","@id":"https:\/\/www.practicbcn.com\/ca\/#organization","name":"Practic BCN","url":"https:\/\/www.practicbcn.com\/ca\/","logo":{"@type":"ImageObject","inLanguage":"ca","@id":"https:\/\/www.practicbcn.com\/ca\/#\/schema\/logo\/image\/","url":"https:\/\/www.practicbcn.com\/wp-content\/uploads\/2018\/01\/LOGO-PRACTIC.jpg","contentUrl":"https:\/\/www.practicbcn.com\/wp-content\/uploads\/2018\/01\/LOGO-PRACTIC.jpg","width":679,"height":676,"caption":"Practic BCN"},"image":{"@id":"https:\/\/www.practicbcn.com\/ca\/#\/schema\/logo\/image\/"}},{"@type":"Person","@id":"https:\/\/www.practicbcn.com\/ca\/#\/schema\/person\/b1bf6fae906bb2caf24a3ed0699b35a1","name":"cantu","image":{"@type":"ImageObject","inLanguage":"ca","@id":"https:\/\/secure.gravatar.com\/avatar\/9bf69246e68f8fa9721cc29ec236bd9daee6f76dfca26b3ddd7625676a5c2f9c?s=96&d=mm&r=g","url":"https:\/\/secure.gravatar.com\/avatar\/9bf69246e68f8fa9721cc29ec236bd9daee6f76dfca26b3ddd7625676a5c2f9c?s=96&d=mm&r=g","contentUrl":"https:\/\/secure.gravatar.com\/avatar\/9bf69246e68f8fa9721cc29ec236bd9daee6f76dfca26b3ddd7625676a5c2f9c?s=96&d=mm&r=g","caption":"cantu"}}]}},"_links":{"self":[{"href":"https:\/\/www.practicbcn.com\/ca\/wp-json\/wp\/v2\/posts\/12773","targetHints":{"allow":["GET"]}}],"collection":[{"href":"https:\/\/www.practicbcn.com\/ca\/wp-json\/wp\/v2\/posts"}],"about":[{"href":"https:\/\/www.practicbcn.com\/ca\/wp-json\/wp\/v2\/types\/post"}],"author":[{"embeddable":true,"href":"https:\/\/www.practicbcn.com\/ca\/wp-json\/wp\/v2\/users\/3"}],"replies":[{"embeddable":true,"href":"https:\/\/www.practicbcn.com\/ca\/wp-json\/wp\/v2\/comments?post=12773"}],"version-history":[{"count":0,"href":"https:\/\/www.practicbcn.com\/ca\/wp-json\/wp\/v2\/posts\/12773\/revisions"}],"wp:featuredmedia":[{"embeddable":true,"href":"https:\/\/www.practicbcn.com\/ca\/wp-json\/wp\/v2\/media\/12758"}],"wp:attachment":[{"href":"https:\/\/www.practicbcn.com\/ca\/wp-json\/wp\/v2\/media?parent=12773"}],"wp:term":[{"taxonomy":"category","embeddable":true,"href":"https:\/\/www.practicbcn.com\/ca\/wp-json\/wp\/v2\/categories?post=12773"},{"taxonomy":"post_tag","embeddable":true,"href":"https:\/\/www.practicbcn.com\/ca\/wp-json\/wp\/v2\/tags?post=12773"}],"curies":[{"name":"wp","href":"https:\/\/api.w.org\/{rel}","templated":true}]}}